{"id":19180,"date":"2024-01-01T16:36:49","date_gmt":"2024-01-01T13:36:49","guid":{"rendered":"https:\/\/akdenizhaber.com.tr\/?p=19180"},"modified":"2024-01-01T16:36:50","modified_gmt":"2024-01-01T13:36:50","slug":"cumhuriyet-anne-yasama-veda-etti","status":"publish","type":"post","link":"https:\/\/akdenizhaber.com.tr\/index.php\/2024\/01\/01\/cumhuriyet-anne-yasama-veda-etti\/","title":{"rendered":"Cumhuriyet Anne ya\u015fama veda etti\u00a0\u00a0\u00a0\u00a0"},"content":{"rendered":"\n<p>Cumhuriyetin kurucusu B\u00fcy\u00fck Atat\u00fcrk\u2019\u00fcn Samsun\u2019a \u00e7\u0131kt\u0131\u011f\u0131 y\u0131l olan 1919\u2019da Finike\u2019de d\u00fcnyaya gelen ve Cumhuriyetin y\u00fcz\u00fcnc\u00fc y\u0131l\u0131n\u0131 g\u00f6ren \u2018Cumhuriyet Anne\u2019 H\u00f6r\u00fc \u00c7obano\u011flu, Cumhuriyetin 100\u2019\u00fcnc\u00fc y\u0131l\u0131 olan 2023\u2019\u00fcn son g\u00fcn\u00fcnde hayat\u0131n\u0131 kaybetti.<\/p>\n\n\n\n<p>Finike\u2019de 1919 y\u0131l\u0131nda d\u00fcnyaya gelen H\u00f6r\u00fc \u00c7obano\u011flu, Cumhuriyetin 100\u2019\u00fcnc\u00fc y\u0131l\u0131n\u0131n son g\u00fcn\u00fcnde hayata g\u00f6zlerini yumdu. Finike\u2019de \u2018Cumhuriyet Anne\u2019 olarak bilinen H\u00f6r\u00fc \u00c7obano\u011flu\u2019nun vefat\u0131 sonras\u0131 taziye mesaj\u0131 payla\u015fan Belediye Ba\u015fkan\u0131 Mustafa Geyik\u00e7i, \u201cAta\u2019m\u0131z\u0131n Samsun\u2019a \u00e7\u0131kt\u0131\u011f\u0131 y\u0131l do\u011fan Cumhuriyet Annemizi Cumhuriyetimizin 100\u2019\u00fcnc\u00fc y\u0131l\u0131nda kaybetmenin \u00fcz\u00fcnt\u00fcs\u00fcn\u00fc ya\u015f\u0131yoruz\u201d dedi.<\/p>\n\n\n\n<p>Cumhuriyet Anne H\u00f6r\u00fc \u00c7obano\u011flu\u2019nun T\u00fcrkiye Cumhuriyeti\u2019nin bir as\u0131rl\u0131k yolculu\u011funun tamam\u0131na \u015fahit oldu\u011funu dile getiren Ba\u015fkan Geyik\u00e7i, \u201cH\u00f6r\u00fc teyzemiz il\u00e7emizin bir sembol\u00fc. Sadece bizim de\u011fil Cumhuriyetimizin \u00f6nemli bir de\u011feri. 1919\u2019da do\u011fdu 2023\u2019\u00fcn son g\u00fcn\u00fcnde aram\u0131zdan ayr\u0131ld\u0131. Ruhu \u015fad olsun. Bize d\u00fc\u015fen bundan sonra O\u2019nu il\u00e7emizde ya\u015fatmak olacakt\u0131r\u201d ifadelerini kulland\u0131.<\/p>\n\n\n\n<p>(Haber Merkezi)<\/p>\n","protected":false},"excerpt":{"rendered":"<p>Cumhuriyetin kurucusu B\u00fcy\u00fck Atat\u00fcrk\u2019\u00fcn Samsun\u2019a \u00e7\u0131kt\u0131\u011f\u0131 y\u0131l olan 1919\u2019da Finike\u2019de d\u00fcnyaya gelen ve Cumhuriyetin y\u00fcz\u00fcnc\u00fc y\u0131l\u0131n\u0131 g\u00f6ren \u2018Cumhuriyet Anne\u2019 H\u00f6r\u00fc \u00c7obano\u011flu, Cumhuriyetin 100\u2019\u00fcnc\u00fc y\u0131l\u0131 olan <a href=\"https:\/\/akdenizhaber.com.tr\/index.php\/2024\/01\/01\/cumhuriyet-anne-yasama-veda-etti\/\" class=\"read-more-link\">[more&#8230;]<\/a><\/p>\n","protected":false},"author":2,"featured_media":19182,"comment_status":"open","ping_status":"open","sticky":false,"template":"","format":"standard","meta":{"footnotes":""},"categories":[2],"tags":[],"class_list":["post-19180","post","type-post","status-publish","format-standard","has-post-thumbnail","hentry","category-gundem"],"_links":{"self":[{"href":"https:\/\/akdenizhaber.com.tr\/index.php\/wp-json\/wp\/v2\/posts\/19180","targetHints":{"allow":["GET"]}}],"collection":[{"href":"https:\/\/akdenizhaber.com.tr\/index.php\/wp-json\/wp\/v2\/posts"}],"about":[{"href":"https:\/\/akdenizhaber.com.tr\/index.php\/wp-json\/wp\/v2\/types\/post"}],"author":[{"embeddable":true,"href":"https:\/\/akdenizhaber.com.tr\/index.php\/wp-json\/wp\/v2\/users\/2"}],"replies":[{"embeddable":true,"href":"https:\/\/akdenizhaber.com.tr\/index.php\/wp-json\/wp\/v2\/comments?post=19180"}],"version-history":[{"count":0,"href":"https:\/\/akdenizhaber.com.tr\/index.php\/wp-json\/wp\/v2\/posts\/19180\/revisions"}],"wp:featuredmedia":[{"embeddable":true,"href":"https:\/\/akdenizhaber.com.tr\/index.php\/wp-json\/wp\/v2\/media\/19182"}],"wp:attachment":[{"href":"https:\/\/akdenizhaber.com.tr\/index.php\/wp-json\/wp\/v2\/media?parent=19180"}],"wp:term":[{"taxonomy":"category","embeddable":true,"href":"https:\/\/akdenizhaber.com.tr\/index.php\/wp-json\/wp\/v2\/categories?post=19180"},{"taxonomy":"post_tag","embeddable":true,"href":"https:\/\/akdenizhaber.com.tr\/index.php\/wp-json\/wp\/v2\/tags?post=19180"}],"curies":[{"name":"wp","href":"https:\/\/api.w.org\/{rel}","templated":true}]}}