{"id":19149,"date":"2023-12-28T12:44:46","date_gmt":"2023-12-28T09:44:46","guid":{"rendered":"https:\/\/akdenizhaber.com.tr\/?p=19149"},"modified":"2023-12-28T12:44:46","modified_gmt":"2023-12-28T09:44:46","slug":"il-emniyet-mudurunden-yilsonu-toplantisi","status":"publish","type":"post","link":"https:\/\/akdenizhaber.com.tr\/index.php\/2023\/12\/28\/il-emniyet-mudurunden-yilsonu-toplantisi\/","title":{"rendered":"\u0130l Emniyet M\u00fcd\u00fcr\u00fcnden Y\u0131lsonu Toplant\u0131s\u0131"},"content":{"rendered":"\n<p><\/p>\n\n\n\n<p>\u0130l Emniyet M\u00fcd\u00fcr\u00fc Orhan \u00c7evik, Do\u011fu \u0130l\u00e7e Emniyet M\u00fcd\u00fcrl\u00fckleri ve Amirliklerinde g\u00f6revli personel ile ger\u00e7ekle\u015ftirilen toplant\u0131da bir araya geldi.<\/p>\n\n\n\n<p>\u00c7evik ; &#8221; \u00dclkemizin misafir odas\u0131nda g\u00f6rev yapman\u0131n bizlere getirdi\u011fi sorumlulu\u011fun fark\u0131nday\u0131z. Bizler, Mill\u00ee k\u00fclt\u00fcr\u00fcm\u00fcz\u00fcn ve de\u011ferlerimizin \u0131\u015f\u0131\u011f\u0131nda d\u00fcnyaya a\u00e7\u0131lan kap\u0131 olan ilimizde vatanda\u015flar\u0131m\u0131z\u0131n ve d\u00fcnyan\u0131n d\u00f6rt bir yan\u0131ndan gelen misafirlerimizin mevcut huzur ve g\u00fcvenli\u011fini korumak i\u00e7in \u00f6zveri ile g\u00f6rev yaparken bu huzur ortam\u0131na nifak tohumlar\u0131 ekerek halk\u0131m\u0131z\u0131 ayr\u0131\u015ft\u0131r\u0131p, misafirlerimizi tedirgin edecek hi\u00e7bir giri\u015fime f\u0131rsat vermeyece\u011fiz. 2024&#8217;e say\u0131l\u0131 g\u00fcnlerin kald\u0131\u011f\u0131 bug\u00fcnlerde <a href=\"https:\/\/www.facebook.com\/hashtag\/organizesu%C3%A7%C3%B6rg%C3%BCtlerine?__eep__=6&amp;__cft__%5b0%5d=AZUsUEhW2iRiTU4k-5wGgRSgZkdJqK7-bkQvYXVMRL3cb_M4ZlV7_ZTSZ2LhNx4aidkH4Iap0O3Hvl9Apw-DRNBmrxIaLnuhGAj709rAnzz34BhOsZBGmNtzEnBHT_uMmMovWafDuIrgeuK0wxPIdTRi8lqJUYOfZV2xHo5LKwxWBvsLD1GSUNUF2n_eRDOO0cQ&amp;__tn__=*NK-R\">&nbsp;Organize Su\u00e7 \u00d6rg\u00fctlerine<\/a>, <a href=\"https:\/\/www.facebook.com\/hashtag\/hert%C3%BCrl%C3%BCka%C3%A7ak%C3%A7%C4%B1l%C4%B1kfaaliyetlerine?__eep__=6&amp;__cft__%5b0%5d=AZUsUEhW2iRiTU4k-5wGgRSgZkdJqK7-bkQvYXVMRL3cb_M4ZlV7_ZTSZ2LhNx4aidkH4Iap0O3Hvl9Apw-DRNBmrxIaLnuhGAj709rAnzz34BhOsZBGmNtzEnBHT_uMmMovWafDuIrgeuK0wxPIdTRi8lqJUYOfZV2xHo5LKwxWBvsLD1GSUNUF2n_eRDOO0cQ&amp;__tn__=*NK-R\">&nbsp;her t\u00fcrl\u00fc ka\u00e7ak\u00e7\u0131l\u0131k faaliyetlerine<\/a>, vatanda\u015f\u0131m\u0131z\u0131n helal r\u0131zk\u0131na g\u00f6z diken <a href=\"https:\/\/www.facebook.com\/hashtag\/h%C4%B1rs%C4%B1za?__eep__=6&amp;__cft__%5b0%5d=AZUsUEhW2iRiTU4k-5wGgRSgZkdJqK7-bkQvYXVMRL3cb_M4ZlV7_ZTSZ2LhNx4aidkH4Iap0O3Hvl9Apw-DRNBmrxIaLnuhGAj709rAnzz34BhOsZBGmNtzEnBHT_uMmMovWafDuIrgeuK0wxPIdTRi8lqJUYOfZV2xHo5LKwxWBvsLD1GSUNUF2n_eRDOO0cQ&amp;__tn__=*NK-R\">&nbsp;H\u0131rs\u0131za<\/a>, <a href=\"https:\/\/www.facebook.com\/hashtag\/doland%C4%B1r%C4%B1c%C4%B1ya?__eep__=6&amp;__cft__%5b0%5d=AZUsUEhW2iRiTU4k-5wGgRSgZkdJqK7-bkQvYXVMRL3cb_M4ZlV7_ZTSZ2LhNx4aidkH4Iap0O3Hvl9Apw-DRNBmrxIaLnuhGAj709rAnzz34BhOsZBGmNtzEnBHT_uMmMovWafDuIrgeuK0wxPIdTRi8lqJUYOfZV2xHo5LKwxWBvsLD1GSUNUF2n_eRDOO0cQ&amp;__tn__=*NK-R\">Doland\u0131r\u0131c\u0131ya<\/a>, <a href=\"https:\/\/www.facebook.com\/hashtag\/tefeciye?__eep__=6&amp;__cft__%5b0%5d=AZUsUEhW2iRiTU4k-5wGgRSgZkdJqK7-bkQvYXVMRL3cb_M4ZlV7_ZTSZ2LhNx4aidkH4Iap0O3Hvl9Apw-DRNBmrxIaLnuhGAj709rAnzz34BhOsZBGmNtzEnBHT_uMmMovWafDuIrgeuK0wxPIdTRi8lqJUYOfZV2xHo5LKwxWBvsLD1GSUNUF2n_eRDOO0cQ&amp;__tn__=*NK-R\">Tefeciye<\/a> gelece\u011fimizi karartmalar\u0131na asla m\u00fcsaade etmeyece\u011fimizden <a href=\"https:\/\/www.facebook.com\/hashtag\/zehirtacirlerine?__eep__=6&amp;__cft__%5b0%5d=AZUsUEhW2iRiTU4k-5wGgRSgZkdJqK7-bkQvYXVMRL3cb_M4ZlV7_ZTSZ2LhNx4aidkH4Iap0O3Hvl9Apw-DRNBmrxIaLnuhGAj709rAnzz34BhOsZBGmNtzEnBHT_uMmMovWafDuIrgeuK0wxPIdTRi8lqJUYOfZV2xHo5LKwxWBvsLD1GSUNUF2n_eRDOO0cQ&amp;__tn__=*NK-R\">&nbsp;zehir tacirlerine<\/a> ve yasa d\u0131\u015f\u0131 olu\u015fum i\u00e7ine giren \u00f6rg\u00fctlerle m\u00fccadelemize ayn\u0131 \u015fekilde devam edece\u011fimizden \u015f\u00fcphem yok &#8221; dedi.<\/p>\n\n\n\n<p>(Haber Merkezi)<\/p>\n","protected":false},"excerpt":{"rendered":"<p>\u0130l Emniyet M\u00fcd\u00fcr\u00fc Orhan \u00c7evik, Do\u011fu \u0130l\u00e7e Emniyet M\u00fcd\u00fcrl\u00fckleri ve Amirliklerinde g\u00f6revli personel ile ger\u00e7ekle\u015ftirilen toplant\u0131da bir araya geldi. \u00c7evik ; &#8221; \u00dclkemizin misafir odas\u0131nda <a href=\"https:\/\/akdenizhaber.com.tr\/index.php\/2023\/12\/28\/il-emniyet-mudurunden-yilsonu-toplantisi\/\" class=\"read-more-link\">[more&#8230;]<\/a><\/p>\n","protected":false},"author":2,"featured_media":19150,"comment_status":"open","ping_status":"open","sticky":false,"template":"","format":"standard","meta":{"footnotes":""},"categories":[2],"tags":[],"class_list":["post-19149","post","type-post","status-publish","format-standard","has-post-thumbnail","hentry","category-gundem"],"_links":{"self":[{"href":"https:\/\/akdenizhaber.com.tr\/index.php\/wp-json\/wp\/v2\/posts\/19149","targetHints":{"allow":["GET"]}}],"collection":[{"href":"https:\/\/akdenizhaber.com.tr\/index.php\/wp-json\/wp\/v2\/posts"}],"about":[{"href":"https:\/\/akdenizhaber.com.tr\/index.php\/wp-json\/wp\/v2\/types\/post"}],"author":[{"embeddable":true,"href":"https:\/\/akdenizhaber.com.tr\/index.php\/wp-json\/wp\/v2\/users\/2"}],"replies":[{"embeddable":true,"href":"https:\/\/akdenizhaber.com.tr\/index.php\/wp-json\/wp\/v2\/comments?post=19149"}],"version-history":[{"count":0,"href":"https:\/\/akdenizhaber.com.tr\/index.php\/wp-json\/wp\/v2\/posts\/19149\/revisions"}],"wp:featuredmedia":[{"embeddable":true,"href":"https:\/\/akdenizhaber.com.tr\/index.php\/wp-json\/wp\/v2\/media\/19150"}],"wp:attachment":[{"href":"https:\/\/akdenizhaber.com.tr\/index.php\/wp-json\/wp\/v2\/media?parent=19149"}],"wp:term":[{"taxonomy":"category","embeddable":true,"href":"https:\/\/akdenizhaber.com.tr\/index.php\/wp-json\/wp\/v2\/categories?post=19149"},{"taxonomy":"post_tag","embeddable":true,"href":"https:\/\/akdenizhaber.com.tr\/index.php\/wp-json\/wp\/v2\/tags?post=19149"}],"curies":[{"name":"wp","href":"https:\/\/api.w.org\/{rel}","templated":true}]}}