{"id":19143,"date":"2023-12-28T12:43:22","date_gmt":"2023-12-28T09:43:22","guid":{"rendered":"https:\/\/akdenizhaber.com.tr\/?p=19143"},"modified":"2023-12-28T12:43:22","modified_gmt":"2023-12-28T09:43:22","slug":"baskan-bahar-sorun-asgari-ucret-degil-yaygin-olmasi","status":"publish","type":"post","link":"https:\/\/akdenizhaber.com.tr\/index.php\/2023\/12\/28\/baskan-bahar-sorun-asgari-ucret-degil-yaygin-olmasi\/","title":{"rendered":"Ba\u015fkan Bahar: \u201cSorun Asgari \u00dccret De\u011fil Yayg\u0131n Olmas\u0131\u201d"},"content":{"rendered":"\n<p><\/p>\n\n\n\n<p>Asgari \u00fccretin ne olaca\u011f\u0131ndan \u00e7ok iyile\u015fmeye y\u00f6nelik ad\u0131mlar at\u0131lmas\u0131 gerekti\u011fini belirten ATSO Ba\u015fkan\u0131 Ali Bahar, \u201c\u00dclkemizde asgari \u00fccret konusundaki en b\u00fcy\u00fck sorun \u00fccretin ne olaca\u011f\u0131ndan ziyade, asgari \u00fccretin yayg\u0131nl\u0131\u011f\u0131nda ki foto\u011fraft\u0131r.\u201d<\/p>\n\n\n\n<p>Antalya Ticaret ve Sanayi Odas\u0131 (ATSO) Aral\u0131k Ay\u0131 Ola\u011fan Meclis toplant\u0131s\u0131, Y\u00f6netim Kurulu Ba\u015fkan\u0131 Ali Bahar, y\u00f6netim kurulu ve meclis \u00fcyelerinin kat\u0131l\u0131m\u0131yla ger\u00e7ekle\u015fti. Toplant\u0131, Pen\u00e7e- Kilit Harek\u00e2t\u0131nda \u015fehit d\u00fc\u015fen 12 askerimiz i\u00e7in, sayg\u0131 duru\u015fu ve \u0130stiklal Mar\u015f\u0131 okunmas\u0131yla ba\u015flad\u0131. ATSO&#8217;nun 2023 y\u0131l\u0131 son meclisinde asgari \u00fccret, 2024 y\u0131l\u0131 beklentileri, Merkez Bankas\u0131\u2019n\u0131n politika faiz art\u0131r\u0131m\u0131 ve trafik sorunu ba\u015fta olmak \u00fczere i\u015f d\u00fcnyas\u0131 ve kent g\u00fcndemine ili\u015fkin de\u011ferlendirmelerde bulunan ATSO Ba\u015fkan\u0131 Ali Bahar, Korkuteli OSB&#8217;de gelinen son noktada mevcut kapasitenin d\u00f6rt kat\u0131 kadar yat\u0131r\u0131m ve tahsis ba\u015fvurusu ald\u0131klar\u0131n\u0131 kaydetti. Ba\u015fkan Bahar, \u201cBu ilgi ve talep Korkuteli OSB&#8217;yi mermer ihtisas OSB&#8217;den karma OSB&#8217;ye d\u00f6n\u00fc\u015ft\u00fcrmenin ne kadar do\u011fru bir karar oldu\u011funu \u00e7ok net bir \u015fekilde ortaya koyuyor. Tahsis prensipleri, birim fiyatlar\u0131, uzun vadeli tahsis \u00f6deme planlar\u0131, tahmini yat\u0131r\u0131m b\u00fct\u00e7esi ve gelir-gider b\u00fct\u00e7esi netle\u015fti. Tahsis talebi yapan firmalar ile \u00f6n tahsis protokol\u00fc \u00fczerinden g\u00f6r\u00fc\u015fmelere ba\u015fland\u0131&#8221; dedi.<\/p>\n\n\n\n<p>\u201cBA\u015eIMIZ SA\u011e OLSUN\u201d<\/p>\n\n\n\n<p>ATSO Y\u00f6netim Kurulu Ba\u015fkan\u0131 Ali Bahar, \u201cT\u00fcrkiye\u2019ye kalbimize maalesef \u015fehit ate\u015fi d\u00fc\u015ft\u00fc. Pen\u00e7e &#8211; Kilit Harek\u00e2t\u0131nda \u00fcst b\u00f6lgeye s\u0131zmaya \u00e7al\u0131\u015fan ter\u00f6ristlerle \u00e7\u0131kan \u00e7at\u0131\u015fmada \u015fehit d\u00fc\u015fen askerlerimize, Allah\u2019tan rahmet, ailelerine ve b\u00fct\u00fcn milletimize ba\u015fsa\u011fl\u0131\u011f\u0131 diliyorum. Ter\u00f6rist katilleri lanetliyorum. Ter\u00f6rle m\u00fccadelenin siyaset \u00fcst\u00fc bir beraberlikle ba\u015far\u0131ya ula\u015faca\u011f\u0131na, y\u00fcrekten inan\u0131yorum\u201d diye konu\u015ftu.<\/p>\n\n\n\n<p>BU B\u0130ZE G\u00dcVEN\u0130N\u0130Z\u0130N B\u0130R G\u00d6STERGES\u0130<\/p>\n\n\n\n<p>ATSO Aral\u0131k Ay\u0131 Meclis Toplant\u0131s\u0131nda, ATSO\u2019nun 2024 y\u0131l\u0131 b\u00fct\u00e7esi de g\u00f6r\u00fc\u015f\u00fcld\u00fc. 354 milyon 501 bin lira olarak belirlenen b\u00fct\u00e7e oy birli\u011fi ile kabul edildi. B\u00fct\u00e7enin olu\u015fturulmas\u0131nda eme\u011fi ge\u00e7en isimlere te\u015fekk\u00fcr eden Ba\u015fkan Bahar, \u201c2024 b\u00fct\u00e7emiz hepimize hay\u0131rl\u0131 olsun. Oy birli\u011fiyle ge\u00e7mesinden dolay\u0131 y\u00f6netim olarak bunun keyfiyetini ya\u015f\u0131yoruz, bu bize g\u00fcveninizin bir g\u00f6stergesi\u201d dedi.&nbsp;<\/p>\n\n\n\n<p>ASGAR\u0130 \u00dcCRETTEK\u0130 EN B\u00dcY\u00dcK SORUN<\/p>\n\n\n\n<p>Asgari \u00fccret konusunun 3 ba\u015fl\u0131kta analiz edilmesi gerekti\u011fini kaydeden ATSO Ba\u015fkan\u0131 Ali Bahar konu\u015fmas\u0131n\u0131 \u015f\u00f6yle s\u00fcrd\u00fcrd\u00fc;<\/p>\n\n\n\n<p>\u201cAsgari \u00fccret tespiti T\u00fcrkiye i\u00e7in sadece bug\u00fcn de\u011fil, her zaman \u00f6nemli bir s\u00fcre\u00e7. Ancak son y\u0131llarda, t\u0131rmanan enflasyon ve hayat pahal\u0131l\u0131\u011f\u0131 nedeniyle daha kritik bir \u00f6neme sahip. \u00c7ok de\u011fil, bundan tam iki y\u0131l \u00f6nce 1 Ocak 2022\u2019de net asgari \u00fccret 2 bin 825 liradan 5 bin 500 liraya y\u00fckseltilmi\u015fti. Bug\u00fcn 15-16 bin liralar\u0131 konu\u015fuyoruz. \u0130kincisi, asgari \u00fccretin yayg\u0131nl\u0131\u011f\u0131, yani asgari \u00fccret ya da buna yak\u0131n \u00fccret alanlar\u0131n say\u0131s\u0131 \u00e7ok y\u00fcksek. T\u00fcrkiye\u2019de kamu ve \u00f6zel sekt\u00f6rde 32 milyona yak\u0131na yak\u0131n \u00e7al\u0131\u015fan var. Bunlar\u0131n yar\u0131ya yak\u0131n bir k\u0131sm\u0131 ya asgari \u00fccret, ya da bir miktar \u00fcst\u00fcnde kazan\u0131yor. Yani asgari dedi\u011fimiz \u00fccret asl\u0131nda \u00fclkenin yar\u0131s\u0131n\u0131n ald\u0131\u011f\u0131 \u00fccret. Bence \u00fclkemizde asgari \u00fccret konusundaki en b\u00fcy\u00fck sorun, \u00fccretin ne olaca\u011f\u0131ndan ziyade, asgari \u00fccretin yayg\u0131nl\u0131\u011f\u0131nda ki foto\u011fraft\u0131r. \u00dc\u00e7\u00fcnc\u00fcs\u00fc ise asgari \u00fccretli olmayanlar\u0131n da, bundan \u00e7ok daha y\u00fcksek \u00fccretler almamas\u0131d\u0131r.\u201d<\/p>\n\n\n\n<p>ASGAR\u0130 \u00dcCRETTE \u0130Y\u0130LE\u015eT\u0130RMEYE G\u0130D\u0130LMEL\u0130<\/p>\n\n\n\n<p>\u00dclke olarak asgari \u00fccretin ne olaca\u011f\u0131ndan \u00e7ok iyile\u015fmeye y\u00f6nelik ad\u0131mlar\u0131n at\u0131lmas\u0131 gerekti\u011fini dile getiren Ba\u015fkan Bahar, \u201cBiliyorsunuz ekonomimizdeki en b\u00fcy\u00fck sorun, enflasyon ve ekonomi y\u00f6netimimiz bu soruna odaklanm\u0131\u015f durumda. Gerek faiz art\u0131\u015flar\u0131, gerek makro ihtiyati ara\u00e7lar ile enflasyonda son birka\u00e7 ayda olumlu i\u015faretler al\u0131yoruz. Bunun devam\u0131 hepimizin birinci \u00f6nceli\u011fi olmal\u0131. Ne zaman enflasyonla m\u00fccadelede ba\u015far\u0131l\u0131 olursak, o zaman ger\u00e7ek b\u00fcy\u00fcmeden ve kalk\u0131nmadan bahsedebiliriz. Yeni asgari \u00fccret ile Ocak ay\u0131nda hemen her t\u00fcr mal ve hizmette fiyat art\u0131\u015flar\u0131 ya\u015fanacak\u201d diye konu\u015ftu.<\/p>\n\n\n\n<p>YILDA B\u0130R KEZ ARTI\u015eI DESTEKL\u0130YORUZ<\/p>\n\n\n\n<p>Asgari \u00fccret art\u0131\u015f\u0131 konusunda enflasyonu besleyen \u00fc\u00e7 ana damarlar\u0131 olu\u015fturan \u00fccret art\u0131\u015f\u0131, kur art\u0131\u015f\u0131 ve reel talep art\u0131\u015f\u0131ndan son iki damar\u0131n k\u0131smen kontrol alt\u0131na al\u0131nm\u0131\u015f durumda oldu\u011funu vurgulayan Bahar, \u201cBu nedenle \u00f6n\u00fcm\u00fczdeki aylarda sadece \u00fccretler kanal\u0131ndan enflasyona g\u00fc\u00e7l\u00fc etki gelecek. Bu y\u0131l bir ara zam olmayaca\u011f\u0131 daha \u00f6nce a\u00e7\u0131kland\u0131. Bu nedenle 2024\u2019\u00fcn Temmuz ay\u0131ndan itibaren enflasyonda h\u0131zl\u0131 bir gerileme g\u00f6rece\u011fiz. Bu a\u00e7\u0131dan biz asgari \u00fccrette y\u0131lda bir kez art\u0131\u015f yap\u0131lmas\u0131n\u0131 destekliyoruz. Tabi i\u015fin bir de k\u00fcresel rekabet boyutu var. \u015eimdi asgari \u00fccrete y\u00fczde 40 zam gelirse, i\u015fverene maliyet dolar baz\u0131nda 800 dolara yakla\u015fm\u0131\u015f olacak ki; bu \u015fimdiye dek \u015fahsen benim g\u00f6rd\u00fc\u011f\u00fcm en y\u00fcksek dolar bazl\u0131 maliyet olacak. Tekstil, haz\u0131r giyim, mobilya gibi sekt\u00f6rlerimizin d\u0131\u015f ticareti, hem ihracat hem ithalat boyutunda bundan olumsuz etkilenecek. Asgari \u00fccret d\u00fczeyi maalesef bu sekt\u00f6rlerde kay\u0131t d\u0131\u015f\u0131l\u0131\u011f\u0131 da art\u0131rabilir\u201d diye konu\u015ftu.<\/p>\n\n\n\n<p>TRAF\u0130K SORUNU \u0130ST\u0130HDAMI ETK\u0130L\u0130YOR<\/p>\n\n\n\n<p>Antalya\u2019daki ara\u00e7 say\u0131s\u0131n\u0131n T\u00fcrkiye ortalamas\u0131ndan \u00e7ok daha h\u0131zl\u0131 bir bi\u00e7imde artt\u0131\u011f\u0131n kaydeden ATSO Ba\u015fkan\u0131 Ali Bahar, \u201cOS\u0130AD ile ger\u00e7ekle\u015ftirdi\u011fimiz toplant\u0131da, her ge\u00e7en g\u00fcn yo\u011funla\u015fan trafik nedeniyle, Antalya OSB\u2019deki kad\u0131n istihdam\u0131nda ciddi d\u00fc\u015f\u00fc\u015fler ya\u015fand\u0131\u011f\u0131, gerek mesai ba\u015flang\u0131c\u0131 ve gerekse bitiminde ya\u015fanan verim kayb\u0131, insani ya\u015fam ko\u015fullar\u0131n\u0131n trafik nedeniyle ortadan kalkmas\u0131, konu\u015fulan en \u00f6nemli, \u00e7arp\u0131c\u0131 ve dikkat \u00e7ekici konular\u0131n ba\u015f\u0131ndayd\u0131. Antalya\u2019daki ara\u00e7 say\u0131s\u0131 T\u00fcrkiye ortalamas\u0131ndan \u00e7ok daha h\u0131zl\u0131 bir bi\u00e7imde art\u0131yor. 2005\u2019te 500 bin olan Antalya\u2019daki ara\u00e7 say\u0131s\u0131, 2017\u2019de 1 milyonu a\u015ft\u0131. Bug\u00fcn ise Antalya\u2019ya kay\u0131tl\u0131 1,4 milyon ara\u00e7 var\u201d dedi.<\/p>\n\n\n\n<p>TRAF\u0130K SORUNUNUN \u00c7\u00d6Z\u00dcM\u00dc BELED\u0130YEDEN EN B\u00dcY\u00dcK BEKLENT\u0130M\u0130Z<\/p>\n\n\n\n<p>T\u00fcrkiye\u2019deki her 20 ara\u00e7tan birinin Antalya\u2019da oldu\u011funu belirten Ba\u015fkan Bahar, \u201cYollar\u0131m\u0131z\u0131 ve otoparklar\u0131m\u0131z\u0131 dikkate ald\u0131\u011f\u0131m\u0131zda bu \u00e7ok y\u00fcksek bir oran. \u0130stanbul, Ankara ve \u0130zmir\u2019den sonra T\u00fcrkiye\u2019deki en fazla ara\u00e7 kentimizde. T\u00fcrkiye genelinde 1000 ki\u015fi ba\u015f\u0131na 332 ara\u00e7 d\u00fc\u015ferken, bu oran Antalya\u2019da 532.&nbsp; N\u00fcfusa oranlad\u0131\u011f\u0131m\u0131zda Mu\u011fla ve Burdur\u2019dan sonra ara\u00e7 yo\u011funlu\u011funun en y\u00fcksek oldu\u011fu il yine biziz. Antalya do\u011fal n\u00fcfus art\u0131\u015f\u0131n\u0131n yan\u0131nda her y\u0131l yurti\u00e7inden ve d\u0131\u015f\u0131ndan 30-40 bin ki\u015filik g\u00f6\u00e7 al\u0131yor\u201d diye konu\u015ftu. Artan turist say\u0131s\u0131 nedeniyle ara\u00e7 talebinin y\u00fckseldi\u011fine dikkati \u00e7eken Bahar, \u201cAncak bu g\u00fczel \u015fehrin ya\u015fanabilirli\u011fini korumak i\u00e7in, hava kirlili\u011fini engellemek i\u00e7in, trafik sorununun \u00e7\u00f6z\u00fclmesi gerekiyor. \u00d6n\u00fcm\u00fczdeki belediye se\u00e7imleri tamamland\u0131ktan sonra, Antalya B\u00fcy\u00fck\u015fehir Belediyesi\u2019nden en b\u00fcy\u00fck beklentimizin bu olmas\u0131 gerekti\u011fini d\u00fc\u015f\u00fcn\u00fcyorum\u201d ifadelerini kulland\u0131.<\/p>\n\n\n\n<p>SANAY\u0130 ODAKLI B\u00dcY\u00dcME MEMNUN\u0130YET VER\u0130C\u0130<\/p>\n\n\n\n<p>T\u00fcrkiye ekonomisinin \u00fc\u00e7\u00fcnc\u00fc \u00e7eyrekte y\u0131ll\u0131k bazda y\u00fczde 5,9 b\u00fcy\u00fcmesine i\u015faret eden Ba\u015fkan Ali Bahar, \u201cB\u00f6ylece b\u00fcy\u00fcme h\u0131z\u0131m\u0131z son be\u015f \u00e7eyre\u011fin en y\u00fcksek d\u00fczeyine ula\u015ft\u0131. Sekt\u00f6rel olarak bakt\u0131\u011f\u0131m\u0131zda tar\u0131m sekt\u00f6r\u00fcn\u00fcn binde 3, sanayi sekt\u00f6r\u00fcn\u00fcn y\u00fczde 5.7, in\u015faat sekt\u00f6r\u00fcn\u00fcn y\u00fczde 8,1, hizmetler sekt\u00f6r\u00fcn\u00fcn y\u00fczde 4.3 b\u00fcy\u00fcd\u00fc\u011f\u00fcn\u00fc g\u00f6r\u00fcyoruz. Tar\u0131m haricindeki b\u00fcy\u00fcme oranlar\u0131 gayet memnuniyet verici. Sanayi sekt\u00f6r\u00fcn\u00fcn d\u00f6rt \u00e7eyrek daralmadan sonra, yeniden b\u00fcy\u00fcmeye ge\u00e7mesi olumlu bir g\u00f6stergedir\u201d dedi. Hizmetler sekt\u00f6r\u00fcn\u00fcn son 11 \u00e7eyre\u011fin en yava\u015f b\u00fcy\u00fcmesini ger\u00e7ekle\u015ftirmesine i\u015faret eden Bahar, \u201c\u00dcretime dayal\u0131 b\u00fcy\u00fcme ideali a\u00e7\u0131s\u0131ndan ba\u015fka bir olumlu i\u015faret. 3 y\u0131l aradan sonra ilk kez sanayi sekt\u00f6r\u00fc hizmetlerden daha y\u00fcksek bir b\u00fcy\u00fcme h\u0131z\u0131 performans\u0131 g\u00f6sterdi. Dikkat ederseniz, ge\u00e7mi\u015fte de i\u015faret etti\u011fimiz sanayi odakl\u0131 b\u00fcy\u00fcme, sa\u011fl\u0131kl\u0131 b\u00fcy\u00fcmenin g\u00f6stergesidir\u201d diye konu\u015ftu.<\/p>\n\n\n\n<p>EKONOM\u0130 POL\u0130T\u0130KALARINA G\u00dcVEN \u0130\u015eARET\u0130<\/p>\n\n\n\n<p>Merkez Bankas\u0131\u2019n\u0131n politika faizine de\u011finen Ba\u015fkan Bahar, \u201cHepimizin bekledi\u011fi gibi y\u00fczde 42,5\u2019e y\u00fckseltti ve faiz art\u0131\u015flar\u0131nda sona yakla\u015ft\u0131\u011f\u0131m\u0131z\u0131 a\u00e7\u0131k a\u00e7\u0131k ifade etti. B\u00fcy\u00fck olas\u0131l\u0131kla \u00f6n\u00fcm\u00fczdeki ay y\u00fczde 45 ile art\u0131r\u0131m s\u00fcreci tamamlanm\u0131\u015f olacak. Bundan sonra faiz d\u0131\u015f\u0131 enstr\u00fcmanlar ile para politikas\u0131ndaki s\u0131k\u0131la\u015fman\u0131n devam etmesini bekliyoruz. Merkez Bankas\u0131na y\u00f6nelik takip etti\u011fimiz g\u00f6stergelerden biri de d\u00f6viz rezervleri. Br\u00fct rezervlerimizde g\u00f6zle g\u00f6r\u00fcl\u00fcr bir art\u0131\u015f var, bu ekonomi politikalar\u0131na g\u00fcven i\u015faretidir. Ancak swaplar hari\u00e7, net d\u00f6viz rezervlerimizde bu iyile\u015fmeyi tam olarak g\u00f6remiyoruz. Piyasada, Merkez Bankas\u0131n\u0131n, ticari bankalara TL verirken d\u00f6viz kar\u015f\u0131l\u0131\u011f\u0131 swap i\u015flemi yapt\u0131\u011f\u0131 ve br\u00fct rezervlerin bu yolla art\u0131r\u0131ld\u0131\u011f\u0131na dair emareler var\u201d dedi.<\/p>\n\n\n\n<p>F\u0130RMALAR F\u0130NANS Y\u00dcK\u00dc ALTINA G\u0130R\u0130YOR<\/p>\n\n\n\n<p>TBMM\u2019de g\u00f6r\u00fc\u015f\u00fclen \u2018Torba Kanun\u2019a dikkati \u00e7eken Bahar, ger\u00e7ekle\u015fecek d\u00fczenleme ile firmalara hem kendileri taraf\u0131ndan tevkif edilen hem de kendilerinden tevkif edilen KDV&#8217;den dolay\u0131 bir sorumluluk getirildi\u011fine dikkat \u00e7ekti. Bahar, \u201cAncak burada vadeli sat\u0131\u015flar\u0131n g\u00f6z ard\u0131 edilmesi gibi bir durum s\u00f6z konusu. E\u011fer endi\u015felerimiz do\u011fruysa, vadeli sat\u0131\u015flarda KDV tutar\u0131n\u0131n tevkif edilen k\u0131sm\u0131n\u0131n, 90 g\u00fcn beklenmeden tahsil edilmesi gibi bir durum ortaya \u00e7\u0131k\u0131yor. Firmalar b\u00fcy\u00fck bir finans y\u00fck\u00fc alt\u0131na girdikleri gibi, hem kendileri taraf\u0131ndan tevkif edilen KDV\u2019den, hem de kendilerinden tevkif edilen KDV\u2019den sorumlu oluyor. Bu hatadan bir an \u00f6nce d\u00f6n\u00fclmesini bekliyoruz. Maalesef burada b\u00fcy\u00fck bir hakkaniyetsizlik olu\u015facak. Finans\u0131n bu kadar pahal\u0131 ve zor bulundu\u011fu bir konumda, b\u00f6yle bir y\u00fck ta\u015f\u0131nmas\u0131 \u00e7ok zor bir y\u00fckt\u00fcr\u201d diye konu\u015ftu.<\/p>\n\n\n\n<p>G\u00dcNDEME GET\u0130RD\u0130\u011e\u0130M\u0130Z HER SORUN \u00c7\u00d6Z\u00dcME KAVU\u015eUYOR<\/p>\n\n\n\n<p>ATSO olarak g\u00fcndeme getirdikleri pek \u00e7ok sorunun \u00e7\u00f6z\u00fcme kavu\u015ftu\u011funa i\u015faret eden ba\u015fkan Ali Bahar, \u201cSon olarak anonim \u015firketlerde avukat bulundurma zorunlulu\u011fu ile ilgili asgari sermayenin art\u0131r\u0131lmas\u0131na ili\u015fkin talebimiz kar\u015f\u0131l\u0131k buldu. 250 bin TL \u00fcst\u00fc asgari sermayesi olan \u015firketlere getirilen avukat bulundurma zorunlulu\u011fu, 1 Ocak 2024 tarihinden itibaren 1 milyon 250 bin TL ve \u00fczeri olarak d\u00fczenlendi. Ge\u00e7en hafta BDDK\u2019dan da yeni bir revizyon geldi. Bankalarca verilecek nakdi ve gayri nakdi krediler i\u00e7in m\u00fc\u015fterilerden al\u0131nan hesap durum belgesinde s\u0131n\u0131r, 2 milyon liradan 5 milyon liraya \u00e7\u0131kar\u0131ld\u0131.&nbsp; Yani \u015firketlerimiz hesap durum belgesini bundan sonra 5 milyon liran\u0131n \u00fczerindeki krediler i\u00e7in bankalara sunacak. Bu da \u00f6nemle dile getirdi\u011fimiz bir konuydu\u201d ifadelerini kulland\u0131.&nbsp;<\/p>\n\n\n\n<p>AYRI\u015eMA DE\u011e\u0130L AZAM\u0130 M\u00dc\u015eTEREKTE BULU\u015eMA ZAMANI<\/p>\n\n\n\n<p>Antalya\u2019n\u0131n son iki y\u0131lda T\u00fcrkiye\u2019nin en h\u0131zl\u0131 b\u00fcy\u00fcyen ili olarak y\u00fcksek g\u00f6\u00e7 ald\u0131\u011f\u0131n\u0131 belirten Bahar, s\u00f6zlerini \u015f\u00f6yle s\u00fcrd\u00fcrd\u00fc; \u201cYani ekmek b\u00fcy\u00fcyor ama ekme\u011fi payla\u015fanlar\u0131n say\u0131s\u0131 da bir o kadar art\u0131yor.&nbsp; Bu bir s\u00fcre sonra s\u0131radanla\u015fmay\u0131, tabiri caizse vasatl\u0131\u011f\u0131 beraberinde getirebilir, i\u015fte buna \u00f6nlemler almal\u0131, yetmez kal\u0131c\u0131, uzun vadeli, vizyoner projeler, geli\u015ftirmeliyiz. Bak\u0131n bir tane Antalya var ve hepimiz bu topraktan besleniyoruz. ATSO \u00fcyeleri olarak, her birimiz farkl\u0131 bak\u0131\u015f a\u00e7\u0131lar\u0131na sahip olabiliriz, ancak t\u00fcm bu g\u00f6r\u00fc\u015fler, i\u015f d\u00fcnyam\u0131z\u0131n geli\u015fimine katk\u0131da bulunma amac\u0131n\u0131 ta\u015f\u0131maktad\u0131r. Zaman asgari m\u00fc\u015fterekte ayr\u0131\u015fma de\u011fil, azami m\u00fc\u015fterekte bulu\u015fma zaman\u0131d\u0131r. B\u00fct\u00fcn sihir de i\u015fte bu niyette, bu c\u00fcmlededir.\u201d<\/p>\n\n\n\n<p>2024\u2019TE \u0130Y\u0130LE\u015eMELER\u0130 G\u00d6RMEYE BA\u015eLAYACA\u011eIZ<\/p>\n\n\n\n<p>ATSO Ba\u015fkan\u0131 Ali Bahar, \u201cArkada\u015flar \u00fclke olarak k\u00f6t\u00fc ba\u015flad\u0131\u011f\u0131m\u0131z y\u0131l\u0131, ba\u015flad\u0131\u011f\u0131m\u0131zdan daha iyi bir noktada tamaml\u0131yoruz. Antalya olarak, pek \u00e7ok a\u00e7\u0131dan di\u011fer illerimizden daha iyi bir d\u00f6nem ge\u00e7irdik. \u00d6nc\u00fc veriler ekonomimizde normalle\u015fme s\u00fcrecinin devam etti\u011fini g\u00f6steriyor. Gelecek y\u0131l bug\u00fcnlerde enflasyonda zoru ge\u00e7mi\u015f olaca\u011f\u0131z. Turizm a\u00e7\u0131s\u0131ndan in\u015fallah yine g\u00fczel bir y\u0131l olacak. \u0130hracat i\u00e7in 2023\u2019ten daha iyi bir d\u00f6nem bizi bekliyor. Bu iyile\u015fmeleri 2024\u2019\u00fcn ikinci yar\u0131s\u0131nda g\u00f6rmeye ba\u015flayaca\u011f\u0131z. 2024\u2019\u00fcn \u00fclkemize, milletimize, Antalya\u2019ya, hem\u015ferilerimize, \u00fcyelerimize, siz de\u011ferli Meclisimize ve ailelerimize hay\u0131rlar getirmesini, bereket getirmesini can-\u0131 g\u00f6n\u00fclden diliyorum\u201d ifadelerini kulland\u0131.<\/p>\n\n\n\n<p>Antalya Ticaret ve Sanayi Odas\u0131 \/ B\u00fclten<\/p>\n","protected":false},"excerpt":{"rendered":"<p>Asgari \u00fccretin ne olaca\u011f\u0131ndan \u00e7ok iyile\u015fmeye y\u00f6nelik ad\u0131mlar at\u0131lmas\u0131 gerekti\u011fini belirten ATSO Ba\u015fkan\u0131 Ali Bahar, \u201c\u00dclkemizde asgari \u00fccret konusundaki en b\u00fcy\u00fck sorun \u00fccretin ne olaca\u011f\u0131ndan <a href=\"https:\/\/akdenizhaber.com.tr\/index.php\/2023\/12\/28\/baskan-bahar-sorun-asgari-ucret-degil-yaygin-olmasi\/\" class=\"read-more-link\">[more&#8230;]<\/a><\/p>\n","protected":false},"author":2,"featured_media":19144,"comment_status":"open","ping_status":"open","sticky":false,"template":"","format":"standard","meta":{"footnotes":""},"categories":[2],"tags":[],"class_list":["post-19143","post","type-post","status-publish","format-standard","has-post-thumbnail","hentry","category-gundem"],"_links":{"self":[{"href":"https:\/\/akdenizhaber.com.tr\/index.php\/wp-json\/wp\/v2\/posts\/19143","targetHints":{"allow":["GET"]}}],"collection":[{"href":"https:\/\/akdenizhaber.com.tr\/index.php\/wp-json\/wp\/v2\/posts"}],"about":[{"href":"https:\/\/akdenizhaber.com.tr\/index.php\/wp-json\/wp\/v2\/types\/post"}],"author":[{"embeddable":true,"href":"https:\/\/akdenizhaber.com.tr\/index.php\/wp-json\/wp\/v2\/users\/2"}],"replies":[{"embeddable":true,"href":"https:\/\/akdenizhaber.com.tr\/index.php\/wp-json\/wp\/v2\/comments?post=19143"}],"version-history":[{"count":0,"href":"https:\/\/akdenizhaber.com.tr\/index.php\/wp-json\/wp\/v2\/posts\/19143\/revisions"}],"wp:featuredmedia":[{"embeddable":true,"href":"https:\/\/akdenizhaber.com.tr\/index.php\/wp-json\/wp\/v2\/media\/19144"}],"wp:attachment":[{"href":"https:\/\/akdenizhaber.com.tr\/index.php\/wp-json\/wp\/v2\/media?parent=19143"}],"wp:term":[{"taxonomy":"category","embeddable":true,"href":"https:\/\/akdenizhaber.com.tr\/index.php\/wp-json\/wp\/v2\/categories?post=19143"},{"taxonomy":"post_tag","embeddable":true,"href":"https:\/\/akdenizhaber.com.tr\/index.php\/wp-json\/wp\/v2\/tags?post=19143"}],"curies":[{"name":"wp","href":"https:\/\/api.w.org\/{rel}","templated":true}]}}