{"id":19134,"date":"2023-12-28T12:39:54","date_gmt":"2023-12-28T09:39:54","guid":{"rendered":"https:\/\/akdenizhaber.com.tr\/?p=19134"},"modified":"2023-12-28T12:39:55","modified_gmt":"2023-12-28T09:39:55","slug":"konyaalti-belediyesi-iki-noktada-yilbasi-carsisi-kurdu","status":"publish","type":"post","link":"https:\/\/akdenizhaber.com.tr\/index.php\/2023\/12\/28\/konyaalti-belediyesi-iki-noktada-yilbasi-carsisi-kurdu\/","title":{"rendered":"Konyaalt\u0131 Belediyesi iki noktada y\u0131lba\u015f\u0131 \u00e7ar\u015f\u0131s\u0131 kurdu"},"content":{"rendered":"\n<p><\/p>\n\n\n\n<p>Konyaalt\u0131 Belediyesi\u2019nin her y\u0131l farkl\u0131 noktalarda kurdu\u011fu ve el eme\u011fi \u00fcr\u00fcnlerin sergilendi\u011fi Y\u0131lba\u015f\u0131 \u00c7ar\u015f\u0131s\u0131, bu y\u0131l HayatPark ve Kad\u0131n Emek Pazar\u0131 i\u00e7erisinde kuruldu. Hem \u00e7ocuk hem de yeti\u015fkinler i\u00e7in binlerce \u00fcr\u00fcn\u00fcn yer ald\u0131\u011f\u0131 d\u00fckkanlar yo\u011fun ilgi g\u00f6r\u00fcyor.<\/p>\n\n\n\n<p>Konyaalt\u0131 Belediyesi, yeni y\u0131la \u00f6zel y\u0131lba\u015f\u0131 \u00e7ar\u015f\u0131s\u0131 kurdu. Ge\u00e7ti\u011fimiz y\u0131l belediye hizmet binas\u0131 \u00f6n\u00fcnde kurulan \u00e7ar\u015f\u0131, bu y\u0131l HayatPark\u2019ta kuruldu. \u00c7ar\u015f\u0131da, hem \u00e7ocuk hem de yeti\u015fkinler i\u00e7in birbirinden renkli binlerce el eme\u011fi \u00fcr\u00fcn sat\u0131\u015fa sunuldu. Tak\u0131, seramik, tekstil, oyuncak ve y\u0131lba\u015f\u0131na \u00f6zel \u00e7e\u015fitli \u00fcr\u00fcnlerin yer ald\u0131\u011f\u0131 stantlar g\u00fcn boyu vatanda\u015flar\u0131n yo\u011fun ilgisiyle kar\u015f\u0131la\u015f\u0131yor. HayatPark\u2019ta kurulan \u00e7ar\u015f\u0131n\u0131n yan\u0131 s\u0131ra, Konyaalt\u0131 Belediyesi K\u00fct\u00fcphanesi yan\u0131nda yer alan Kad\u0131n Emek Pazar\u0131 i\u00e7erisinde de emek\u00e7i kad\u0131nlar\u0131n yeni y\u0131la \u00f6zel haz\u0131rlad\u0131\u011f\u0131 \u00fcr\u00fcnler be\u011feni topluyor. 7<\/p>\n\n\n\n<p>OCAK\u2019A KADAR A\u00c7IK KALACAK<\/p>\n\n\n\n<p>Y\u0131lba\u015f\u0131 \u00e7ar\u015f\u0131s\u0131n\u0131 ziyaret eden vatanda\u015flar ise birbirinden renkli el eme\u011fi \u00fcr\u00fcnleri bir arada bulabildikleri i\u00e7in memnun kald\u0131. Konyaalt\u0131 Belediyesi\u2019nin \u00fccretsiz seramik kursunda \u00f6\u011frenci oldu\u011funu aktaran Zeynep Ercan, \u2018\u2018Stand\u0131mdaki \u00fcr\u00fcnleri bu e\u011fitimlerde \u00f6\u011frendiklerimle ortaya \u00e7\u0131kard\u0131m ve burada kazanca d\u00f6n\u00fc\u015ft\u00fcr\u00fcyorum. Bizlere b\u00f6yle bir imkan sunduklar\u0131 i\u00e7in Konyaalt\u0131 Belediyesi\u2019ne ve Ba\u015fkan Semih Esen\u2019e \u00e7ok te\u015fekk\u00fcr ederim\u2019\u2019 dedi. HayatPark i\u00e7erisinde yer alan \u00e7ar\u015f\u0131, 7 Ocak tarihine kadar 10.00 ile 20.00 saatleri aras\u0131nda a\u00e7\u0131k kalacak.<\/p>\n\n\n\n<p>Konyaalt\u0131 Belediyesi \/ B\u00fclten<\/p>\n","protected":false},"excerpt":{"rendered":"<p>Konyaalt\u0131 Belediyesi\u2019nin her y\u0131l farkl\u0131 noktalarda kurdu\u011fu ve el eme\u011fi \u00fcr\u00fcnlerin sergilendi\u011fi Y\u0131lba\u015f\u0131 \u00c7ar\u015f\u0131s\u0131, bu y\u0131l HayatPark ve Kad\u0131n Emek Pazar\u0131 i\u00e7erisinde kuruldu. Hem \u00e7ocuk <a href=\"https:\/\/akdenizhaber.com.tr\/index.php\/2023\/12\/28\/konyaalti-belediyesi-iki-noktada-yilbasi-carsisi-kurdu\/\" class=\"read-more-link\">[more&#8230;]<\/a><\/p>\n","protected":false},"author":2,"featured_media":19135,"comment_status":"open","ping_status":"open","sticky":false,"template":"","format":"standard","meta":{"footnotes":""},"categories":[2],"tags":[],"class_list":["post-19134","post","type-post","status-publish","format-standard","has-post-thumbnail","hentry","category-gundem"],"_links":{"self":[{"href":"https:\/\/akdenizhaber.com.tr\/index.php\/wp-json\/wp\/v2\/posts\/19134","targetHints":{"allow":["GET"]}}],"collection":[{"href":"https:\/\/akdenizhaber.com.tr\/index.php\/wp-json\/wp\/v2\/posts"}],"about":[{"href":"https:\/\/akdenizhaber.com.tr\/index.php\/wp-json\/wp\/v2\/types\/post"}],"author":[{"embeddable":true,"href":"https:\/\/akdenizhaber.com.tr\/index.php\/wp-json\/wp\/v2\/users\/2"}],"replies":[{"embeddable":true,"href":"https:\/\/akdenizhaber.com.tr\/index.php\/wp-json\/wp\/v2\/comments?post=19134"}],"version-history":[{"count":0,"href":"https:\/\/akdenizhaber.com.tr\/index.php\/wp-json\/wp\/v2\/posts\/19134\/revisions"}],"wp:featuredmedia":[{"embeddable":true,"href":"https:\/\/akdenizhaber.com.tr\/index.php\/wp-json\/wp\/v2\/media\/19135"}],"wp:attachment":[{"href":"https:\/\/akdenizhaber.com.tr\/index.php\/wp-json\/wp\/v2\/media?parent=19134"}],"wp:term":[{"taxonomy":"category","embeddable":true,"href":"https:\/\/akdenizhaber.com.tr\/index.php\/wp-json\/wp\/v2\/categories?post=19134"},{"taxonomy":"post_tag","embeddable":true,"href":"https:\/\/akdenizhaber.com.tr\/index.php\/wp-json\/wp\/v2\/tags?post=19134"}],"curies":[{"name":"wp","href":"https:\/\/api.w.org\/{rel}","templated":true}]}}