{"id":19131,"date":"2023-12-28T12:39:16","date_gmt":"2023-12-28T09:39:16","guid":{"rendered":"https:\/\/akdenizhaber.com.tr\/?p=19131"},"modified":"2023-12-28T12:39:16","modified_gmt":"2023-12-28T09:39:16","slug":"baskan-bocek-kumluca-ataturk-stadyumundaki-calismalari-inceledi","status":"publish","type":"post","link":"https:\/\/akdenizhaber.com.tr\/index.php\/2023\/12\/28\/baskan-bocek-kumluca-ataturk-stadyumundaki-calismalari-inceledi\/","title":{"rendered":"Ba\u015fkan B\u00f6cek Kumluca Atat\u00fcrk Stadyumu\u2019ndaki \u00e7al\u0131\u015fmalar\u0131 inceledi"},"content":{"rendered":"\n<p><\/p>\n\n\n\n<p>Antalya B\u00fcy\u00fck\u015fehir Belediye Ba\u015fkan\u0131 Muhittin B\u00f6cek, Kumluca\u2019da yap\u0131m\u0131 devam eden Atat\u00fcrk Stadyumu\u2019nda incelemelerde bulundu. Ba\u015fkan B\u00f6cek stadyumu 15 Mart\u2019ta hizmete a\u00e7mak i\u00e7in \u00e7al\u0131\u015fmalar\u0131n h\u0131zla s\u00fcrd\u00fc\u011f\u00fcn\u00fc s\u00f6yledi.<\/p>\n\n\n\n<p>Kumluca\u2019da yo\u011fun bir program ger\u00e7ekle\u015ftiren Antalya B\u00fcy\u00fck\u015fehir Belediye Ba\u015fkan\u0131 Muhittin B\u00f6cek, Antalya Valisi Hulusi \u015eahin\u2019in de kat\u0131l\u0131m\u0131yla Ka\u015f G\u0131da \u0130htisas Organize Sanayi B\u00f6lgesi i\u00e7in ger\u00e7ekle\u015ftirilen protokol imza t\u00f6renine kat\u0131ld\u0131. Ba\u015fkan B\u00f6cek daha sonra Hay\u0131rsever i\u015f insan\u0131 Murat H\u00fcdavendigar G\u00fcnay&#8217;\u0131n i\u015f birli\u011fiyle yap\u0131m\u0131na ba\u015flanan Laika-Orhan G\u00fcnay Halk E\u011fitim Merkezi ve TOBB Anaokulu Temel Atma T\u00f6reni&#8217;nde yer ald\u0131. Ba\u015fkan B\u00f6cek son olarak Kumluca Karatepe\u2019de B\u00fcy\u00fck\u015fehir Belediyesi taraf\u0131ndan yap\u0131m\u0131 devam eden Atat\u00fcrk Stadyumu\u2019ndaki \u00e7al\u0131\u015fmalar\u0131 inceledi.<\/p>\n\n\n\n<p>KA\u015e OSB \u0130\u00c7\u0130N \u0130MZALAR ATILDI<\/p>\n\n\n\n<p>Ba\u015fkan Muhittin B\u00f6cek\u2019in Kumluca\u2019daki ilk adresi Kumluca Ticaret ve Sanayi Odas\u0131 oldu. Ba\u015fkan B\u00f6cek, Antalya Valisi Hulusi \u015eahin, Kumluca Ticaret ve Sanayi Odas\u0131 Ba\u015fkan\u0131 Fahri \u00d6zen ve y\u00f6netimiyle bir araya gelerek Ka\u015f G\u0131da \u0130htisas Organize Sanayi B\u00f6lgesi i\u00e7in protokol imzalad\u0131. Ka\u015f\u2019\u0131n K\u0131n\u0131k Mahallesi\u2019ne yap\u0131lacak OSB\u2019nin b\u00f6lge ekonomisine b\u00fcy\u00fck bir ivme kazand\u0131rmas\u0131 planlan\u0131yor. Ba\u015fkan Muhittin B\u00f6cek, \u201c2025 y\u0131l\u0131 sonunda tamamlanmas\u0131 planlanan organize sanayi b\u00f6lgesi ile ba\u015fta Ka\u015f olmak \u00fczere Antalya\u2019ya ekonomik bir de\u011fer daha kazand\u0131rm\u0131\u015f olaca\u011f\u0131z. \u015eimdiden t\u00fcm Antalya&#8217;m\u0131za hay\u0131rl\u0131 u\u011furlu olsun\u201d dedi.<\/p>\n\n\n\n<p>E\u011e\u0130T\u0130M KURUMLARINA DESTEK OLUYORUZ<\/p>\n\n\n\n<p>Ba\u015fkan B\u00f6cek protokol imza t\u00f6reninin ard\u0131ndan Laika-Orhan G\u00fcnay Halk E\u011fitim Merkezi ve TOBB Anaokulu Temel Atma T\u00f6reni\u2019ne kat\u0131ld\u0131. Hay\u0131rsever i\u015f insan\u0131 Murat H\u00fcdavendigar G\u00fcnay&#8217;\u0131n i\u015f birli\u011fiyle yap\u0131m\u0131na ba\u015flanan Laika-Orhan G\u00fcnay Halk E\u011fitim Merkezi ve TOBB Anaokulu Temel Atma T\u00f6reni&#8217;nde konu\u015fan Ba\u015fkan Muhittin B\u00f6cek, e\u011fitime yap\u0131lan her t\u00fcrl\u00fc yat\u0131r\u0131m\u0131 g\u00f6n\u00fclden destekledi\u011fini belirtti. Ba\u015fkan B\u00f6cek, \u201cDevlet millet i\u015fbirli\u011finde bu e\u011fitim kurumlar\u0131na destek oluyoruz. Do\u011fup b\u00fcy\u00fcd\u00fc\u011f\u00fcm\u00fcz yerde Konyaalt\u0131\u2019nda 11 bin 800 metrekare alanda Muhittin Mustafa B\u00f6cek Anadolu Lisemiz var. Antalya B\u00fcy\u00fck\u015fehir Belediyesi olarak, Halk E\u011fitim ve Milli E\u011fitim i\u015fbirli\u011fi i\u00e7erisinde bir\u00e7ok ATASEM, ASF\u0130M gibi kurumlarda birlikte \u00e7al\u0131\u015f\u0131yoruz. Halk e\u011fitim merkezimizin \u00e7ocuklar\u0131m\u0131za kursiyerlerimize hay\u0131rl\u0131 olmas\u0131n\u0131 diliyorum\u201d diye konu\u015ftu.<\/p>\n\n\n\n<p>15 MART\u2019A YET\u0130\u015eECEK<\/p>\n\n\n\n<p>Ba\u015fkan B\u00f6cek, son olarak Kumluca Belediye Ba\u015fkan\u0131 Mustafa K\u00f6leo\u011flu ile beraber Antalya B\u00fcy\u00fck\u015fehir Belediyesi ile Kumluca Belediyesi aras\u0131nda yap\u0131lan ortak hizmet projesi ve i\u015fbirli\u011fi protokol\u00fc do\u011frultusunda yap\u0131m\u0131 devam eden Atat\u00fcrk Stadyumu in\u015faat\u0131nda incelemelerde bulundu. Atat\u00fcrk Stadyumu&#8217;nun in\u015faat\u0131n\u0131n h\u0131zla devam etti\u011fini s\u00f6yleyen Ba\u015fkan B\u00f6cek, \u015f\u00f6yle konu\u015ftu: \u201cS\u00f6z Muhittin B\u00f6cek s\u00f6z\u00fc dedik ve Mustafa karde\u015fimle beraber meclislerimizden de alm\u0131\u015f oldu\u011fumuz kararlar do\u011frultusunda stad\u0131m\u0131za 29 Eyl\u00fcl\u2019de temelini atarak ba\u015flam\u0131\u015ft\u0131k. Temel atma t\u00f6reninde 15 Mart\u2019ta a\u00e7\u0131l\u0131\u015f\u0131n\u0131 ger\u00e7ekle\u015ftirece\u011fimizi ve o g\u00fcne kadar tamamlayaca\u011f\u0131m\u0131z\u0131n s\u00f6z\u00fcn\u00fc vermi\u015ftik. K\u0131sa s\u00fcre i\u00e7erisinde projemizi tamamlayarak Kumluca&#8217;ya ad\u0131na yak\u0131\u015f\u0131r bir stadyum kazand\u0131raca\u011f\u0131z. Kumlucal\u0131 hem\u015fehrilerimizin, g\u00fcre\u015f sevelerin arzusunu yerine getirmi\u015f olaca\u011f\u0131z.&nbsp; Biz de belediye ba\u015fkanlar\u0131 olarak bu mutlulu\u011fu ya\u015fayaca\u011f\u0131z in\u015fallah. Kumlucam\u0131za hay\u0131rl\u0131 olmas\u0131n\u0131 diliyorum.\u201d<\/p>\n\n\n\n<p>KUMLUCA\u2019NIN \u00c7EK\u0130M MERKEZ\u0130<\/p>\n\n\n\n<p>Kumluca Belediye Ba\u015fkan\u0131 Mustafa K\u00f6leo\u011flu da Karatepe\u2019deki alan\u0131n y\u0131llardan bu yana Kumluca\u2019n\u0131n \u00e7ekim merkezi oldu\u011funu belirterek, \u201cCumhuriyetin 100. Y\u0131l\u0131nda Atat\u00fcrk Stad\u0131\u2019n\u0131 Antalya B\u00fcy\u00fck\u015fehir Belediye Ba\u015fkan\u0131m\u0131z Muhittin B\u00f6cek\u2019in sahip \u00e7\u0131kmas\u0131yla beraber kol kola yap\u0131yoruz. Bizim \u00e7ocuklu\u011fumuzun bir hikayesi vard\u0131r burada. Ata sporumuz ya\u011fl\u0131 g\u00fcre\u015flerin meydan\u0131d\u0131r. Ayn\u0131 zamanda buras\u0131 bizim Kumluca\u2019daki b\u00fct\u00fcn k\u00fclt\u00fcrel faaliyetlerimizin yap\u0131ld\u0131\u011f\u0131, Y\u00f6r\u00fckl\u00fck k\u00fclt\u00fcr\u00fcm\u00fcz\u00fcn sergilendi\u011fi bir meydand\u0131r. Sorun vard\u0131 y\u0131llard\u0131r \u00e7\u00f6z\u00fclemiyordu. Say\u0131n Muhittin B\u00f6cek ile beraber bu sorunu masaya yat\u0131rd\u0131k \u00f6n\u00fcm\u00fczdeki aylarda a\u00e7\u0131l\u0131\u015f\u0131n\u0131 ger\u00e7ekle\u015ftirece\u011fiz. Bunun hakl\u0131 gururu ve mutlulu\u011fu i\u00e7erisindeyiz\u201d diye konu\u015ftu.<\/p>\n\n\n\n<p>Antalya B\u00fcy\u00fck\u015fehir Belediyesi \/ B\u00fclten<\/p>\n\n\n\n<p>Antalya B\u00fcy\u00fck\u015fehir Belediye Ba\u015fkan\u0131 Muhittin B\u00f6cek\u2019in s\u00f6z\u00fcn\u00fc verdi\u011fi ba\u015fta g\u00fcre\u015f, deve g\u00fcre\u015fi, futbol, konser ve festivaller gibi etkinliklere ev sahipli\u011fi yapacak olan Kumluca Atat\u00fcrk Stadyumu projesinde \u00e7al\u0131\u015fmalar devam ediyor. Stadyum projesi 4 etap \u015feklinde imal edilecek. Ekiplerin yo\u011fun \u00e7al\u0131\u015fmalar\u0131yla projenin temel beton imalatlar\u0131 tamamland\u0131. Birinci etab\u0131n kolon betonlar\u0131 d\u00f6k\u00fcld\u00fc, d\u00f6\u015feme betonuna ba\u015fland\u0131. Di\u011fer etaplarda ise kolon donat\u0131 imalatlar\u0131 h\u0131zla devam ediyor.<\/p>\n\n\n\n<p>13 D\u00d6N\u00dcM \u00dcZER\u0130NE \u0130N\u015eA ED\u0130LECEK<\/p>\n\n\n\n<p>Antalya B\u00fcy\u00fck\u015fehir Belediyesi ile Kumluca Belediyesi aras\u0131nda yap\u0131lan ortak hizmet projesi ve i\u015fbirli\u011fi protokol\u00fc do\u011frultusunda haz\u0131rlanan trib\u00fcn projesi yakla\u015f\u0131k 13 bin 200 metrekare alan\u0131n 6 bin 650 metrekarelik k\u0131sm\u0131na in\u015fa edilecek. Projede, idari alan, tuvalet, engelli tuvaleti, du\u015f, soyunma odalar\u0131, depo alanlar\u0131, enerji odas\u0131 ve su deposu yer alacak. 2000 metrekare ye\u015fil alana da sahip olan projede, 97 ara\u00e7 kapasiteli otopark da yer alacak.<\/p>\n\n\n\n<p>Antalya B\u00fcy\u00fck\u015fehir Belediyesi \/ B\u00fclten<\/p>\n","protected":false},"excerpt":{"rendered":"<p>Antalya B\u00fcy\u00fck\u015fehir Belediye Ba\u015fkan\u0131 Muhittin B\u00f6cek, Kumluca\u2019da yap\u0131m\u0131 devam eden Atat\u00fcrk Stadyumu\u2019nda incelemelerde bulundu. Ba\u015fkan B\u00f6cek stadyumu 15 Mart\u2019ta hizmete a\u00e7mak i\u00e7in \u00e7al\u0131\u015fmalar\u0131n h\u0131zla s\u00fcrd\u00fc\u011f\u00fcn\u00fc <a href=\"https:\/\/akdenizhaber.com.tr\/index.php\/2023\/12\/28\/baskan-bocek-kumluca-ataturk-stadyumundaki-calismalari-inceledi\/\" class=\"read-more-link\">[more&#8230;]<\/a><\/p>\n","protected":false},"author":2,"featured_media":19132,"comment_status":"open","ping_status":"open","sticky":false,"template":"","format":"standard","meta":{"footnotes":""},"categories":[2],"tags":[],"class_list":["post-19131","post","type-post","status-publish","format-standard","has-post-thumbnail","hentry","category-gundem"],"_links":{"self":[{"href":"https:\/\/akdenizhaber.com.tr\/index.php\/wp-json\/wp\/v2\/posts\/19131","targetHints":{"allow":["GET"]}}],"collection":[{"href":"https:\/\/akdenizhaber.com.tr\/index.php\/wp-json\/wp\/v2\/posts"}],"about":[{"href":"https:\/\/akdenizhaber.com.tr\/index.php\/wp-json\/wp\/v2\/types\/post"}],"author":[{"embeddable":true,"href":"https:\/\/akdenizhaber.com.tr\/index.php\/wp-json\/wp\/v2\/users\/2"}],"replies":[{"embeddable":true,"href":"https:\/\/akdenizhaber.com.tr\/index.php\/wp-json\/wp\/v2\/comments?post=19131"}],"version-history":[{"count":0,"href":"https:\/\/akdenizhaber.com.tr\/index.php\/wp-json\/wp\/v2\/posts\/19131\/revisions"}],"wp:featuredmedia":[{"embeddable":true,"href":"https:\/\/akdenizhaber.com.tr\/index.php\/wp-json\/wp\/v2\/media\/19132"}],"wp:attachment":[{"href":"https:\/\/akdenizhaber.com.tr\/index.php\/wp-json\/wp\/v2\/media?parent=19131"}],"wp:term":[{"taxonomy":"category","embeddable":true,"href":"https:\/\/akdenizhaber.com.tr\/index.php\/wp-json\/wp\/v2\/categories?post=19131"},{"taxonomy":"post_tag","embeddable":true,"href":"https:\/\/akdenizhaber.com.tr\/index.php\/wp-json\/wp\/v2\/tags?post=19131"}],"curies":[{"name":"wp","href":"https:\/\/api.w.org\/{rel}","templated":true}]}}