{"id":19113,"date":"2023-12-27T12:10:09","date_gmt":"2023-12-27T09:10:09","guid":{"rendered":"https:\/\/akdenizhaber.com.tr\/?p=19113"},"modified":"2023-12-27T12:10:10","modified_gmt":"2023-12-27T09:10:10","slug":"chp-antalya-milletvekili-aliye-cosar-afad-egitimlerini-yapabilmesi-icin-denize-sifir-bir-alan-olmasi-sart-mi","status":"publish","type":"post","link":"https:\/\/akdenizhaber.com.tr\/index.php\/2023\/12\/27\/chp-antalya-milletvekili-aliye-cosar-afad-egitimlerini-yapabilmesi-icin-denize-sifir-bir-alan-olmasi-sart-mi\/","title":{"rendered":"CHP Antalya Milletvekili Aliye Co\u015far, AFAD E\u011fitimlerini Yapabilmesi \u0130\u00e7in Denize S\u0131f\u0131r Bir Alan Olmas\u0131 \u015eart M\u0131?"},"content":{"rendered":"\n<p>CHP Antalya Milletvekili Av. Aliye Co\u015far, Antalya\u2019n\u0131n Finike il\u00e7esinde AFAD\u2019\u0131n E\u011fitim Tesisi ad\u0131 alt\u0131nda 100 odal\u0131, hamam\u0131, saunas\u0131 olan, fitness salonu olan, spor tesisi olan AFAD otel projesini T.C. \u0130\u00e7i\u015fleri Bakan\u0131 Ali Yerlikaya taraf\u0131ndan cevapland\u0131r\u0131lmak \u00fczere TBMM Ba\u015fkanl\u0131\u011f\u0131\u2019na soru \u00f6nergesi vererek meclis g\u00fcndemine ta\u015f\u0131d\u0131.<\/p>\n\n\n\n<p>CHP\u2019li Co\u015far \u00f6nergesinde;<\/p>\n\n\n\n<p>AFAD (Afet ve Acil Durum Y\u00f6netimi Ba\u015fkanl\u0131\u011f\u0131), Finike Kale Mahallesi\u2019ndeki 8387 metrekarelik alan\u0131n afetlerde g\u00f6rev alan personelin e\u011fitim faaliyetlerinin s\u00fcrekli ve d\u00fczenli ger\u00e7ekle\u015ftirilmesi amac\u0131yla E\u011fitim Merkezi ve Sosyal Tesis olarak kullan\u0131lmas\u0131 i\u00e7in proje haz\u0131rlad\u0131. Bu \u00e7er\u00e7evede alan\u0131n 8293 metrekaresi hazineye, 94 metrekaresi ise Finike Belediyesi\u2019ne ait oldu\u011fu i\u00e7in 01.12.2023 tarihinde AFAD Ba\u015fkan\u0131 Finike Belediyesi\u2019ne gelerek 94 metrekarelik alan\u0131n tahsisi y\u00f6n\u00fcnde Belediyeye Antalya Valili\u011fi arac\u0131l\u0131\u011f\u0131yla ba\u015fvuruda bulundu.<\/p>\n\n\n\n<p>DEPREMZEDE SOKAKTA AMA S\u0130Z 100 ODALI, HAMAMI, SAUNASI, F\u0130TNESS SALONU, SPOR TES\u0130S\u0130 OLAN AFAD OTEL\u0130 YAPIYORSUNUZ.<\/p>\n\n\n\n<p>Finike Belediyesi de \u201cB\u00f6lgenin halk\u0131n kullan\u0131m\u0131na kapanaca\u011f\u0131\u201d gerek\u00e7esiyle haz\u0131rlanan projeye meclis \u00fcyelerinin tamam\u0131n\u0131n kar\u015f\u0131 \u00e7\u0131kmas\u0131 \u00fczerine tahsis hakk\u0131ndaki kararlar\u0131n\u0131 ve projenin yap\u0131lmas\u0131 ve b\u00f6lgeye yat\u0131r\u0131m gelmesi i\u00e7in farkl\u0131 alan alternatiflerini AFAD ba\u015fkanl\u0131\u011f\u0131na iletti.<\/p>\n\n\n\n<p>Finike Kaymakaml\u0131\u011f\u0131 ise 14.12.2023 tarihinde sosyal medya hesab\u0131ndan kamuoyunu;<\/p>\n\n\n\n<p>\u201cAFAD taraf\u0131ndan Ta\u015f Oca\u011f\u0131\u2019nda yap\u0131lmas\u0131 planlanan sosyal tesis projesini ve tahsis talebini alan\u0131n siz k\u0131ymetli vatanda\u015flar\u0131m\u0131z\u0131n kullan\u0131m\u0131na kapanmamas\u0131 i\u00e7in reddettik.\u201d ba\u015fl\u0131kl\u0131 a\u00e7\u0131klamas\u0131nda\u2026<\/p>\n\n\n\n<p>\u201cBahsedilen Kurum Devletimizin en \u00fcst kurumlar\u0131ndan biri olan \u0130\u00e7i\u015fleri Bakanl\u0131\u011f\u0131m\u0131z b\u00fcnyesindeki AFAD (Afet ve Acil Durum Y\u00f6netimi Ba\u015fkanl\u0131\u011f\u0131).<\/p>\n\n\n\n<p>Devletimizin hangi kurumu vatanda\u015flar\u0131m\u0131z\u0131n kullan\u0131m\u0131na kapanm\u0131\u015f ya da kapat\u0131lm\u0131\u015f?<\/p>\n\n\n\n<p>350 milyon TL\u2019 lik yat\u0131r\u0131m\u0131n \u0130l\u00e7emize getirilmesine engel olma yetmiyor, bir de yap\u0131lacak AFAD Sualt\u0131 ve \u00fcst\u00fc Arama ve Kurtarma E\u011fitim Merkezi\u2019nin Devletimizin varl\u0131k sebebi olan vatanda\u015flar\u0131m\u0131z\u0131n kullan\u0131m\u0131na kapanaca\u011f\u0131 iddias\u0131n\u0131 kayg\u0131yla izliyoruz. \u00dcz\u00fcc\u00fc ve yaz\u0131k.<\/p>\n\n\n\n<p>Kamuoyuna sayg\u0131yla duyurulur.\u201d a\u00e7\u0131klamas\u0131nda bulundu.<\/p>\n\n\n\n<p>\u015eUBAT 2023 TAR\u0130H\u0130NDE 10 \u0130L\u0130M\u0130ZDE YA\u015eANAN B\u00dcY\u00dcK FELAKET\u0130N YARALARINI B\u0130LE TAM OLARAK SARILMAMI\u015eKEN, B\u0130R\u00c7OK DEPREMZEDE HALA \u00c7ADIRLARDA \u0130KAMET EDERKEN AFAD\u2019 IN 350 M\u0130LYON TL\u2019L\u0130K YATIRIM BEDEL\u0130 OLAN BU PROJEY\u0130 YAPMASI NE KADAR DO\u011eRU?<\/p>\n\n\n\n<p>Aliye Co\u015far, \u015eubat 2023 bir deprem ya\u015fad\u0131k, depremde ciddi bir maliyet var. Daha vatanda\u015f\u0131m\u0131z\u0131n bar\u0131naca\u011f\u0131 evlerini yapamam\u0131\u015fken yat\u0131r\u0131m maliyeti nereden geldi\u011fi belli olmayan 350 milyonluk otel yapmaya \u00e7al\u0131\u015f\u0131yorsunuz. B\u00f6lgede Bat\u0131 Antalya Emlak M\u00fcd\u00fcrl\u00fc\u011f\u00fcne ait bir\u00e7ok yeri bulunurken, Belediye taraf\u0131ndan halk\u0131n kullan\u0131lmas\u0131 i\u00e7in ama\u00e7lanan b\u00f6lgede denize s\u0131f\u0131r olan Ta\u015foca\u011f\u0131\u2019 nda dayatmalar\u0131n\u0131n sebebini ger\u00e7ekten anlayam\u0131yoruz.<\/p>\n\n\n\n<p>Depremzede sokakta ama siz 100 odal\u0131, hamam\u0131 olan, saunas\u0131 olan, fitness salonu olan, spor tesisi olan E\u011fitim ve Sosyal Tesis ad\u0131 alt\u0131nda AFAD oteli yapmaya \u00e7al\u0131\u015f\u0131yorsunuz.<\/p>\n\n\n\n<p>Finike\u2019nin de\u011ferlerini rant u\u011fruna, talan u\u011fruna yok etmeye, gasp etmeye \u00e7al\u0131\u015fmay\u0131n. L\u00fctfen Finike\u2019den ellerinizi \u00e7ekin.<\/p>\n\n\n\n<p>Co\u015far\u2019 \u0131n \u00f6nergesinde \u015fu sorular yer ald\u0131.<\/p>\n\n\n\n<p>\u015eubat 2023 tarihinde 10 ilimizde ya\u015fanan b\u00fcy\u00fck felaketin yaralar\u0131n\u0131 bile tam olarak sar\u0131lmam\u0131\u015fken, bir\u00e7ok depremzede hala \u00e7ad\u0131rlarda ikamet ederken AFAD\u2019 \u0131n 350 milyon TL\u2019lik yat\u0131r\u0131m bedeli olan bu projeyi yapmas\u0131 ne kadar do\u011fru?<\/p>\n\n\n\n<p>350 milyon liral\u0131k bu projenin yat\u0131r\u0131m maliyetinin kayna\u011f\u0131 nedir? Bu paray\u0131 nereden kar\u015f\u0131layacaks\u0131n\u0131z?<\/p>\n\n\n\n<p>AFAD E\u011fitim Merkezi ve Sosyal Tesis olarak bu b\u00f6lgeyi se\u00e7mesinin gerek\u00e7esi nedir?<\/p>\n\n\n\n<p>AFAD\u2019\u0131n bu t\u00fcr e\u011fitim merkezi ve sosyal tesis projesi i\u00e7in Milli Emlak M\u00fcd\u00fcrl\u00fc\u011f\u00fc Bat\u0131 Antalya Emlak M\u00fcd\u00fcrl\u00fc\u011f\u00fcn\u00fcn b\u00f6lgede proje uygun bir\u00e7ok yeri varken, halk\u0131n kullanabilece\u011fi bu alan\u0131 neden istiyorsunuz?<\/p>\n\n\n\n<p>AB projeleri kapsam\u0131nda AFAD\u2019\u0131n veya ba\u015fka bir kurumun bu t\u00fcr e\u011fitim merkezi ve sosyal tesis projesi ile ilgili AB\u2019ne sunulmu\u015f herhangi bir proje ba\u015fvurusu var m\u0131d\u0131r?<\/p>\n\n\n\n<p>B\u00f6lgede kullan\u0131ma kapat\u0131lan bir\u00e7ok eski okul bulunmakta. Kullan\u0131lmayarak, at\u0131l bir vaziyette bekleyen bu binalar\u0131n tadilat\u0131 yap\u0131larak, e\u011fitim merkezi ve sosyal tesis i\u00e7in uygun hale getirilerek AFAD i\u00e7in bir e\u011fitim merkezi ve sosyal tesis yap\u0131lamaz m\u0131?<a><\/a><\/p>\n\n\n\n<p>AFAD e\u011fitimlerini yapabilmesi i\u00e7in denize s\u0131f\u0131r bir alan olmas\u0131 \u015fart m\u0131?<\/p>\n\n\n\n<p>Bu alan\u0131 AFAD\u2019 m\u0131 yoksa \u0130\u00e7i\u015fleri Bakanl\u0131\u011f\u0131 m\u0131 se\u00e7ti?<\/p>\n\n\n\n<p>Bakanl\u0131\u011f\u0131n\u0131z AFAD\u2019 \u0131 ara\u00e7 olarak kullanarak bu alan\u0131 rant i\u00e7in mi kullanmay\u0131 ama\u00e7l\u0131yorsunuz?<\/p>\n\n\n\n<p>(Haber Merkezi)<\/p>\n","protected":false},"excerpt":{"rendered":"<p>CHP Antalya Milletvekili Av. Aliye Co\u015far, Antalya\u2019n\u0131n Finike il\u00e7esinde AFAD\u2019\u0131n E\u011fitim Tesisi ad\u0131 alt\u0131nda 100 odal\u0131, hamam\u0131, saunas\u0131 olan, fitness salonu olan, spor tesisi olan <a href=\"https:\/\/akdenizhaber.com.tr\/index.php\/2023\/12\/27\/chp-antalya-milletvekili-aliye-cosar-afad-egitimlerini-yapabilmesi-icin-denize-sifir-bir-alan-olmasi-sart-mi\/\" class=\"read-more-link\">[more&#8230;]<\/a><\/p>\n","protected":false},"author":2,"featured_media":19114,"comment_status":"open","ping_status":"open","sticky":false,"template":"","format":"standard","meta":{"footnotes":""},"categories":[2],"tags":[],"class_list":["post-19113","post","type-post","status-publish","format-standard","has-post-thumbnail","hentry","category-gundem"],"_links":{"self":[{"href":"https:\/\/akdenizhaber.com.tr\/index.php\/wp-json\/wp\/v2\/posts\/19113","targetHints":{"allow":["GET"]}}],"collection":[{"href":"https:\/\/akdenizhaber.com.tr\/index.php\/wp-json\/wp\/v2\/posts"}],"about":[{"href":"https:\/\/akdenizhaber.com.tr\/index.php\/wp-json\/wp\/v2\/types\/post"}],"author":[{"embeddable":true,"href":"https:\/\/akdenizhaber.com.tr\/index.php\/wp-json\/wp\/v2\/users\/2"}],"replies":[{"embeddable":true,"href":"https:\/\/akdenizhaber.com.tr\/index.php\/wp-json\/wp\/v2\/comments?post=19113"}],"version-history":[{"count":0,"href":"https:\/\/akdenizhaber.com.tr\/index.php\/wp-json\/wp\/v2\/posts\/19113\/revisions"}],"wp:featuredmedia":[{"embeddable":true,"href":"https:\/\/akdenizhaber.com.tr\/index.php\/wp-json\/wp\/v2\/media\/19114"}],"wp:attachment":[{"href":"https:\/\/akdenizhaber.com.tr\/index.php\/wp-json\/wp\/v2\/media?parent=19113"}],"wp:term":[{"taxonomy":"category","embeddable":true,"href":"https:\/\/akdenizhaber.com.tr\/index.php\/wp-json\/wp\/v2\/categories?post=19113"},{"taxonomy":"post_tag","embeddable":true,"href":"https:\/\/akdenizhaber.com.tr\/index.php\/wp-json\/wp\/v2\/tags?post=19113"}],"curies":[{"name":"wp","href":"https:\/\/api.w.org\/{rel}","templated":true}]}}