{"id":19110,"date":"2023-12-27T12:09:23","date_gmt":"2023-12-27T09:09:23","guid":{"rendered":"https:\/\/akdenizhaber.com.tr\/?p=19110"},"modified":"2023-12-27T12:09:23","modified_gmt":"2023-12-27T09:09:23","slug":"niyazi-nefi-kara-odalari-ziyaret-etti","status":"publish","type":"post","link":"https:\/\/akdenizhaber.com.tr\/index.php\/2023\/12\/27\/niyazi-nefi-kara-odalari-ziyaret-etti\/","title":{"rendered":"Niyazi Nefi Kara Odalar\u0131 Ziyaret Etti"},"content":{"rendered":"\n<p>31 Mart 2024 tarihinde yap\u0131lacak olan yerel se\u00e7imlerde CHP\u2019den Manavgat Belediye ba\u015fkan aday aday\u0131 olan Doktor Niyazi Nefi Kara il\u00e7emizdeki oda ba\u015fkanlar\u0131 ve y\u00f6neticilerini ziyaret etti.<\/p>\n\n\n\n<p>Kamuoyunda \u201cHalk\u0131n Doktoru\u201d olarak tan\u0131n ge\u00e7mi\u015f d\u00f6nemde CHP Antalya milletvekilli\u011fi yapan ve mecliste renkli ki\u015fili\u011fi ile iz b\u0131rakan&nbsp; Doktor Niyazi Nefi Kara, aday adayl\u0131\u011f\u0131 s\u00fcrecinde ba\u015fta sivil toplum kurulu\u015flar\u0131 olmak \u00fczere halkla\u2019da bire bir g\u00f6r\u00fc\u015fmelerini s\u00fcrd\u00fcrerek kar\u015f\u0131l\u0131kl\u0131 fikir al\u0131\u015fveri\u015finde bulunaca\u011f\u0131n\u0131 s\u00f6yledi.<\/p>\n\n\n\n<p>Manavgat belediye ba\u015fkan adayl\u0131\u011f\u0131n\u0131n kesinle\u015fmesi ile birlikte Manavgat\u2019la t\u00fcm projelerini payla\u015fmaya haz\u0131r oldu\u011funu ifade eden halk\u0131n doktoru Niyazi Nefi Kara, Manavgat\u2019la ilgili \u00e7ok b\u00fcy\u00fck projeleri oldu\u011funu ve bu konuda ba\u015fta akademik olmak \u00fczere belediyecili\u011fi \u00e7ok iyi bilen ekibinin haz\u0131r oldu\u011funa dikkat \u00e7ekti.<\/p>\n\n\n\n<p>Oda ba\u015fkanlar\u0131 ve y\u00f6netimlerini ziyareti s\u0131ras\u0131nda Manavgat\u2019\u0131n en \u00f6nemli sorunlar\u0131n\u0131 masaya yat\u0131rd\u0131klar\u0131n\u0131 ifade den CHP Manavgat Belediye ba\u015fkan aday aday\u0131 Niyazi Nefi Kara \u201cBir kentin y\u00f6netilmesinde en b\u00fcy\u00fck katk\u0131 sivil toplum kurulu\u015flar\u0131 ve Manavgatl\u0131dan gelir bu anlamda ili\u015fkilerimi en \u00fcst d\u00fczeyde tutmak zorunday\u0131m. Birlikte projelerimi payla\u015fmakla birlikte onlar\u0131nda g\u00f6r\u00fc\u015flerini alarak yol haritama katk\u0131 sa\u011flayaca\u011f\u0131m\u201d<\/p>\n\n\n\n<p>(Haber Merkezi)<\/p>\n","protected":false},"excerpt":{"rendered":"<p>31 Mart 2024 tarihinde yap\u0131lacak olan yerel se\u00e7imlerde CHP\u2019den Manavgat Belediye ba\u015fkan aday aday\u0131 olan Doktor Niyazi Nefi Kara il\u00e7emizdeki oda ba\u015fkanlar\u0131 ve y\u00f6neticilerini ziyaret <a href=\"https:\/\/akdenizhaber.com.tr\/index.php\/2023\/12\/27\/niyazi-nefi-kara-odalari-ziyaret-etti\/\" class=\"read-more-link\">[more&#8230;]<\/a><\/p>\n","protected":false},"author":2,"featured_media":19111,"comment_status":"open","ping_status":"open","sticky":false,"template":"","format":"standard","meta":{"footnotes":""},"categories":[2],"tags":[],"class_list":["post-19110","post","type-post","status-publish","format-standard","has-post-thumbnail","hentry","category-gundem"],"_links":{"self":[{"href":"https:\/\/akdenizhaber.com.tr\/index.php\/wp-json\/wp\/v2\/posts\/19110","targetHints":{"allow":["GET"]}}],"collection":[{"href":"https:\/\/akdenizhaber.com.tr\/index.php\/wp-json\/wp\/v2\/posts"}],"about":[{"href":"https:\/\/akdenizhaber.com.tr\/index.php\/wp-json\/wp\/v2\/types\/post"}],"author":[{"embeddable":true,"href":"https:\/\/akdenizhaber.com.tr\/index.php\/wp-json\/wp\/v2\/users\/2"}],"replies":[{"embeddable":true,"href":"https:\/\/akdenizhaber.com.tr\/index.php\/wp-json\/wp\/v2\/comments?post=19110"}],"version-history":[{"count":0,"href":"https:\/\/akdenizhaber.com.tr\/index.php\/wp-json\/wp\/v2\/posts\/19110\/revisions"}],"wp:featuredmedia":[{"embeddable":true,"href":"https:\/\/akdenizhaber.com.tr\/index.php\/wp-json\/wp\/v2\/media\/19111"}],"wp:attachment":[{"href":"https:\/\/akdenizhaber.com.tr\/index.php\/wp-json\/wp\/v2\/media?parent=19110"}],"wp:term":[{"taxonomy":"category","embeddable":true,"href":"https:\/\/akdenizhaber.com.tr\/index.php\/wp-json\/wp\/v2\/categories?post=19110"},{"taxonomy":"post_tag","embeddable":true,"href":"https:\/\/akdenizhaber.com.tr\/index.php\/wp-json\/wp\/v2\/tags?post=19110"}],"curies":[{"name":"wp","href":"https:\/\/api.w.org\/{rel}","templated":true}]}}