{"id":19107,"date":"2023-12-27T12:08:47","date_gmt":"2023-12-27T09:08:47","guid":{"rendered":"https:\/\/akdenizhaber.com.tr\/?p=19107"},"modified":"2023-12-27T12:08:47","modified_gmt":"2023-12-27T09:08:47","slug":"manavgat-yeni-yila-isil-isil-giriyor","status":"publish","type":"post","link":"https:\/\/akdenizhaber.com.tr\/index.php\/2023\/12\/27\/manavgat-yeni-yila-isil-isil-giriyor\/","title":{"rendered":"Manavgat Yeni Y\u0131la I\u015f\u0131l I\u015f\u0131l Giriyor"},"content":{"rendered":"\n<p>Manavgat Belediyesi, 2024 y\u0131l\u0131na girmeye say\u0131l\u0131 g\u00fcnler kala en i\u015flek cadde ve sokaklar\u0131n\u0131 tasarruflu LED ampullerden olu\u015fan y\u0131lba\u015f\u0131 s\u00fcslemeleriyle donatt\u0131. Manavgat Belediye Fen \u0130\u015fleri M\u00fcd\u00fcrl\u00fc\u011f\u00fc ekipleri,&nbsp; Cumhuriyet Meydan\u0131, Antalya, \u0130brahim S\u00f6zen, Fevzi Pa\u015fa, Atat\u00fcrk, Hisar, Mithat Pa\u015fa, G\u00fclveren, G\u00fcll\u00fck Caddeleri ve Demokrasi Bulvar\u0131\u2019nda yapt\u0131\u011f\u0131 \u0131\u015f\u0131kland\u0131rma \u00e7al\u0131\u015fmalar\u0131nda<\/p>\n\n\n\n<p>hediye paketi, y\u0131lba\u015f\u0131 a\u011fac\u0131, kardan adam, y\u0131ld\u0131z ve sokak lambalar\u0131n\u0131 kaplayan sa\u00e7akl\u0131 \u0131\u015f\u0131kland\u0131rmalar\u0131 tema olarak kulland\u0131.<\/p>\n\n\n\n<p>Her g\u00fcn binlerce vatanda\u015f\u0131n kulland\u0131\u011f\u0131 ana caddelerdeki s\u00fcslemeler, g\u00f6renlerin ilgi oda\u011f\u0131 oldu. Muhte\u015fem \u0131\u015f\u0131lt\u0131lar\u0131n alt\u0131nda hat\u0131ra foto\u011fraflar\u0131 \u00e7ektirerek an\u0131 \u00f6l\u00fcms\u00fczle\u015ftiren vatanda\u015flar Manavgat Belediye Ba\u015fkan\u0131 \u015e\u00fckr\u00fc S\u00f6zen\u2019e te\u015fekk\u00fcr etti.<\/p>\n\n\n\n<p>Manavgat Belediye Ba\u015fkan\u0131 \u015e\u00fckr\u00fc S\u00f6zen, y\u0131lba\u015f\u0131 s\u00fcslemelerinin kent halk\u0131 taraf\u0131ndan b\u00fcy\u00fck bir ilgiyle kar\u015f\u0131land\u0131\u011f\u0131n\u0131 belirtti. Ba\u015fkan S\u00f6zen, \u201c2024\u2019e girmemize say\u0131l\u0131 g\u00fcnler kala kentimizin en i\u015flek caddelerini rengarenk hale getirdik. Ayr\u0131ca bu g\u00fczel anlar\u0131 \u00f6l\u00fcms\u00fczle\u015ftirmesi i\u00e7in vatanda\u015flar\u0131m\u0131za \u00f6z \u00e7ekim alanlar\u0131 da olu\u015fturduk. 2024 \u00fclkemiz ve kentimiz i\u00e7in hay\u0131rlara vesile olmas\u0131n\u0131 temenni ediyor, t\u00fcm vatanda\u015flar\u0131m\u0131za da sa\u011fl\u0131k ve mutluluk getirmesini diliyorum\u201d dedi.<\/p>\n\n\n\n<p>Manavgat Belediyesi \/ B\u00fclten<\/p>\n","protected":false},"excerpt":{"rendered":"<p>Manavgat Belediyesi, 2024 y\u0131l\u0131na girmeye say\u0131l\u0131 g\u00fcnler kala en i\u015flek cadde ve sokaklar\u0131n\u0131 tasarruflu LED ampullerden olu\u015fan y\u0131lba\u015f\u0131 s\u00fcslemeleriyle donatt\u0131. Manavgat Belediye Fen \u0130\u015fleri M\u00fcd\u00fcrl\u00fc\u011f\u00fc <a href=\"https:\/\/akdenizhaber.com.tr\/index.php\/2023\/12\/27\/manavgat-yeni-yila-isil-isil-giriyor\/\" class=\"read-more-link\">[more&#8230;]<\/a><\/p>\n","protected":false},"author":2,"featured_media":19108,"comment_status":"open","ping_status":"open","sticky":false,"template":"","format":"standard","meta":{"footnotes":""},"categories":[2],"tags":[],"class_list":["post-19107","post","type-post","status-publish","format-standard","has-post-thumbnail","hentry","category-gundem"],"_links":{"self":[{"href":"https:\/\/akdenizhaber.com.tr\/index.php\/wp-json\/wp\/v2\/posts\/19107","targetHints":{"allow":["GET"]}}],"collection":[{"href":"https:\/\/akdenizhaber.com.tr\/index.php\/wp-json\/wp\/v2\/posts"}],"about":[{"href":"https:\/\/akdenizhaber.com.tr\/index.php\/wp-json\/wp\/v2\/types\/post"}],"author":[{"embeddable":true,"href":"https:\/\/akdenizhaber.com.tr\/index.php\/wp-json\/wp\/v2\/users\/2"}],"replies":[{"embeddable":true,"href":"https:\/\/akdenizhaber.com.tr\/index.php\/wp-json\/wp\/v2\/comments?post=19107"}],"version-history":[{"count":0,"href":"https:\/\/akdenizhaber.com.tr\/index.php\/wp-json\/wp\/v2\/posts\/19107\/revisions"}],"wp:featuredmedia":[{"embeddable":true,"href":"https:\/\/akdenizhaber.com.tr\/index.php\/wp-json\/wp\/v2\/media\/19108"}],"wp:attachment":[{"href":"https:\/\/akdenizhaber.com.tr\/index.php\/wp-json\/wp\/v2\/media?parent=19107"}],"wp:term":[{"taxonomy":"category","embeddable":true,"href":"https:\/\/akdenizhaber.com.tr\/index.php\/wp-json\/wp\/v2\/categories?post=19107"},{"taxonomy":"post_tag","embeddable":true,"href":"https:\/\/akdenizhaber.com.tr\/index.php\/wp-json\/wp\/v2\/tags?post=19107"}],"curies":[{"name":"wp","href":"https:\/\/api.w.org\/{rel}","templated":true}]}}