{"id":19104,"date":"2023-12-27T12:08:05","date_gmt":"2023-12-27T09:08:05","guid":{"rendered":"https:\/\/akdenizhaber.com.tr\/?p=19104"},"modified":"2023-12-27T12:08:05","modified_gmt":"2023-12-27T09:08:05","slug":"eski-bakan-yasar-okuyan-hayatini-kaybetti","status":"publish","type":"post","link":"https:\/\/akdenizhaber.com.tr\/index.php\/2023\/12\/27\/eski-bakan-yasar-okuyan-hayatini-kaybetti\/","title":{"rendered":"Eski Bakan Ya\u015far Okuyan hayat\u0131n\u0131 kaybetti"},"content":{"rendered":"\n<p>Anavatan Partisi d\u00f6neminin Sosyal G\u00fcvenlik Bakan\u0131 Ya\u015far Okuyan tedavi g\u00f6rd\u00fc\u011f\u00fc Ba\u015fkent \u00dcniversitesi Hastanesi&#8217;nde \u00e7oklu organ yetmezli\u011fine ba\u011fl\u0131 hayat\u0131n\u0131 kaybetti. Ba\u015fkent \u00dcniversitesinden yap\u0131lan a\u00e7\u0131klamada, &#8220;Say\u0131n Ya\u015far Okuyan bu sabaha kar\u015f\u0131 hayat\u0131n\u0131 kaybetmi\u015ftir. Uzun s\u00fcredir hastanede&nbsp; tedavi alt\u0131nda olan Ya\u015far Okuyan&#8217;\u0131n sa\u011fl\u0131k durumu son haftada a\u011f\u0131rla\u015fm\u0131\u015f ve 26 Aral\u0131k 2023 tarihinde saat 02.46&#8217;da t\u00fcm \u00e7abalar\u0131m\u0131za kar\u015f\u0131 \u00e7oklu organ yetmezli\u011fi ile hayat\u0131n\u0131 kaybetmi\u015ftir. Ailesine ve t\u00fcm sevenlerine ba\u015fsa\u011fl\u0131\u011f\u0131 dileriz&#8221; denildi.<\/p>\n\n\n\n<p>YA\u015eAR OKUYAN K\u0130MD\u0130R?<\/p>\n\n\n\n<p>Ya\u015far Okuyan, 28 A\u011fustos 1950 y\u0131l\u0131nda Aslen Rize&#8217;nin \u00c7ayeli il\u00e7esine ba\u011fl\u0131 B\u00fcy\u00fckk\u00f6y&#8217;den Yalova&#8217;n\u0131n Elmal\u0131k k\u00f6y\u00fcne yerle\u015fmi\u015f bir ailenin \u00e7ocu\u011fu olarak do\u011fdu.<\/p>\n\n\n\n<p>MHP, ANAP, DYP, HYP ve CHP dahil olmak \u00fczere dokuz farkl\u0131 partide&nbsp;siyaset&nbsp;yapt\u0131. 1995-2002 y\u0131llar\u0131 aras\u0131nda Yalova milletvekili, 1999-2002 y\u0131llar\u0131 aras\u0131nda \u00c7al\u0131\u015fma ve Sosyal G\u00fcvenlik Bakanl\u0131\u011f\u0131 g\u00f6revini y\u00fcr\u00fctt\u00fc.<\/p>\n\n\n\n<p>\u0130stanbul \u00d6zel Gazetecilik Y\u00fcksek Okulu&#8217;ndan mezun olan Ya\u015far Okuyan, 21 y\u0131l \u00e7e\u015fitli&nbsp;gazete, dergi ve ajansta muhabirlik, foto muhabirlik, k\u00f6\u015fe yazarl\u0131\u011f\u0131, istihbarat m\u00fcd\u00fcrl\u00fc\u011f\u00fc yapt\u0131 ve s\u00fcrekli bas\u0131n kart\u0131 almaya hak kazand\u0131.<\/p>\n\n\n\n<p>Bir d\u00f6nem \u0130mbat \u015eirketler Grubu y\u00f6netim kurulu ba\u015fkan\u0131 olarak g\u00f6rev yapt\u0131.<\/p>\n\n\n\n<p>Ya\u015far Okuyan, evli ve \u00fc\u00e7 \u00e7ocuk babas\u0131d\u0131r. 1980 \u00f6ncesinde MHP&#8217;de siyaset yapt\u0131\u011f\u0131 d\u00f6nemde, karde\u015fi Arif Okuyan T\u00fcrkiye Kom\u00fcnist Partisi (TKP )\u00fcyesiydi ve parti organlar\u0131ndan \u00dcr\u00fcn dergisinin sahibiydi.&#8221;<\/p>\n\n\n\n<p>&nbsp;Ya\u015far Okuyan en son Manavgat&#8217;a gazeteci ve CHP \u0130zmir Milletvekili Mustafa Balbay ile birlikte CHP ve MHP&#8217; in Cumhurba\u015fkan\u0131 Aday\u0131 Ekmeleddin \u0130hsano\u011fluna oy istemek ve destek vermek i\u00e7in Manavgat \u0130brahim S\u0131rr\u0131 S\u00f6zen K\u00fclt\u00fcr Merkezi&#8217;nde konferans vermi\u015fti.<\/p>\n\n\n\n<p>Haber\/Abdurrahman B\u00fcy\u00fckkeskin<\/p>\n","protected":false},"excerpt":{"rendered":"<p>Anavatan Partisi d\u00f6neminin Sosyal G\u00fcvenlik Bakan\u0131 Ya\u015far Okuyan tedavi g\u00f6rd\u00fc\u011f\u00fc Ba\u015fkent \u00dcniversitesi Hastanesi&#8217;nde \u00e7oklu organ yetmezli\u011fine ba\u011fl\u0131 hayat\u0131n\u0131 kaybetti. Ba\u015fkent \u00dcniversitesinden yap\u0131lan a\u00e7\u0131klamada, &#8220;Say\u0131n Ya\u015far <a href=\"https:\/\/akdenizhaber.com.tr\/index.php\/2023\/12\/27\/eski-bakan-yasar-okuyan-hayatini-kaybetti\/\" class=\"read-more-link\">[more&#8230;]<\/a><\/p>\n","protected":false},"author":2,"featured_media":19105,"comment_status":"open","ping_status":"open","sticky":false,"template":"","format":"standard","meta":{"footnotes":""},"categories":[2],"tags":[],"class_list":["post-19104","post","type-post","status-publish","format-standard","has-post-thumbnail","hentry","category-gundem"],"_links":{"self":[{"href":"https:\/\/akdenizhaber.com.tr\/index.php\/wp-json\/wp\/v2\/posts\/19104","targetHints":{"allow":["GET"]}}],"collection":[{"href":"https:\/\/akdenizhaber.com.tr\/index.php\/wp-json\/wp\/v2\/posts"}],"about":[{"href":"https:\/\/akdenizhaber.com.tr\/index.php\/wp-json\/wp\/v2\/types\/post"}],"author":[{"embeddable":true,"href":"https:\/\/akdenizhaber.com.tr\/index.php\/wp-json\/wp\/v2\/users\/2"}],"replies":[{"embeddable":true,"href":"https:\/\/akdenizhaber.com.tr\/index.php\/wp-json\/wp\/v2\/comments?post=19104"}],"version-history":[{"count":0,"href":"https:\/\/akdenizhaber.com.tr\/index.php\/wp-json\/wp\/v2\/posts\/19104\/revisions"}],"wp:featuredmedia":[{"embeddable":true,"href":"https:\/\/akdenizhaber.com.tr\/index.php\/wp-json\/wp\/v2\/media\/19105"}],"wp:attachment":[{"href":"https:\/\/akdenizhaber.com.tr\/index.php\/wp-json\/wp\/v2\/media?parent=19104"}],"wp:term":[{"taxonomy":"category","embeddable":true,"href":"https:\/\/akdenizhaber.com.tr\/index.php\/wp-json\/wp\/v2\/categories?post=19104"},{"taxonomy":"post_tag","embeddable":true,"href":"https:\/\/akdenizhaber.com.tr\/index.php\/wp-json\/wp\/v2\/tags?post=19104"}],"curies":[{"name":"wp","href":"https:\/\/api.w.org\/{rel}","templated":true}]}}