{"id":19101,"date":"2023-12-27T12:07:32","date_gmt":"2023-12-27T09:07:32","guid":{"rendered":"https:\/\/akdenizhaber.com.tr\/?p=19101"},"modified":"2023-12-27T12:07:32","modified_gmt":"2023-12-27T09:07:32","slug":"ali-uslu-vefat-etti","status":"publish","type":"post","link":"https:\/\/akdenizhaber.com.tr\/index.php\/2023\/12\/27\/ali-uslu-vefat-etti\/","title":{"rendered":"Ali Uslu Vefat Etti"},"content":{"rendered":"\n<p>\u0130l\u00e7emizin sevilen ve say\u0131lan muhasebecilerden Ali Uslu ge\u00e7ti\u011fimiz g\u00fcn ya\u015fama veda etti.<\/p>\n\n\n\n<p>Sosyal demokrat, Atat\u00fcrk\u00e7\u00fc ki\u015fili\u011finin yan\u0131 s\u0131ra h\u00fcmanist bir insan olarak tan\u0131nan Ali Uslu\u2019nun erken vefat\u0131 meslekta\u015flar\u0131 ve ailesini derin \u00fcz\u00fcnt\u00fclere sevk etti.<\/p>\n\n\n\n<p>Yakaland\u0131\u011f\u0131 rahats\u0131zl\u0131k nedeniyle tedavi g\u00f6rd\u00fc\u011f\u00fc s\u0131rada vefat eden Ali Uslu\u2019ya Allahtan rahmet, kederli ailesine ve meslekta\u015flar\u0131na ba\u015fsa\u011fl\u0131\u011f\u0131 ve sab\u0131rlar diliyoruz.<\/p>\n\n\n\n<p>Ali Uslu d\u00fcn ikindi namaz\u0131na m\u00fcteakiben Side mezarl\u0131\u011f\u0131nda sevenleri taraf\u0131ndan topra\u011fa verildi.<\/p>\n\n\n\n<p>(Haber Merkezi)<\/p>\n","protected":false},"excerpt":{"rendered":"<p>\u0130l\u00e7emizin sevilen ve say\u0131lan muhasebecilerden Ali Uslu ge\u00e7ti\u011fimiz g\u00fcn ya\u015fama veda etti. Sosyal demokrat, Atat\u00fcrk\u00e7\u00fc ki\u015fili\u011finin yan\u0131 s\u0131ra h\u00fcmanist bir insan olarak tan\u0131nan Ali Uslu\u2019nun <a href=\"https:\/\/akdenizhaber.com.tr\/index.php\/2023\/12\/27\/ali-uslu-vefat-etti\/\" class=\"read-more-link\">[more&#8230;]<\/a><\/p>\n","protected":false},"author":2,"featured_media":19102,"comment_status":"open","ping_status":"open","sticky":false,"template":"","format":"standard","meta":{"footnotes":""},"categories":[2],"tags":[],"class_list":["post-19101","post","type-post","status-publish","format-standard","has-post-thumbnail","hentry","category-gundem"],"_links":{"self":[{"href":"https:\/\/akdenizhaber.com.tr\/index.php\/wp-json\/wp\/v2\/posts\/19101","targetHints":{"allow":["GET"]}}],"collection":[{"href":"https:\/\/akdenizhaber.com.tr\/index.php\/wp-json\/wp\/v2\/posts"}],"about":[{"href":"https:\/\/akdenizhaber.com.tr\/index.php\/wp-json\/wp\/v2\/types\/post"}],"author":[{"embeddable":true,"href":"https:\/\/akdenizhaber.com.tr\/index.php\/wp-json\/wp\/v2\/users\/2"}],"replies":[{"embeddable":true,"href":"https:\/\/akdenizhaber.com.tr\/index.php\/wp-json\/wp\/v2\/comments?post=19101"}],"version-history":[{"count":0,"href":"https:\/\/akdenizhaber.com.tr\/index.php\/wp-json\/wp\/v2\/posts\/19101\/revisions"}],"wp:featuredmedia":[{"embeddable":true,"href":"https:\/\/akdenizhaber.com.tr\/index.php\/wp-json\/wp\/v2\/media\/19102"}],"wp:attachment":[{"href":"https:\/\/akdenizhaber.com.tr\/index.php\/wp-json\/wp\/v2\/media?parent=19101"}],"wp:term":[{"taxonomy":"category","embeddable":true,"href":"https:\/\/akdenizhaber.com.tr\/index.php\/wp-json\/wp\/v2\/categories?post=19101"},{"taxonomy":"post_tag","embeddable":true,"href":"https:\/\/akdenizhaber.com.tr\/index.php\/wp-json\/wp\/v2\/tags?post=19101"}],"curies":[{"name":"wp","href":"https:\/\/api.w.org\/{rel}","templated":true}]}}