{"id":19092,"date":"2023-12-27T12:05:39","date_gmt":"2023-12-27T09:05:39","guid":{"rendered":"https:\/\/akdenizhaber.com.tr\/?p=19092"},"modified":"2023-12-27T12:05:39","modified_gmt":"2023-12-27T09:05:39","slug":"toptanci-halimiz-ekonominin-can-damari","status":"publish","type":"post","link":"https:\/\/akdenizhaber.com.tr\/index.php\/2023\/12\/27\/toptanci-halimiz-ekonominin-can-damari\/","title":{"rendered":"\u201cToptanc\u0131 Halimiz Ekonominin Can Damar\u0131\u201d"},"content":{"rendered":"\n<p>Antalya\u2019n\u0131n Finike il\u00e7esinde, toptanc\u0131 hali 2023 &#8211; 2024 sezonu t\u00f6renle a\u00e7\u0131ld\u0131. Finike\u2019de \u00fcreticinin ve t\u00fcketicinin her zaman yan\u0131nda olduklar\u0131n\u0131 s\u00f6yleyen Finike Belediye Ba\u015fkan\u0131 Mustafa Geyik\u00e7i, \u201cBizler ge\u00e7ti\u011fimiz y\u0131llarda oldu\u011fu gibi yine \u00fcreticiler ve t\u00fcccarlar\u0131m\u0131z\u0131n enflasyon i\u00e7in g\u00fcnah ke\u00e7isi ilan edilmesini istemiyoruz\u201d dedi.<\/p>\n\n\n\n<p>Finike ya\u015f sebze ve meyve Toptanc\u0131 Hali\u2019nde yeni sezon t\u00f6renle ba\u015flad\u0131.Finike Belediye Ba\u015fkan\u0131 Mustafa Geyik\u00e7i\u2019nin ev sahipli\u011finde ger\u00e7ekle\u015ftirilen t\u00f6rene Antalya Valisi Hulusi \u015eahin, Antalya B\u00fcy\u00fck\u015fehir Belediye Ba\u015fkan\u0131 Muhittin B\u00f6cek, Finike Kaymakam\u0131 Musa Kaz\u0131m \u00c7elik, CHP Antalya \u0130l Ba\u015fkan\u0131 Nail Kamac\u0131, Kumluca Belediye Ba\u015fkan\u0131 Mustafa K\u00f6leo\u011flu, Elmal\u0131 Belediye Ba\u015fkan\u0131 Halil \u00d6zt\u00fcrk, Demre Belediye Ba\u015fkan\u0131 G\u00fcls\u00fcm Cengiz, Muratpa\u015fa Belediye Ba\u015fkan\u0131 \u00dcmit Uysal, CHP Finike \u0130l\u00e7e Ba\u015fkan\u0131 Uygar \u00c7arban, Finike Komisyoncular Derne\u011fi Ba\u015fkan\u0131 \u0130smail Karata\u015f,T\u00fcrkiye Halciler Federasyonu Ba\u015fkan\u0131 Y\u00fcksel Tav\u015fan,27. d\u00f6nem CHP Antalya Milletvekili Ayd\u0131n \u00d6zer, siyasi parti temsilcileri,meclis \u00fcyeleri, muhtarlar, STK, dernek, oda temsilcileri, komisyoncu, t\u00fcccar ve \u00e7ok say\u0131da vatanda\u015f kat\u0131ld\u0131. T\u00f6ren sayg\u0131 duru\u015fu ve \u0130stiklal Mar\u015f\u0131 ile ba\u015flad\u0131. Ard\u0131ndan a\u00e7\u0131l\u0131\u015f konu\u015fmalar\u0131yla devam etti.Finike Toptanc\u0131 Hali Sezon a\u00e7\u0131l\u0131\u015f konu\u015fmalar\u0131n\u0131n ba\u015f\u0131nda t\u00fcm konu\u015fmac\u0131lar, Pen\u00e7e-Kilit operasyonunda \u015fehit d\u00fc\u015fen 12 askerimize Allah\u2019tan rahmet, kederli ailelerine ba\u015fsa\u011fl\u0131\u011f\u0131 diledi.<\/p>\n\n\n\n<p><strong>\u201cTOPTANCI HAL\u0130M\u0130Z EKONOM\u0130N\u0130N CAN DAMARI\u201d<\/strong><\/p>\n\n\n\n<p>Finike Toptanc\u0131 hal sezonu a\u00e7\u0131l\u0131\u015f\u0131n\u0131n \u00fcreticilerin, t\u00fcccar\u0131n ve hal esnaf\u0131n\u0131n \u2018bayram g\u00fcn\u00fc\u2019 oldu\u011funu s\u00f6yleyenFinike Belediye Ba\u015fkan\u0131 Mustafa Geyik\u00e7i t\u00f6rende yapt\u0131\u011f\u0131 konu\u015fmada, \u201c\u00dcreten, sofralara ula\u015ft\u0131ran, i\u015fleyen, satan t\u00fcm payda\u015flar\u0131m\u0131z i\u00e7in bereketli ve hay\u0131rl\u0131 bir sezon olmas\u0131n\u0131 diliyorum.Bug\u00fcn, ekonomimizin can damar\u0131 olan Toptanc\u0131 Halimizde yeni sezonumuzu a\u00e7man\u0131n mutlulu\u011funu ya\u015f\u0131yoruz. Belediye ba\u015fkan\u0131 olmam\u0131n yan\u0131 s\u0131ra bir taraftan \u00fcretici, bir taraftan hal esnaf\u0131 olarak y\u0131llarca burada \u00e7al\u0131\u015fm\u0131\u015f, emek vermi\u015f, sizlerle birlikte buralarda mesai harcam\u0131\u015f bir karde\u015finizim.Sizlerin sorunlar\u0131n\u0131, taleplerini ve ihtiya\u00e7lar\u0131n\u0131z\u0131 yak\u0131ndan biliyorum. Bu do\u011frultuda sizlerin memnuniyeti ve verimli \u00e7al\u0131\u015fmas\u0131 ad\u0131na elimizden geleni yap\u0131yoruz. Yapmaya da devam edece\u011fiz\u201d dedi.<\/p>\n\n\n\n<p><strong>\u201cTOPRA\u011eIMIZA M\u0130NNET ETT\u0130K\u201d<\/strong><\/p>\n\n\n\n<p>\u0130l\u00e7e ekonomisinin lokomotifinin tar\u0131m sekt\u00f6r\u00fc oldu\u011funu s\u00f6yleyen Ba\u015fkan Geyik\u00e7i, \u201cSekt\u00f6r il\u00e7emizde ya\u015fayan her vatanda\u015f\u0131m\u0131z\u0131 do\u011frudan etkilemektedir. Ya\u015fanabilecek bir olumsuzluk esnaf\u0131m\u0131z\u0131, \u00e7ift\u00e7imizi, i\u015f\u00e7imizi, istihdam\u0131m\u0131z\u0131 yani il\u00e7emizin t\u00fcm dinamiklerini etkilemektedir.Bunu ge\u00e7en y\u0131l ya\u015fanan afette bir kez daha anlad\u0131k.Dolu ya\u011fd\u0131\u011f\u0131nda, don vurdu\u011funda, \u00fcreticimiz sabahlara kadar \u00fcr\u00fcnlerinin ba\u015f\u0131nda n\u00f6bet tutarken anlad\u0131k.\u00dcr\u00fcnlerimize yurtd\u0131\u015f\u0131 kotalar\u0131 konuldu\u011fu zaman anlad\u0131k.\u0130nce ince i\u015fleyerek \u00fcretti\u011fimiz g\u00f6z nuru \u00fcr\u00fcnlerimizin para etmedi\u011fi i\u00e7in dallar\u0131nda kald\u0131\u011f\u0131nda anlad\u0131k.Anlad\u0131k ancak \u00fcretmekten hi\u00e7bir zaman vazge\u00e7medik.Topra\u011f\u0131m\u0131za minnet ettik.Finike\u2019den \u00fclkemizin d\u00f6rt bir yan\u0131ndaki vatanda\u015flar\u0131m\u0131z\u0131n sofralar\u0131na en g\u00fczel \u00fcr\u00fcnleri yollad\u0131k.\u00dcr\u00fcnlerimizin \u00fcn\u00fcn\u00fc yaln\u0131zca \u00fclkemize de\u011fil, ihracat\u00e7\u0131lar\u0131m\u0131z sayesinde d\u00fcnya sahnesine ta\u015f\u0131d\u0131k.Emek veren herkese bir kez daha te\u015fekk\u00fcr ediyorum. \u0130l\u00e7emizin ekonomisi, istihdam\u0131, kalk\u0131nmas\u0131 i\u00e7in \u00e7ok b\u00fcy\u00fck emekler veriyorsunuz.Var olun!\u201d diye konu\u015ftu.<\/p>\n\n\n\n<p><strong>\u201c\u00dcR\u00dcNLER\u0130M\u0130Z\u0130N MARKA DE\u011eER\u0130 D\u00dc\u015e\u00dcYOR\u201d<\/strong><\/p>\n\n\n\n<p>Konu\u015fmas\u0131n\u0131n devam\u0131nda Finike ile ilgili baz\u0131 sorunlara de\u011finen Ba\u015fkan Geyik\u00e7i, \u201cD\u00fcnya markas\u0131 Finike Portakal\u0131m\u0131z\u0131 duymayan, bilmeyen yoktur.Finike\u2019den d\u00fcnyaya ula\u015ft\u0131rd\u0131\u011f\u0131m\u0131z co\u011frafi i\u015faretli portakal\u0131m\u0131zdan her y\u0131l yakla\u015f\u0131k 250 bin ton \u00fcr\u00fcn hasat ediyoruz.T\u00fcrkiye\u2019de 350-400 bin ton Finike Portakal\u0131 sat\u0131l\u0131yor! Ba\u015fka b\u00f6lgelerde \u00fcretilen \u00fcr\u00fcnlerin \u00fczerine Finike Portakal\u0131 yaz\u0131p ge\u00e7iyorlar. Bu bizim \u00fcr\u00fcnlerimizin de marka de\u011ferini etkiliyor. Bunun i\u00e7in \u00f6zel bir \u00f6nlem al\u0131nmas\u0131n\u0131 istiyoruz. Finike Portakal\u0131 almak isteyen hangi market, i\u015fletme, fabrika olursa olsun, mutlaka \u00fcretim ile ilgili \u00fcr\u00fcnlerin ge\u00e7mi\u015flerini kontrol etsin. Bizler portakal\u0131m\u0131z\u0131n ad\u0131n\u0131n ve tad\u0131n\u0131n farkl\u0131 \u00fcr\u00fcnlerle kar\u0131\u015ft\u0131r\u0131lmas\u0131n\u0131 istemiyoruz\u201d \u015feklinde konu\u015ftu.<\/p>\n\n\n\n<p><strong>\u201cTARIM SEKT\u00d6R\u00dcM\u00dcZ ZOR G\u00dcNLER GE\u00c7\u0130R\u0130YOR\u201d<\/strong><\/p>\n\n\n\n<p>Her ge\u00e7en g\u00fcn y\u00fckselen girdi maliyetlerine de de\u011finen Ba\u015fkan Geyik\u00e7i, \u201cTarlada \u00fcr\u00fcn\u00fcn \u00fcretilmesinde kullan\u0131lan trakt\u00f6r\u00fcn mazotundan, topra\u011fa at\u0131lan g\u00fcbresine, \u00fcr\u00fcn\u00fcn toplanmas\u0131ndan, fabrikaya ta\u015f\u0131nmas\u0131na, i\u015flenmesinden, g\u00f6nderilmesine kadar her alanda artan maliyetler y\u00fcz\u00fcnden tar\u0131m sekt\u00f6r\u00fcm\u00fcz zor g\u00fcnler ge\u00e7irmektedir. \u00d6zellikle artan yak\u0131t, i\u015f\u00e7i, enerji maliyetleri \u00fcr\u00fcnlerimizin de maliyetlerini do\u011frudan art\u0131r\u0131yor. Bizler ge\u00e7ti\u011fimiz y\u0131llarda oldu\u011fu gibi yine \u00fcreticiler ve t\u00fcccarlar\u0131m\u0131z\u0131n enflasyon i\u00e7in g\u00fcnah ke\u00e7isi ilan edilmesini istemiyoruz. \u00dcreticiden, t\u00fcccara, fabrikadan, lojisti\u011fe kadar sekt\u00f6r\u00fcn b\u00fct\u00fcn payda\u015flar\u0131n\u0131n \u00f6zel olarak desteklenmesini istiyoruz. Sekt\u00f6r\u00fcn yaln\u0131z kalmas\u0131n\u0131 istemiyoruz\u201d dedi.<\/p>\n\n\n\n<p><strong>\u201cANTALYA\u2019MIZA VE \u00dcLKEM\u0130ZE HAYIRLI OLSUN\u201d<\/strong><\/p>\n\n\n\n<p>Finike Komisyoncular Derne\u011fi Ba\u015fkan\u0131 \u0130smail Karata\u015f ise t\u00f6rende yapt\u0131\u011f\u0131 konu\u015fmada, \u201cFinike toptanc\u0131 halimiz b\u00f6lge halleri aras\u0131nda y\u0131ll\u0131k ortalama 1.3 milyon ton sebze meyvenin giri\u015f yapt\u0131\u011f\u0131 b\u00f6lgenin en \u00f6nemli hallerinden birisidir. Y\u0131ll\u0131k yakla\u015f\u0131k olarak b\u00f6lge \u00e7ift\u00e7imize, Finike\u2019mize ve \u00fclke ekonomisine 1 trilyon 350 bin lira katk\u0131 vermektedir\u201d derken Antalya B\u00fcy\u00fck\u015fehir Belediye Ba\u015fkan\u0131 Muhittin B\u00f6cek ise, \u201cYerelden kalk\u0131nma hedefi ile \u00e7\u0131kt\u0131\u011f\u0131m\u0131z yolda, planl\u0131 ve s\u00fcrd\u00fcr\u00fclebilir bir tar\u0131m i\u00e7in b\u0131kmadan, yorulmadan Antalya\u2019m\u0131z\u0131n 19 il\u00e7esinde \u00fcreticilerimizle, k\u00f6yl\u00fcm\u00fczle i\u015fbirli\u011fi i\u00e7erisinde \u00e7al\u0131\u015fmaya devam ediyoruz.Hal sezon a\u00e7\u0131l\u0131\u015f\u0131m\u0131z\u0131n \u00fcreticilerimize, hal esnaf\u0131m\u0131za, t\u00fcm Antalya\u2019m\u0131za ve \u00fclkemize hay\u0131rl\u0131 olmas\u0131n\u0131, bereketli ve bol kazan\u00e7l\u0131 bir sezon olmas\u0131n\u0131 diliyorum\u201d diye konu\u015ftu.Antalya Valisi Hulusi \u015eahin ise \u201cAntalya bu g\u00fczel co\u011frafyan\u0131n hakk\u0131n\u0131, \u00e7al\u0131\u015fkan \u00fcreticisiyle, \u00e7ift\u00e7isiyle, komisyoncusuyla, t\u00fcccar\u0131yla veriyor, \u00fcretiyor ve T\u00fcrkiye\u2019yi asl\u0131nda bir nevi doyuruyor, katma de\u011fer sa\u011fl\u0131yor. O a\u00e7\u0131dan yapm\u0131\u015f oldu\u011fu t\u00fcm hizmetler her t\u00fcrl\u00fc takdiri hak ediyor\u201d dedi.<\/p>\n\n\n\n<p><strong>PLAKET TAKD\u0130M ED\u0130LD\u0130<\/strong><\/p>\n\n\n\n<p>Konu\u015fmalar\u0131n ard\u0131ndan, ba\u015fta Finike Belediye Ba\u015fkan\u0131 Mustafa Geyik\u00e7i olmak \u00fczereAntalya Valisi Hulusi \u015eahin\u2019e, Finike Kaymakam\u0131 Musa Kaz\u0131m \u00c7elik\u2019e, Antalya B\u00fcy\u00fck\u015fehir Belediye Ba\u015fkan\u0131 Muhittin B\u00f6cek\u2019e, T\u00fcrkiye Halciler Federasyonu Ba\u015fkan\u0131 Y\u00fcksel Tav\u015fan\u2019a plaket takdim edildi. Daha sonra dualarla sezon a\u00e7\u0131l\u0131\u015f\u0131 ger\u00e7ekle\u015ftirildi. Ba\u015fkan B\u00f6cek ve Ba\u015fkan Geyik\u00e7i a\u00e7\u0131l\u0131\u015f\u0131n ard\u0131ndan hal esnaf\u0131n\u0131 ziyaret ederek, bereketli bir sezon diledi.<\/p>\n\n\n\n<p>Finike Belediyesi \/ B\u00fclten<\/p>\n","protected":false},"excerpt":{"rendered":"<p>Antalya\u2019n\u0131n Finike il\u00e7esinde, toptanc\u0131 hali 2023 &#8211; 2024 sezonu t\u00f6renle a\u00e7\u0131ld\u0131. Finike\u2019de \u00fcreticinin ve t\u00fcketicinin her zaman yan\u0131nda olduklar\u0131n\u0131 s\u00f6yleyen Finike Belediye Ba\u015fkan\u0131 Mustafa Geyik\u00e7i, <a href=\"https:\/\/akdenizhaber.com.tr\/index.php\/2023\/12\/27\/toptanci-halimiz-ekonominin-can-damari\/\" class=\"read-more-link\">[more&#8230;]<\/a><\/p>\n","protected":false},"author":2,"featured_media":19093,"comment_status":"open","ping_status":"open","sticky":false,"template":"","format":"standard","meta":{"footnotes":""},"categories":[2],"tags":[],"class_list":["post-19092","post","type-post","status-publish","format-standard","has-post-thumbnail","hentry","category-gundem"],"_links":{"self":[{"href":"https:\/\/akdenizhaber.com.tr\/index.php\/wp-json\/wp\/v2\/posts\/19092","targetHints":{"allow":["GET"]}}],"collection":[{"href":"https:\/\/akdenizhaber.com.tr\/index.php\/wp-json\/wp\/v2\/posts"}],"about":[{"href":"https:\/\/akdenizhaber.com.tr\/index.php\/wp-json\/wp\/v2\/types\/post"}],"author":[{"embeddable":true,"href":"https:\/\/akdenizhaber.com.tr\/index.php\/wp-json\/wp\/v2\/users\/2"}],"replies":[{"embeddable":true,"href":"https:\/\/akdenizhaber.com.tr\/index.php\/wp-json\/wp\/v2\/comments?post=19092"}],"version-history":[{"count":0,"href":"https:\/\/akdenizhaber.com.tr\/index.php\/wp-json\/wp\/v2\/posts\/19092\/revisions"}],"wp:featuredmedia":[{"embeddable":true,"href":"https:\/\/akdenizhaber.com.tr\/index.php\/wp-json\/wp\/v2\/media\/19093"}],"wp:attachment":[{"href":"https:\/\/akdenizhaber.com.tr\/index.php\/wp-json\/wp\/v2\/media?parent=19092"}],"wp:term":[{"taxonomy":"category","embeddable":true,"href":"https:\/\/akdenizhaber.com.tr\/index.php\/wp-json\/wp\/v2\/categories?post=19092"},{"taxonomy":"post_tag","embeddable":true,"href":"https:\/\/akdenizhaber.com.tr\/index.php\/wp-json\/wp\/v2\/tags?post=19092"}],"curies":[{"name":"wp","href":"https:\/\/api.w.org\/{rel}","templated":true}]}}