{"id":19088,"date":"2023-12-27T12:04:53","date_gmt":"2023-12-27T09:04:53","guid":{"rendered":"https:\/\/akdenizhaber.com.tr\/?p=19088"},"modified":"2023-12-27T12:04:54","modified_gmt":"2023-12-27T09:04:54","slug":"dosiadtan-2023e-veda-toplantisi","status":"publish","type":"post","link":"https:\/\/akdenizhaber.com.tr\/index.php\/2023\/12\/27\/dosiadtan-2023e-veda-toplantisi\/","title":{"rendered":"D\u00d6S\u0130AD\u2019tan 2023\u2019e veda toplant\u0131s\u0131"},"content":{"rendered":"\n<p>D\u00f6\u015femealt\u0131 Sanayici ve \u0130\u015fadamlar\u0131 Derne\u011fi (D\u00d6S\u0130AD), 2023 y\u0131l\u0131n\u0131n son toplant\u0131s\u0131n\u0131 ger\u00e7ekle\u015ftirdi. Toplant\u0131da 2024 pasta kesilerek kutlan\u0131rken kurucu \u00fcyeler hediye ile onurland\u0131r\u0131ld\u0131<\/p>\n\n\n\n<p>D\u00f6\u015femealt\u0131 Sanayici ve \u0130\u015fadamlar\u0131 Derne\u011fi (D\u00d6S\u0130AD), 2023\u2019\u00fcn son toplant\u0131s\u0131n\u0131 dernek binas\u0131nda ger\u00e7ekle\u015ftirdi. Toplant\u0131ya Antalya Bilim \u00dcniversitesi Rekt\u00f6r\u00fc Prof. Dr. \u0130smail Y\u00fcksek konuk olarak kat\u0131ld\u0131. 2023 y\u0131l\u0131n\u0131n de\u011ferlendirildi\u011fi toplant\u0131da konu\u015fan D\u00d6S\u0130AD Ba\u015fkan\u0131 G\u00fcltekin Gencer, \u201cZor bir y\u0131l\u0131 geride b\u0131rakt\u0131k. Daha senenin ba\u015f\u0131nda ya\u015fad\u0131\u011f\u0131m\u0131z deprem felaketi hepimizi derinden \u00fczd\u00fc. D\u00d6S\u0130AD olarak deprem b\u00f6lgesine en h\u0131zl\u0131 \u015fekilde yard\u0131mlar\u0131m\u0131z\u0131 ula\u015ft\u0131rd\u0131k\u201d dedi.<\/p>\n\n\n\n<p>D\u00d6S\u0130AD B\u00d6LGEYE DE\u011eER KATIYOR<\/p>\n\n\n\n<p>D\u00d6S\u0130AD\u2019\u0131 14 sene \u00f6nce kurduklar\u0131n\u0131 ve zamanla b\u00fcy\u00fck bir aile olduklar\u0131n\u0131 belirten Gencer, \u201cDernek olarak geni\u015f bir uluslararas\u0131 ticaret hacmine sahibiz. \u00c7ok say\u0131da sosyal sorumluluk projesine imza att\u0131k. 2024\u2019te de projelerimize son s\u00fcrat devam edece\u011fiz\u201d diye konu\u015ftu. Gencer\u2019den sonra s\u00f6z olan Antalya Bilim \u00dcniversitesi Rekt\u00f6r\u00fc Prof. Dr. \u0130smail Y\u00fcksek, D\u00d6S\u0130AD\u2019\u0131n b\u00f6lgeye katt\u0131\u011f\u0131 de\u011ferden bahsetti. Y\u00fcksek, \u201cD\u00d6S\u0130AD, il\u00e7emizin kalk\u0131nmas\u0131na b\u00fcy\u00fck katk\u0131 sa\u011fl\u0131yor\u201d dedi.<\/p>\n\n\n\n<p>PASTAYI B\u0130RL\u0130KTE KEST\u0130LER<\/p>\n\n\n\n<p>Rekt\u00f6r Y\u00fcksek, Antalya Bilim \u00dcniversitesi \u00f6\u011frencilerinin staj ve mezuniyetten sonra istihdam konusunda D\u00d6S\u0130AD ile i\u015fbirli\u011fi yap\u0131labilece\u011fini s\u00f6zlerine ekledi. Konu\u015fmalar\u0131n ard\u0131ndan D\u00d6S\u0130AD Kurucu \u00fcyeleri G\u00fcltekin Gencer, Oktay Berbero\u011flu, Hasan L\u00fctfi Yavuz, Dursun \u00d6zdemir ve Kamer U\u011furluel pasta keserek 2023\u2019e \u2018ho\u015f\u00e7a kal\u2019, 2024\u2019e \u2018merhaba\u2019 dedi. Kurucu \u00fcyeler birer hediye ile onurland\u0131r\u0131ld\u0131.<\/p>\n\n\n\n<p>D\u00f6\u015femealt\u0131 Sanayici ve \u0130\u015fadamlar\u0131 Derne\u011fi \/ B\u00fclten<\/p>\n","protected":false},"excerpt":{"rendered":"<p>D\u00f6\u015femealt\u0131 Sanayici ve \u0130\u015fadamlar\u0131 Derne\u011fi (D\u00d6S\u0130AD), 2023 y\u0131l\u0131n\u0131n son toplant\u0131s\u0131n\u0131 ger\u00e7ekle\u015ftirdi. Toplant\u0131da 2024 pasta kesilerek kutlan\u0131rken kurucu \u00fcyeler hediye ile onurland\u0131r\u0131ld\u0131 D\u00f6\u015femealt\u0131 Sanayici ve \u0130\u015fadamlar\u0131 <a href=\"https:\/\/akdenizhaber.com.tr\/index.php\/2023\/12\/27\/dosiadtan-2023e-veda-toplantisi\/\" class=\"read-more-link\">[more&#8230;]<\/a><\/p>\n","protected":false},"author":2,"featured_media":19090,"comment_status":"open","ping_status":"open","sticky":false,"template":"","format":"standard","meta":{"footnotes":""},"categories":[2],"tags":[],"class_list":["post-19088","post","type-post","status-publish","format-standard","has-post-thumbnail","hentry","category-gundem"],"_links":{"self":[{"href":"https:\/\/akdenizhaber.com.tr\/index.php\/wp-json\/wp\/v2\/posts\/19088","targetHints":{"allow":["GET"]}}],"collection":[{"href":"https:\/\/akdenizhaber.com.tr\/index.php\/wp-json\/wp\/v2\/posts"}],"about":[{"href":"https:\/\/akdenizhaber.com.tr\/index.php\/wp-json\/wp\/v2\/types\/post"}],"author":[{"embeddable":true,"href":"https:\/\/akdenizhaber.com.tr\/index.php\/wp-json\/wp\/v2\/users\/2"}],"replies":[{"embeddable":true,"href":"https:\/\/akdenizhaber.com.tr\/index.php\/wp-json\/wp\/v2\/comments?post=19088"}],"version-history":[{"count":0,"href":"https:\/\/akdenizhaber.com.tr\/index.php\/wp-json\/wp\/v2\/posts\/19088\/revisions"}],"wp:featuredmedia":[{"embeddable":true,"href":"https:\/\/akdenizhaber.com.tr\/index.php\/wp-json\/wp\/v2\/media\/19090"}],"wp:attachment":[{"href":"https:\/\/akdenizhaber.com.tr\/index.php\/wp-json\/wp\/v2\/media?parent=19088"}],"wp:term":[{"taxonomy":"category","embeddable":true,"href":"https:\/\/akdenizhaber.com.tr\/index.php\/wp-json\/wp\/v2\/categories?post=19088"},{"taxonomy":"post_tag","embeddable":true,"href":"https:\/\/akdenizhaber.com.tr\/index.php\/wp-json\/wp\/v2\/tags?post=19088"}],"curies":[{"name":"wp","href":"https:\/\/api.w.org\/{rel}","templated":true}]}}