{"id":19085,"date":"2023-12-27T12:03:53","date_gmt":"2023-12-27T09:03:53","guid":{"rendered":"https:\/\/akdenizhaber.com.tr\/?p=19085"},"modified":"2023-12-27T12:03:53","modified_gmt":"2023-12-27T09:03:53","slug":"akdeniz-universitesi-2023-yilinda-93-proje-uretti","status":"publish","type":"post","link":"https:\/\/akdenizhaber.com.tr\/index.php\/2023\/12\/27\/akdeniz-universitesi-2023-yilinda-93-proje-uretti\/","title":{"rendered":"Akdeniz \u00dcniversitesi 2023 y\u0131l\u0131nda 93 proje \u00fcretti"},"content":{"rendered":"\n<p>Akdeniz \u00dcniversitesi Rekt\u00f6r\u00fc Prof. Dr. \u00d6zlenen \u00d6zkan, 2023 Y\u0131l\u0131nda Kabul Edilen D\u0131\u015f Kaynakl\u0131 Projelerle desteklemeye hak kazanan akademisyenlere te\u015fekk\u00fcr belgesi takdim etti. T\u00dcB\u0130TAK, Avrupa Birli\u011fi, T\u00dcSEB ve di\u011fer destekleyici kurumlar taraf\u0131ndan 93 projeye 68 milyon TL destek verildi.<\/p>\n\n\n\n<p>Akdeniz \u00dcniversitesi Senato Salonu\u2019nda d\u00fczenlenen 2023 Y\u0131l\u0131nda Kabul Edilen D\u0131\u015f Kaynakl\u0131 Projeler Toplant\u0131s\u0131na Rekt\u00f6r Prof. Dr. \u00d6zlenen \u00d6zkan\u2019\u0131n yan\u0131 s\u0131ra Rekt\u00f6r Yard\u0131mc\u0131lar\u0131 Prof. Dr. Ay\u015fe G\u00fclbin Ar\u0131c\u0131, Prof. Dr. Cengiz Toker, Prof. Dr. \u015e\u00fckr\u00fc \u00d6zen ve \u00f6d\u00fcl alan akademisyenler kat\u0131ld\u0131.<\/p>\n\n\n\n<p>DI\u015e KAYNAKLARIN \u00d6NEM\u0130NE VURGU<\/p>\n\n\n\n<p>Ge\u00e7ti\u011fimiz g\u00fcnlerde Y\u00d6K taraf\u0131ndan Aday Ara\u015ft\u0131rma \u00dcniversitesi Program\u0131na dahil edildiklerini ifade eden Akdeniz \u00dcniversitesi Rekt\u00f6r\u00fc Prof. Dr. \u00d6zlenen \u00d6zkan \u201cBug\u00fcn burada, \u00fcniversitemizin bilimde \u00f6nc\u00fc rol\u00fcn\u00fc bir kez daha vurgulamak, ba\u015far\u0131lar\u0131m\u0131z\u0131 kutlamak ve siz \u00fcretken hocalar\u0131m\u0131za te\u015fekk\u00fcrlerimizi sunmak amac\u0131yla bir araya geldik. \u00dcniversite olarak bilimsel ara\u015ft\u0131rmalara \u00f6nemli bir b\u00fct\u00e7e ay\u0131r\u0131yoruz. Ancak, daha fazla bilimsel \u00fcretim hedefimize sadece kendi \u00f6z kaynaklar\u0131m\u0131zla ula\u015fmak zor olacakt\u0131r. Bu nedenle, d\u0131\u015f kaynakl\u0131 destekler bizim i\u00e7in b\u00fcy\u00fck \u00f6nem ta\u015f\u0131maktad\u0131r.\u201d dedi.<\/p>\n\n\n\n<p>2023 YILINDA DI\u015e KAYNAKLI 93 PROJE<\/p>\n\n\n\n<p>2023 y\u0131l\u0131nda kabul edilen d\u0131\u015f kaynakl\u0131 desteklenen 93 proje oldu\u011funu s\u00f6yleyen Rekt\u00f6r \u00d6zkan, \u201cToplam b\u00fct\u00e7esi 68 milyon TL olan bu projeler, sadece finansal bir rakam de\u011fil, ayn\u0131 zamanda bilgi \u00fcretimine olan katk\u0131m\u0131z\u0131n somut bir yans\u0131mas\u0131d\u0131r. T\u00dcB\u0130TAK, Avrupa Birli\u011fi, T\u00dcSEB ve di\u011fer destekleyici kurumlarla i\u015f birli\u011fi i\u00e7inde y\u00fcr\u00fct\u00fclen bu projeler, \u00fcniversitemizin ulusal ve uluslararas\u0131 d\u00fczeydeki etkinli\u011fini art\u0131rmaktad\u0131r.\u201d \u015feklinde konu\u015ftu.<\/p>\n\n\n\n<p>S\u0130ZLER BU \u00dcN\u0130VERS\u0130TEN\u0130N GER\u00c7EK HAZ\u0130NELER\u0130S\u0130N\u0130Z<\/p>\n\n\n\n<p>Rekt\u00f6r \u00d6zkan, \u201cYapay Zeka\u2019danbiyoteknolojiye kadar geni\u015f bir yelpazede yer alan bu projelerimiz \u00fcniversitemizi Ara\u015ft\u0131rma \u00dcniversitesi olma hedefine bir ad\u0131m daha yakla\u015ft\u0131r\u0131yor. Bildi\u011finiz gibi Y\u00fcksek\u00f6\u011fretim Kurulumuz taraf\u0131ndan Ara\u015ft\u0131rma \u00dcniversitesi Aday \u0130zleme Program\u0131na dahil edilen 6 \u00fcniversiteden biri olduk. Ara\u015ft\u0131rma \u00fcniversitesi olma hedefimiz, \u00fcniversitemizin bilimsel ara\u015ft\u0131rmalara, projelere ve bilgi \u00fcretimine olan kararl\u0131l\u0131\u011f\u0131n\u0131n bir yans\u0131mas\u0131d\u0131r. Bu yolda emek veren, \u00f6zverili \u00e7al\u0131\u015fmalar\u0131yla s\u00fcrece katk\u0131 koyan siz de\u011ferli hocalar\u0131m\u0131za te\u015fekk\u00fcr etmek istiyorum. Bu hedefe sizin gibi \u00fcretken ve fedak\u00e2r hocalar\u0131m\u0131zla ula\u015faca\u011f\u0131m\u0131zdan hi\u00e7 ku\u015fkum yok. Sizler, bu \u00fcniversitenin ger\u00e7ek hazinelerisiniz ve yapt\u0131\u011f\u0131n\u0131z her ara\u015ft\u0131rma, her proje bizleri daha da ileriye ta\u015f\u0131maktad\u0131r. Gelece\u011fe dair umutlar\u0131m\u0131z\u0131 ve hedeflerimizi payla\u015ft\u0131\u011f\u0131m\u0131z bu kutlu yolda, siz de\u011ferli hocalar\u0131m\u0131zla birlikte nice ba\u015far\u0131lara imza ataca\u011f\u0131m\u0131za olan inanc\u0131m\u0131z tamd\u0131r.\u201d ifadelerini kulland\u0131.<\/p>\n\n\n\n<p>Rekt\u00f6r \u00d6zkan konu\u015fmas\u0131n\u0131n ard\u0131ndan projesi desteklenen akademisyenlere te\u015fekk\u00fcr belgelerini takdim etti.<\/p>\n\n\n\n<p>93 PROJEYE 68 M\u0130LYON DESTEK<\/p>\n\n\n\n<p>T\u00dcB\u0130TAK 1001 Projeleri\u2019nde 13 Proje, T\u00dcB\u0130TAK 1711 (Yapay Zeka Ekosistem) Projelerinde 2 Proje, T\u00dcB\u0130TAK 1003, 1005 ve 3005 Projeleri 4 Proje, T\u00dcB\u0130TAK 1004 Projelerinde 6 Proje, T\u00dcB\u0130TAK Uluslararas\u0131 \u0130\u015f Birli\u011fi Projeleri ile 4 Proje,Avrupa Birli\u011fi ve Di\u011fer Uluslararas\u0131 Projeler ile 7 Proje, T\u00dcB\u0130TAK TEYDEB Projeleri ile 5 Proje, T\u00dcB\u0130TAK 1002 Projeleri ile 28 Proje, T\u00dcSEB Projeleri ile 17 Proje ve Di\u011fer Kurum ve Kurulu\u015flarca Desteklenen Projeler 7 Proje toplamda 68 milyon 851 bin 459 TL desteklendi.<\/p>\n\n\n\n<p>Akdeniz \u00dcniversitesi Rekt\u00f6rl\u00fc\u011f\u00fc \/ B\u00fclten<\/p>\n","protected":false},"excerpt":{"rendered":"<p>Akdeniz \u00dcniversitesi Rekt\u00f6r\u00fc Prof. Dr. \u00d6zlenen \u00d6zkan, 2023 Y\u0131l\u0131nda Kabul Edilen D\u0131\u015f Kaynakl\u0131 Projelerle desteklemeye hak kazanan akademisyenlere te\u015fekk\u00fcr belgesi takdim etti. T\u00dcB\u0130TAK, Avrupa Birli\u011fi, <a href=\"https:\/\/akdenizhaber.com.tr\/index.php\/2023\/12\/27\/akdeniz-universitesi-2023-yilinda-93-proje-uretti\/\" class=\"read-more-link\">[more&#8230;]<\/a><\/p>\n","protected":false},"author":2,"featured_media":19086,"comment_status":"open","ping_status":"open","sticky":false,"template":"","format":"standard","meta":{"footnotes":""},"categories":[2],"tags":[],"class_list":["post-19085","post","type-post","status-publish","format-standard","has-post-thumbnail","hentry","category-gundem"],"_links":{"self":[{"href":"https:\/\/akdenizhaber.com.tr\/index.php\/wp-json\/wp\/v2\/posts\/19085","targetHints":{"allow":["GET"]}}],"collection":[{"href":"https:\/\/akdenizhaber.com.tr\/index.php\/wp-json\/wp\/v2\/posts"}],"about":[{"href":"https:\/\/akdenizhaber.com.tr\/index.php\/wp-json\/wp\/v2\/types\/post"}],"author":[{"embeddable":true,"href":"https:\/\/akdenizhaber.com.tr\/index.php\/wp-json\/wp\/v2\/users\/2"}],"replies":[{"embeddable":true,"href":"https:\/\/akdenizhaber.com.tr\/index.php\/wp-json\/wp\/v2\/comments?post=19085"}],"version-history":[{"count":0,"href":"https:\/\/akdenizhaber.com.tr\/index.php\/wp-json\/wp\/v2\/posts\/19085\/revisions"}],"wp:featuredmedia":[{"embeddable":true,"href":"https:\/\/akdenizhaber.com.tr\/index.php\/wp-json\/wp\/v2\/media\/19086"}],"wp:attachment":[{"href":"https:\/\/akdenizhaber.com.tr\/index.php\/wp-json\/wp\/v2\/media?parent=19085"}],"wp:term":[{"taxonomy":"category","embeddable":true,"href":"https:\/\/akdenizhaber.com.tr\/index.php\/wp-json\/wp\/v2\/categories?post=19085"},{"taxonomy":"post_tag","embeddable":true,"href":"https:\/\/akdenizhaber.com.tr\/index.php\/wp-json\/wp\/v2\/tags?post=19085"}],"curies":[{"name":"wp","href":"https:\/\/api.w.org\/{rel}","templated":true}]}}