{"id":19079,"date":"2023-12-26T14:00:15","date_gmt":"2023-12-26T11:00:15","guid":{"rendered":"https:\/\/akdenizhaber.com.tr\/?p=19079"},"modified":"2023-12-26T14:00:16","modified_gmt":"2023-12-26T11:00:16","slug":"109-yil-sonra-canakkale-ruhunu-yeniden-yasadilar","status":"publish","type":"post","link":"https:\/\/akdenizhaber.com.tr\/index.php\/2023\/12\/26\/109-yil-sonra-canakkale-ruhunu-yeniden-yasadilar\/","title":{"rendered":"109 y\u0131l sonra \u00c7anakkale Ruhunu yeniden\u00a0 ya\u015fad\u0131lar"},"content":{"rendered":"\n<p>Manavgat il\u00e7esine gelen gezici \u00c7anakkale Gezici M\u00fczesi Ni&nbsp; 7 bin \u00f6\u011frenci ve \u00f6\u011fretmen ziyaret etti. Manavgat Belediyesi Atat\u00fcrk K\u00fclt\u00fcr Merkezi(AKM) a\u00e7\u0131lan sergide \u00c7anakkale Sava\u015f\u0131&#8217;nda kalma 10 bine yak\u0131n 109 y\u0131ll\u0131k sava\u015fta kullan\u0131lan t\u00fcfekten, mermiye, toptan, mataraya, mataradan s\u00fcng\u00fcye s\u00fcng\u00fcden sava\u015fta askerlerin kulland\u0131\u011f\u0131 \u00e7anta, \u00e7ar\u0131k, askeri giysiler ile sava\u015fta yaralanan askerlerinin ameliyat\u0131nda kullan\u0131lan t\u0131bbi ameliyat malzemeleri&nbsp; bulunuyor.<\/p>\n\n\n\n<p>\u00c7anakkale Gezici M\u00fczesi 12 y\u0131ld\u0131r \u00fclkemizde &#8216; \u00c7anakkale&#8217;yi Bir G\u00fcn Anma Yetmez her g\u00fcn anlamal\u0131&#8221;&#8217; ilkesi do\u011frultusunda \u00f6\u011frenci ve ailelerinde \u00c7anakkale Ruhu bilinci geli\u015ftirmek ve yerle\u015ftirmek i\u00e7in 81 il ve b\u00fct\u00fcn il\u00e7eleri ziyaret etmi\u015f bulunuyor. \u00c7anakkale Gezici M\u00fczesi Manavgat AKM de kalarak 7 bin \u00f6\u011frenci ve veliye ula\u015fmay\u0131 ba\u015fard\u0131.<\/p>\n\n\n\n<p>\u00c7anakkale Gezici M\u00fcze Sorumlu M\u00fcd\u00fcr\u00fc Cengiz Y\u00fcr\u00fckaslan, \u00c7anakkale Sava\u015f\u0131n\u0131n d\u00fcnya tarihinin en b\u00fcy\u00fck sava\u015flar\u0131ndan biri oldu\u011funu s\u00f6yledi. Tarihi Sava\u015fta 56 bin 643 Osmanl\u0131 askerin \u015fehit oldu\u011funu, bunun 589&#8217;nun subay oldu\u011funu belirten Cengiz Y\u00fcr\u00fckaslan, sava\u015fta kaybolan asker say\u0131s\u0131n\u0131n ise 11 bin 178 oldu\u011funu kaydetti. Cengiz Y\u00fcr\u00fckaslan,&#8217;2 Sava\u015ftan sonra sa\u011f kalan asker say\u0131s\u0131 97 bin 17. Sava\u015fta Osmanl\u0131 Devletinin toplam zayiat\u0131 251 309. Sadece Antalya vilayetinin sava\u015fta verdi\u011fi asker zayiat\u0131 bin 160. Sava\u015fa Filistin ve Suriye Den kat\u0131lan asker say\u0131s\u0131 787.Arnavutluktan 27, Bulgaristan&#8217;dan 21, Makedonya&#8217;dan 34,Yunanistan&#8217;dan 45, Irak&#8217;tan 117, ve Kosova&#8217;dan 65 Osmanl\u0131 askeri \u00c7anakkale Ge\u00e7ilmez diyerek sava\u015fa kat\u0131lm\u0131\u015f ve \u015fehit d\u00fc\u015fm\u00fc\u015fler. Gezici m\u00fczemizde 10 bin \u00fczerinde 109 y\u0131l \u00f6ncesi ve sonradan dahil edilen \u00c7anakkale Sava\u015f\u0131&#8217;nda askerlerin kulland\u0131\u011f\u0131 malzeme o d\u00f6neme ait sava\u015fta kullan\u0131lan askeri malzemeler var. Amac\u0131m\u0131z bu t\u00fcr etkinliklerle \u00f6\u011frencilerimizin aya\u011f\u0131na giderek \u00c7anakkale kahramanl\u0131\u011f\u0131 ve ruhunu bir g\u00fcne de\u011fil y\u0131l\u0131n 365 g\u00fcn\u00fcne s\u0131\u011fd\u0131rarak vatan topraklar\u0131n ne zor \u015fartlarda kazan\u0131ld\u0131\u011f\u0131 bilincini olu\u015fturmakt\u0131r\u201d dedi.<\/p>\n\n\n\n<p>Haber\/Abdurrahman B\u00fcy\u00fckkeskin<\/p>\n","protected":false},"excerpt":{"rendered":"<p>Manavgat il\u00e7esine gelen gezici \u00c7anakkale Gezici M\u00fczesi Ni&nbsp; 7 bin \u00f6\u011frenci ve \u00f6\u011fretmen ziyaret etti. Manavgat Belediyesi Atat\u00fcrk K\u00fclt\u00fcr Merkezi(AKM) a\u00e7\u0131lan sergide \u00c7anakkale Sava\u015f\u0131&#8217;nda kalma <a href=\"https:\/\/akdenizhaber.com.tr\/index.php\/2023\/12\/26\/109-yil-sonra-canakkale-ruhunu-yeniden-yasadilar\/\" class=\"read-more-link\">[more&#8230;]<\/a><\/p>\n","protected":false},"author":2,"featured_media":19080,"comment_status":"open","ping_status":"open","sticky":false,"template":"","format":"standard","meta":{"footnotes":""},"categories":[2],"tags":[],"class_list":["post-19079","post","type-post","status-publish","format-standard","has-post-thumbnail","hentry","category-gundem"],"_links":{"self":[{"href":"https:\/\/akdenizhaber.com.tr\/index.php\/wp-json\/wp\/v2\/posts\/19079","targetHints":{"allow":["GET"]}}],"collection":[{"href":"https:\/\/akdenizhaber.com.tr\/index.php\/wp-json\/wp\/v2\/posts"}],"about":[{"href":"https:\/\/akdenizhaber.com.tr\/index.php\/wp-json\/wp\/v2\/types\/post"}],"author":[{"embeddable":true,"href":"https:\/\/akdenizhaber.com.tr\/index.php\/wp-json\/wp\/v2\/users\/2"}],"replies":[{"embeddable":true,"href":"https:\/\/akdenizhaber.com.tr\/index.php\/wp-json\/wp\/v2\/comments?post=19079"}],"version-history":[{"count":0,"href":"https:\/\/akdenizhaber.com.tr\/index.php\/wp-json\/wp\/v2\/posts\/19079\/revisions"}],"wp:featuredmedia":[{"embeddable":true,"href":"https:\/\/akdenizhaber.com.tr\/index.php\/wp-json\/wp\/v2\/media\/19080"}],"wp:attachment":[{"href":"https:\/\/akdenizhaber.com.tr\/index.php\/wp-json\/wp\/v2\/media?parent=19079"}],"wp:term":[{"taxonomy":"category","embeddable":true,"href":"https:\/\/akdenizhaber.com.tr\/index.php\/wp-json\/wp\/v2\/categories?post=19079"},{"taxonomy":"post_tag","embeddable":true,"href":"https:\/\/akdenizhaber.com.tr\/index.php\/wp-json\/wp\/v2\/tags?post=19079"}],"curies":[{"name":"wp","href":"https:\/\/api.w.org\/{rel}","templated":true}]}}