{"id":19070,"date":"2023-12-26T13:58:25","date_gmt":"2023-12-26T10:58:25","guid":{"rendered":"https:\/\/akdenizhaber.com.tr\/?p=19070"},"modified":"2023-12-26T13:58:25","modified_gmt":"2023-12-26T10:58:25","slug":"milli-yol-partisimyp-kurucular-kurulu-uyesi-mehmet-cayir","status":"publish","type":"post","link":"https:\/\/akdenizhaber.com.tr\/index.php\/2023\/12\/26\/milli-yol-partisimyp-kurucular-kurulu-uyesi-mehmet-cayir\/","title":{"rendered":"Milli Yol Partisi(MYP) Kurucular Kurulu \u00dcyesi Mehmet \u00c7ay\u0131r"},"content":{"rendered":"\n<p>\u201cAcil Milli Yas ilan edilmelidir\u201d<\/p>\n\n\n\n<p>Milli Yol Partisi(MYP) Kurucular Kurulu \u00dcyesi Mehmet \u00c7ay\u0131r, Kilit Pen\u00e7e Operasyonunda \u015fehit d\u00fc\u015fen 12 asker i\u00e7in acilen milli yas ilan edilmedi gerekti\u011fini s\u00f6yledi.<\/p>\n\n\n\n<p>Y\u00fcce T\u00fcrk milletinin 2024 y\u0131l\u0131na say\u0131l\u0131 g\u00fcnler kala Kilit Pen\u00e7e operasyon b\u00f6lgesinden gelen 12 Mehmet\u00e7i\u011fin \u015fehit olmas\u0131 ile sars\u0131ld\u0131\u011f\u0131n\u0131 belirten MYK Kurucular Kurulu \u00dcyesi Mehmet \u00c7ay\u0131r,&#8221; Milletimizin ac\u0131s\u0131 \u00e7ok b\u00fcy\u00fck. Acil milli yas ilan edilme. Akan Mehmet\u00e7ik kan\u0131n\u0131n hesab\u0131 sorulmal\u0131. Askerimizi \u015fehit eden PKK ter\u00f6r \u00f6rg\u00fct\u00fcn\u00fc lanetliyorum. Kanlar\u0131 yerde kalmamal\u0131 ve hesab\u0131 sorulmal\u0131. En az \u00fc\u00e7 g\u00fcn Milli Yas ilan edilip bayraklar yar\u0131ya inmeli. Mehmet\u00e7i\u011fin kan\u0131 ve can\u0131 Suudi Kral\u0131n\u0131n kan\u0131 ve can\u0131 dan daha az de\u011ferli de\u011fil&#8221; dedi.<\/p>\n\n\n\n<p>Haber\/Abdurrahman B\u00fcy\u00fckkeskin<\/p>\n","protected":false},"excerpt":{"rendered":"<p>\u201cAcil Milli Yas ilan edilmelidir\u201d Milli Yol Partisi(MYP) Kurucular Kurulu \u00dcyesi Mehmet \u00c7ay\u0131r, Kilit Pen\u00e7e Operasyonunda \u015fehit d\u00fc\u015fen 12 asker i\u00e7in acilen milli yas ilan <a href=\"https:\/\/akdenizhaber.com.tr\/index.php\/2023\/12\/26\/milli-yol-partisimyp-kurucular-kurulu-uyesi-mehmet-cayir\/\" class=\"read-more-link\">[more&#8230;]<\/a><\/p>\n","protected":false},"author":2,"featured_media":19071,"comment_status":"open","ping_status":"open","sticky":false,"template":"","format":"standard","meta":{"footnotes":""},"categories":[2],"tags":[],"class_list":["post-19070","post","type-post","status-publish","format-standard","has-post-thumbnail","hentry","category-gundem"],"_links":{"self":[{"href":"https:\/\/akdenizhaber.com.tr\/index.php\/wp-json\/wp\/v2\/posts\/19070","targetHints":{"allow":["GET"]}}],"collection":[{"href":"https:\/\/akdenizhaber.com.tr\/index.php\/wp-json\/wp\/v2\/posts"}],"about":[{"href":"https:\/\/akdenizhaber.com.tr\/index.php\/wp-json\/wp\/v2\/types\/post"}],"author":[{"embeddable":true,"href":"https:\/\/akdenizhaber.com.tr\/index.php\/wp-json\/wp\/v2\/users\/2"}],"replies":[{"embeddable":true,"href":"https:\/\/akdenizhaber.com.tr\/index.php\/wp-json\/wp\/v2\/comments?post=19070"}],"version-history":[{"count":0,"href":"https:\/\/akdenizhaber.com.tr\/index.php\/wp-json\/wp\/v2\/posts\/19070\/revisions"}],"wp:featuredmedia":[{"embeddable":true,"href":"https:\/\/akdenizhaber.com.tr\/index.php\/wp-json\/wp\/v2\/media\/19071"}],"wp:attachment":[{"href":"https:\/\/akdenizhaber.com.tr\/index.php\/wp-json\/wp\/v2\/media?parent=19070"}],"wp:term":[{"taxonomy":"category","embeddable":true,"href":"https:\/\/akdenizhaber.com.tr\/index.php\/wp-json\/wp\/v2\/categories?post=19070"},{"taxonomy":"post_tag","embeddable":true,"href":"https:\/\/akdenizhaber.com.tr\/index.php\/wp-json\/wp\/v2\/tags?post=19070"}],"curies":[{"name":"wp","href":"https:\/\/api.w.org\/{rel}","templated":true}]}}