{"id":19052,"date":"2023-12-26T13:52:03","date_gmt":"2023-12-26T10:52:03","guid":{"rendered":"https:\/\/akdenizhaber.com.tr\/?p=19052"},"modified":"2023-12-26T13:52:04","modified_gmt":"2023-12-26T10:52:04","slug":"asat-gelecekte-yasanabilecek-su-kitligi-icin-harekete-gecti","status":"publish","type":"post","link":"https:\/\/akdenizhaber.com.tr\/index.php\/2023\/12\/26\/asat-gelecekte-yasanabilecek-su-kitligi-icin-harekete-gecti\/","title":{"rendered":"ASAT gelecekte ya\u015fanabilecek su k\u0131tl\u0131\u011f\u0131 i\u00e7in harekete ge\u00e7ti"},"content":{"rendered":"\n<p>Antalya B\u00fcy\u00fck\u015fehir Belediyesi ASAT Genel M\u00fcd\u00fcrl\u00fc\u011f\u00fc\u2019n\u00fcn de payda\u015f\u0131 oldu\u011fu \u201c\u0130klim De\u011fi\u015fikli\u011fi ile M\u00fccadele i\u00e7in Kentsel Su Da\u011f\u0131t\u0131m Sistemlerinin Verimlili\u011fi ve G\u00fcvenilirli\u011finin Geli\u015ftirilmesi\u201d konulu ara\u015ft\u0131rma projesi, Avrupa Birli\u011fi ve T\u00fcrkiye Cumhuriyeti taraf\u0131ndan 430 bin Euro hibe deste\u011fi kazand\u0131.<\/p>\n\n\n\n<p>T.C. \u00c7evre, \u015eehircilik ve \u0130klim De\u011fi\u015fikli\u011fi Bakanl\u0131\u011f\u0131, Avrupa Birli\u011fi ve D\u0131\u015f \u0130li\u015fkiler Genel M\u00fcd\u00fcrl\u00fc\u011f\u00fc, AB Mali Yard\u0131m Dairesi Ba\u015fkanl\u0131\u011f\u0131 s\u00f6zle\u015fme makam\u0131 taraf\u0131ndan \u00e7a\u011fr\u0131ya a\u00e7\u0131lan \u0130klim De\u011fi\u015fikli\u011fine Uyum Hibe Program\u0131 kapsam\u0131nda Akdeniz \u00dcniversitesi\u2019nin Ba\u015fvuru Sahibi, Antalya Su ve At\u0131ksu \u0130daresi Genel M\u00fcd\u00fcrl\u00fc\u011f\u00fc (ASAT), Malta Enerji ve Su Ajans\u0131 ile Malta Su Hizmetleri Kurumu\u2019nun e\u015f-ba\u015fvuran oldu\u011fu, \u201c\u0130klim De\u011fi\u015fikli\u011fi ile M\u00fccadele i\u00e7in Kentsel Su Da\u011f\u0131t\u0131m Sistemlerinin Verimlili\u011fi ve G\u00fcvenilirli\u011finin Geli\u015ftirilmesi\u201d konu ba\u015fl\u0131kl\u0131 uluslararas\u0131 ara\u015ft\u0131rma projesi, Avrupa Birli\u011fi ve T\u00fcrkiye Cumhuriyeti taraf\u0131ndan ortakla\u015fa desteklenmeye hak kazand\u0131. S\u00fcresi toplam 18 ay olan projenin b\u00fct\u00e7esi 433.000 Euro.<\/p>\n\n\n\n<p>SU KAYIPLARI ARA\u015eTIRILACAK<\/p>\n\n\n\n<p>Proje kapsam\u0131nda Antalya kenti i\u00e7me suyu da\u011f\u0131t\u0131m \u015febekesinde belirlenecek olan 3 adet izole alt b\u00f6lgede projenin pilot \u00e7al\u0131\u015fmalar\u0131 ger\u00e7ekle\u015ftirilecek. Alt b\u00f6lgelerde su kay\u0131plar\u0131n\u0131n azalt\u0131lmas\u0131 i\u00e7in minimum gece debisi analizleri, hidrolik modelleme, bas\u0131n\u00e7 y\u00f6netim \u00e7al\u0131\u015fmalar\u0131, saya\u00e7 de\u011fi\u015fimleri ger\u00e7ekle\u015ftirilmesi, karbon ve enerji ayak izi belirlenerek yasal mevzuat de\u011ferlendirilmesi, su idareleri i\u00e7in e\u011fitici \u00e7al\u0131\u015ftaylar d\u00fczenlenmesi gibi pek \u00e7ok ba\u015fl\u0131kta \u00e7al\u0131\u015fma yap\u0131lacak.<\/p>\n\n\n\n<p>ULUSAL VE ULUSLARARASI ETK\u0130NL\u0130KLER<\/p>\n\n\n\n<p>Yine proje kapsam\u0131nda b\u00fcy\u00fck\u015fehir, il ve il\u00e7e belediyeleri i\u00e7in 3 adet \u00e7al\u0131\u015ftay d\u00fczenlenecek. Su tasarrufu, iklim de\u011fi\u015fikli\u011finin etkileri ve su k\u0131tl\u0131\u011f\u0131 konular\u0131nda toplumsal fark\u0131ndal\u0131\u011f\u0131 art\u0131rmak i\u00e7in etkinliklerle, b\u00f6lgesel bir uluslararas\u0131 konferans ger\u00e7ekle\u015ftirilecek. Proje faaliyetlerinin yayg\u0131nla\u015ft\u0131r\u0131lmas\u0131 i\u00e7in T\u00fcrk\u00e7e ve \u0130ngilizce dillerinde bro\u015f\u00fcr, el kitab\u0131 ve web sitesi haz\u0131rlanacak, i\u00e7me suyu temin ve da\u011f\u0131t\u0131m sistemlerindeki su kay\u0131plar\u0131n\u0131n kontrol\u00fcne ili\u015fkin yasal mevzuat\u0131n g\u00fcncellenmesi i\u00e7in \u00f6neriler sunulacak.<\/p>\n\n\n\n<p>PROJE ORTA\u011eI MALTA<\/p>\n\n\n\n<p>Proje orta\u011f\u0131 olan Malta\u2019da ada ve k\u0131y\u0131 sular\u0131 konusunda \u00f6zel uzmanl\u0131\u011fa sahip bir hidrojeolog olan ve ayn\u0131 zamanda Malta Enerji ve Su Bakanl\u0131\u011f\u0131 b\u00fcnyesindeki Enerji ve Su Ajans\u0131&#8217;n\u0131n (EWA) \u0130cra Kurulu Ba\u015fkan\u0131 olan Manuel Sapiano ve ekibi ile \u00e7al\u0131\u015f\u0131lacak. 2002 y\u0131l\u0131ndan bu yana AB Su \u00c7er\u00e7eve Direktifi&#8217;nin uygulama s\u00fcrecinde g\u00f6rev alan Sapiano taraf\u0131ndan y\u00f6netilmekte olan EWA; Malta&#8217;n\u0131n enerji ve su kullan\u0131m\u0131na ili\u015fkin ulusal politikalar\u0131n olu\u015fturulmas\u0131, de\u011ferlendirilmesi, izlenmesi ve uygulanmas\u0131 ile ulusal ve AB enerji ve su kaynaklar\u0131 y\u00f6netimini s\u00fcrd\u00fcr\u00fclebilir bir \u015fekilde kar\u015f\u0131lamaya y\u00f6nelik planlar\u0131n olu\u015fturulmas\u0131n\u0131 hedefliyor.<\/p>\n\n\n\n<p>Antalya B\u00fcy\u00fck\u015fehir Belediyesi \/ B\u00fclten<\/p>\n","protected":false},"excerpt":{"rendered":"<p>Antalya B\u00fcy\u00fck\u015fehir Belediyesi ASAT Genel M\u00fcd\u00fcrl\u00fc\u011f\u00fc\u2019n\u00fcn de payda\u015f\u0131 oldu\u011fu \u201c\u0130klim De\u011fi\u015fikli\u011fi ile M\u00fccadele i\u00e7in Kentsel Su Da\u011f\u0131t\u0131m Sistemlerinin Verimlili\u011fi ve G\u00fcvenilirli\u011finin Geli\u015ftirilmesi\u201d konulu ara\u015ft\u0131rma projesi, <a href=\"https:\/\/akdenizhaber.com.tr\/index.php\/2023\/12\/26\/asat-gelecekte-yasanabilecek-su-kitligi-icin-harekete-gecti\/\" class=\"read-more-link\">[more&#8230;]<\/a><\/p>\n","protected":false},"author":2,"featured_media":19053,"comment_status":"open","ping_status":"open","sticky":false,"template":"","format":"standard","meta":{"footnotes":""},"categories":[2],"tags":[],"class_list":["post-19052","post","type-post","status-publish","format-standard","has-post-thumbnail","hentry","category-gundem"],"_links":{"self":[{"href":"https:\/\/akdenizhaber.com.tr\/index.php\/wp-json\/wp\/v2\/posts\/19052","targetHints":{"allow":["GET"]}}],"collection":[{"href":"https:\/\/akdenizhaber.com.tr\/index.php\/wp-json\/wp\/v2\/posts"}],"about":[{"href":"https:\/\/akdenizhaber.com.tr\/index.php\/wp-json\/wp\/v2\/types\/post"}],"author":[{"embeddable":true,"href":"https:\/\/akdenizhaber.com.tr\/index.php\/wp-json\/wp\/v2\/users\/2"}],"replies":[{"embeddable":true,"href":"https:\/\/akdenizhaber.com.tr\/index.php\/wp-json\/wp\/v2\/comments?post=19052"}],"version-history":[{"count":0,"href":"https:\/\/akdenizhaber.com.tr\/index.php\/wp-json\/wp\/v2\/posts\/19052\/revisions"}],"wp:featuredmedia":[{"embeddable":true,"href":"https:\/\/akdenizhaber.com.tr\/index.php\/wp-json\/wp\/v2\/media\/19053"}],"wp:attachment":[{"href":"https:\/\/akdenizhaber.com.tr\/index.php\/wp-json\/wp\/v2\/media?parent=19052"}],"wp:term":[{"taxonomy":"category","embeddable":true,"href":"https:\/\/akdenizhaber.com.tr\/index.php\/wp-json\/wp\/v2\/categories?post=19052"},{"taxonomy":"post_tag","embeddable":true,"href":"https:\/\/akdenizhaber.com.tr\/index.php\/wp-json\/wp\/v2\/tags?post=19052"}],"curies":[{"name":"wp","href":"https:\/\/api.w.org\/{rel}","templated":true}]}}