{"id":19041,"date":"2023-12-25T13:05:50","date_gmt":"2023-12-25T10:05:50","guid":{"rendered":"https:\/\/akdenizhaber.com.tr\/?p=19041"},"modified":"2023-12-25T13:05:50","modified_gmt":"2023-12-25T10:05:50","slug":"belediye-baskan-aday-adayi-niyazi-nefi-kara-terorizmin-allah-belasini-versin","status":"publish","type":"post","link":"https:\/\/akdenizhaber.com.tr\/index.php\/2023\/12\/25\/belediye-baskan-aday-adayi-niyazi-nefi-kara-terorizmin-allah-belasini-versin\/","title":{"rendered":"Belediye Ba\u015fkan Aday Aday\u0131 Niyazi Nefi Kara; \u201cTer\u00f6rizmin Allah belas\u0131n\u0131 versin\u201d"},"content":{"rendered":"\n<p><\/p>\n\n\n\n<p>31 Mart 2024 tarihinde yap\u0131lacak olan yerel se\u00e7imlerde Manavgat Belediye ba\u015fkanl\u0131\u011f\u0131na aday aday\u0131 olan Niyazi Nefi Kara d\u00fcn CHP il\u00e7e ba\u015fkanl\u0131\u011f\u0131nda partilerle bulu\u015ftu.<\/p>\n\n\n\n<p>CHP il\u00e7e ba\u015fkan\u0131 Oykun Ba\u015far\u2019\u0131n ev sahipli\u011finde \u00e7ok kalabal\u0131k partilerin kat\u0131l\u0131m\u0131 ile ger\u00e7ekle\u015fen bulu\u015fmada Belediye ba\u015fkan aday aday\u0131 Niyazi Nefi Kara \u201cBen bu g\u00f6reve talip olurken hep birlikte Manavgat\u2019\u0131 daha iyi yerlere g\u00f6t\u00fcrmeyi ama\u00e7lad\u0131m. \u00d6n\u00fcm\u00fczdeki s\u00fcre\u00e7te el ele, g\u00f6n\u00fcl g\u00f6n\u00fcle vererek Manavgat\u2019\u0131 d\u00fcnya kenti yapaca\u011f\u0131z\u201d dedi.<\/p>\n\n\n\n<p>Son g\u00fcnlerde \u00fclke genelinde t\u00fcm insanlar\u0131n y\u00fcreklerinin yang\u0131n yerine \u00e7evrildi\u011fini, vatan evlad\u0131 12 askerimizin \u015fehitlik mertebesine ula\u015fmas\u0131ndan dolay\u0131 b\u00fcy\u00fck \u00fcz\u00fcnt\u00fc duydu\u011funu ifade eden Niyazi Nefi Kara,\u201d Lanet olas\u0131 ter\u00f6r belas\u0131 1984\u2019den bu yana \u00fclkemizin ba\u015f\u0131na bela oldu. Ter\u00f6r \u00f6rg\u00fct\u00fc eleba\u015f\u0131n\u0131 rahmetli Ecevit yakalatarak hapse t\u0131kt\u0131. O g\u00fcnden bug\u00fcne ge\u00e7en s\u00fcre\u00e7te iktidar partisinin sessiz sedas\u0131z yada sesli bi\u00e7imde iktidarlar\u0131n\u0131 korumak ad\u0131na anla\u015fmalar olmas\u0131 dikkatlerden ka\u00e7mam\u0131\u015ft\u0131r. Ter\u00f6r \u00f6rg\u00fct\u00fcn\u00fcn yol ge\u00e7en han\u0131na \u00e7evirdi\u011fi \u00fclkemizde emperyalistlere \u0131\u015f\u0131k tutan iktidarlardan in\u015fallah en k\u0131sa zamanda kurtulaca\u011f\u0131z. Bizler T\u00fcrk silahl\u0131 g\u00fc\u00e7lerimizin yan\u0131nda olmaya devam edece\u011fiz. Kahrolsun emperyalizm, kahrolsun ter\u00f6ristler,12 askerimize Allahtan rahmet kederli ailesine ve T\u00fcrk ulunsa ba\u015fsa\u011fl\u0131\u011f\u0131 ve sab\u0131rlar diliyorum\u201d dedi.<\/p>\n\n\n\n<p>&nbsp;CHP Manavgat Belediye ba\u015fkan aday aday\u0131 Niyazi Nefi Kara konu\u015fmas\u0131ndan sonra partililerle uzun soluklu fikir al\u0131\u015fveri\u015finde bulundu.<\/p>\n\n\n\n<p>(Haber Merkezi)<\/p>\n","protected":false},"excerpt":{"rendered":"<p>31 Mart 2024 tarihinde yap\u0131lacak olan yerel se\u00e7imlerde Manavgat Belediye ba\u015fkanl\u0131\u011f\u0131na aday aday\u0131 olan Niyazi Nefi Kara d\u00fcn CHP il\u00e7e ba\u015fkanl\u0131\u011f\u0131nda partilerle bulu\u015ftu. CHP il\u00e7e <a href=\"https:\/\/akdenizhaber.com.tr\/index.php\/2023\/12\/25\/belediye-baskan-aday-adayi-niyazi-nefi-kara-terorizmin-allah-belasini-versin\/\" class=\"read-more-link\">[more&#8230;]<\/a><\/p>\n","protected":false},"author":2,"featured_media":19042,"comment_status":"open","ping_status":"open","sticky":false,"template":"","format":"standard","meta":{"footnotes":""},"categories":[2],"tags":[],"class_list":["post-19041","post","type-post","status-publish","format-standard","has-post-thumbnail","hentry","category-gundem"],"_links":{"self":[{"href":"https:\/\/akdenizhaber.com.tr\/index.php\/wp-json\/wp\/v2\/posts\/19041","targetHints":{"allow":["GET"]}}],"collection":[{"href":"https:\/\/akdenizhaber.com.tr\/index.php\/wp-json\/wp\/v2\/posts"}],"about":[{"href":"https:\/\/akdenizhaber.com.tr\/index.php\/wp-json\/wp\/v2\/types\/post"}],"author":[{"embeddable":true,"href":"https:\/\/akdenizhaber.com.tr\/index.php\/wp-json\/wp\/v2\/users\/2"}],"replies":[{"embeddable":true,"href":"https:\/\/akdenizhaber.com.tr\/index.php\/wp-json\/wp\/v2\/comments?post=19041"}],"version-history":[{"count":0,"href":"https:\/\/akdenizhaber.com.tr\/index.php\/wp-json\/wp\/v2\/posts\/19041\/revisions"}],"wp:featuredmedia":[{"embeddable":true,"href":"https:\/\/akdenizhaber.com.tr\/index.php\/wp-json\/wp\/v2\/media\/19042"}],"wp:attachment":[{"href":"https:\/\/akdenizhaber.com.tr\/index.php\/wp-json\/wp\/v2\/media?parent=19041"}],"wp:term":[{"taxonomy":"category","embeddable":true,"href":"https:\/\/akdenizhaber.com.tr\/index.php\/wp-json\/wp\/v2\/categories?post=19041"},{"taxonomy":"post_tag","embeddable":true,"href":"https:\/\/akdenizhaber.com.tr\/index.php\/wp-json\/wp\/v2\/tags?post=19041"}],"curies":[{"name":"wp","href":"https:\/\/api.w.org\/{rel}","templated":true}]}}