{"id":19006,"date":"2023-12-25T11:17:45","date_gmt":"2023-12-25T08:17:45","guid":{"rendered":"https:\/\/akdenizhaber.com.tr\/?p=19006"},"modified":"2023-12-25T11:17:46","modified_gmt":"2023-12-25T08:17:46","slug":"baskan-uysal-esnaf-milli-ekonominin-temelidir","status":"publish","type":"post","link":"https:\/\/akdenizhaber.com.tr\/index.php\/2023\/12\/25\/baskan-uysal-esnaf-milli-ekonominin-temelidir\/","title":{"rendered":"Ba\u015fkan Uysal, \u2018Esnaf milli ekonominin temelidir\u2019"},"content":{"rendered":"\n<p><\/p>\n\n\n\n<p>Muratpa\u015fa Belediye Ba\u015fkan\u0131 \u00dcmit Uysal, yap\u0131m\u0131 ve yenilemesi tamamlanan 108 taksi dura\u011f\u0131n\u0131n toplu a\u00e7\u0131l\u0131\u015f t\u00f6renini Do\u011fu Garaj\u0131 Taksi Dura\u011f\u0131\u2019nda ger\u00e7ekle\u015ftirdi. Ba\u015fkan Uysal a\u00e7\u0131l\u0131\u015f konu\u015fmas\u0131nda \u201cEsnaf milli ekonominin temelidir\u201d dedi.<\/p>\n\n\n\n<p>Muratpa\u015fa Belediyesi\u2019nin Antalya \u015eof\u00f6rler Odas\u0131 i\u015fbirli\u011fiyle hayata ge\u00e7irdi\u011fi Muratpa\u015fa il\u00e7esinde bulunan 108 taksi dura\u011f\u0131n\u0131n yenileme \u00e7al\u0131\u015fmalar\u0131 tamamland\u0131. Duraklara parke, bord\u00fcr \u00e7al\u0131\u015fmas\u0131, duba, boyama, bank, \u00e7evre peyzaj \u00e7al\u0131\u015fmalar\u0131, bekleme yeri, cep \u00e7al\u0131\u015fmas\u0131, durak depolama d\u00fczenlemesi, asfalt ve teknik ar\u0131za deste\u011fi gibi konularda destek verildi. Tamamlanan duraklar\u0131n toplu a\u00e7\u0131l\u0131\u015f t\u00f6reni \u00c7ayba\u015f\u0131 Mahallesi\u2019nde Do\u011fu Garaj\u0131 Taksi Dura\u011f\u0131\u2019nda ger\u00e7ekle\u015fti. A\u00e7\u0131l\u0131\u015fta Ba\u015fkan Uysal\u2019\u0131n yan\u0131s\u0131ra Antalya \u015eof\u00f6rler Odas\u0131 Ba\u015fkan\u0131 Mehmet Ali Alkan, CHP \u0130l Ba\u015fkan\u0131 Nail Kamac\u0131 ve y\u00f6netimi, Muratpa\u015fa \u0130l\u00e7e Ba\u015fkan\u0131 Hasan \u015eahin ve y\u00f6netimi yer ald\u0131.<br><br>Ba\u015fkan Uysal konu\u015fmas\u0131nda, esnaf\u0131n ekonominin temel ta\u015f\u0131 oldu\u011funa vurgu yapt\u0131. Uysal, \u201cEsnaf\u0131n kazand\u0131\u011f\u0131 para \u015fehirde, milli ekonominin i\u00e7inde kal\u0131r, i\u015f olarak a\u015f olarak herkese da\u011f\u0131l\u0131r. Merkezi kartellerin eline ge\u00e7mez. Paralel, elden ele dola\u015f\u0131r. Yerle\u015fim biriminde refah \u00fcretir, dengeli bir payla\u015f\u0131ma neden olur esnaf. K\u00fc\u00e7\u00fck, orta \u00f6l\u00e7ekli esnaf milli ekonominin temelidir\u201d diye konu\u015ftu. \u201cYapt\u0131\u011f\u0131m\u0131z b\u00fct\u00fcn \u00e7al\u0131\u015fmalarda bir esnaf parantezimiz var\u201d diyen Ba\u015fkan Uysal s\u00f6zlerine \u015f\u00f6yle devam etti:<br><br>\u201cEsnaf\u0131 anlamadan ne siyasetle u\u011fra\u015fmak m\u00fcmk\u00fcn ne kamu y\u00f6netimini kavramak m\u00fcmk\u00fcn ne de tam manas\u0131yla gelecekle ilgili plan yapmak m\u00fcmk\u00fcn. Esnaf\u0131 anlamadan iktisat y\u00f6netmek, kaynak y\u00f6netmek, \u00fclkeleri, \u015fehirleri idare etmek asla m\u00fcmk\u00fcn de\u011fil.\u201d<br><br>A\u00e7\u0131l\u0131\u015f konu\u015fmalar\u0131n\u0131n ard\u0131ndan Oda Ba\u015fkan\u0131 Alkan, Ba\u015fkan Uysal, \u0130l Ba\u015fkan\u0131 Kamac\u0131 ve \u0130l\u00e7e Ba\u015fkan\u0131 \u015eahin\u2019e te\u015fekk\u00fcr hediyesi takdim etti.<\/p>\n\n\n\n<p>Muratpa\u015fa Belediyesi \/ B\u00fclten<\/p>\n","protected":false},"excerpt":{"rendered":"<p>Muratpa\u015fa Belediye Ba\u015fkan\u0131 \u00dcmit Uysal, yap\u0131m\u0131 ve yenilemesi tamamlanan 108 taksi dura\u011f\u0131n\u0131n toplu a\u00e7\u0131l\u0131\u015f t\u00f6renini Do\u011fu Garaj\u0131 Taksi Dura\u011f\u0131\u2019nda ger\u00e7ekle\u015ftirdi. Ba\u015fkan Uysal a\u00e7\u0131l\u0131\u015f konu\u015fmas\u0131nda \u201cEsnaf <a href=\"https:\/\/akdenizhaber.com.tr\/index.php\/2023\/12\/25\/baskan-uysal-esnaf-milli-ekonominin-temelidir\/\" class=\"read-more-link\">[more&#8230;]<\/a><\/p>\n","protected":false},"author":2,"featured_media":19007,"comment_status":"open","ping_status":"open","sticky":false,"template":"","format":"standard","meta":{"footnotes":""},"categories":[2],"tags":[],"class_list":["post-19006","post","type-post","status-publish","format-standard","has-post-thumbnail","hentry","category-gundem"],"_links":{"self":[{"href":"https:\/\/akdenizhaber.com.tr\/index.php\/wp-json\/wp\/v2\/posts\/19006","targetHints":{"allow":["GET"]}}],"collection":[{"href":"https:\/\/akdenizhaber.com.tr\/index.php\/wp-json\/wp\/v2\/posts"}],"about":[{"href":"https:\/\/akdenizhaber.com.tr\/index.php\/wp-json\/wp\/v2\/types\/post"}],"author":[{"embeddable":true,"href":"https:\/\/akdenizhaber.com.tr\/index.php\/wp-json\/wp\/v2\/users\/2"}],"replies":[{"embeddable":true,"href":"https:\/\/akdenizhaber.com.tr\/index.php\/wp-json\/wp\/v2\/comments?post=19006"}],"version-history":[{"count":0,"href":"https:\/\/akdenizhaber.com.tr\/index.php\/wp-json\/wp\/v2\/posts\/19006\/revisions"}],"wp:featuredmedia":[{"embeddable":true,"href":"https:\/\/akdenizhaber.com.tr\/index.php\/wp-json\/wp\/v2\/media\/19007"}],"wp:attachment":[{"href":"https:\/\/akdenizhaber.com.tr\/index.php\/wp-json\/wp\/v2\/media?parent=19006"}],"wp:term":[{"taxonomy":"category","embeddable":true,"href":"https:\/\/akdenizhaber.com.tr\/index.php\/wp-json\/wp\/v2\/categories?post=19006"},{"taxonomy":"post_tag","embeddable":true,"href":"https:\/\/akdenizhaber.com.tr\/index.php\/wp-json\/wp\/v2\/tags?post=19006"}],"curies":[{"name":"wp","href":"https:\/\/api.w.org\/{rel}","templated":true}]}}