{"id":18996,"date":"2023-12-23T12:39:34","date_gmt":"2023-12-23T09:39:34","guid":{"rendered":"https:\/\/akdenizhaber.com.tr\/?p=18996"},"modified":"2023-12-23T12:39:34","modified_gmt":"2023-12-23T09:39:34","slug":"bekleyis","status":"publish","type":"post","link":"https:\/\/akdenizhaber.com.tr\/index.php\/2023\/12\/23\/bekleyis\/","title":{"rendered":"BEKLEY\u0130\u015e!.."},"content":{"rendered":"\n<p><\/p>\n\n\n\n<p>31 Mart 2024 tarihinde yap\u0131lacak yerel se\u00e7imler \u00f6ncesi aday adaylar\u0131n\u0131n uykusuz geceleri devam ediyor.<\/p>\n\n\n\n<p>Bu anlamda en \u00f6nemli konu \u201cAcaba aday g\u00f6sterilecek miyim?\u201d sorusu kafalar\u0131 kemiren en \u00f6nemli d\u00fc\u015f\u00fcnce oda\u011f\u0131 olarak g\u00f6ze batmaktad\u0131r.<\/p>\n\n\n\n<p>Bu konuda yerel anlamda aday aday\u0131 olarak siyasi partilere m\u00fcracaat eden her aday aday\u0131n\u0131n r\u00fcyas\u0131 \u015fimdilik aday olabilmek yar\u0131\u015f\u0131d\u0131r.<\/p>\n\n\n\n<p>G\u00f6zlemlerimiz ve kamuoyunda yap\u0131lan dedikodulara g\u00f6re her aday aday\u0131n\u0131n beklentisi siyasi partisinde aday olarak g\u00f6sterilece\u011fidir.<\/p>\n\n\n\n<p>Bu konuda duyumlar\u0131m\u0131za g\u00f6re aday adaylar\u0131n\u0131n bir\u00e7o\u011fu adayl\u0131\u011f\u0131n\u0131 garanti g\u00f6r\u00fcrken, bir \u00e7o\u011fu da \u015fimdiden Manavgat Belediye ba\u015fkan\u0131 oldu bile..<\/p>\n\n\n\n<p>R\u00fcya m\u0131?.. Hayal mi?..<\/p>\n\n\n\n<p>Hangisini desek acaba?..<\/p>\n\n\n\n<p>Hayal kurmak siyasetin en b\u00fcy\u00fck, en zorlu taraf\u0131d\u0131r.<\/p>\n\n\n\n<p>\u201cPartim bana haz\u0131r ol, muhakkak adays\u0131n\u201d diyenler mi?..<\/p>\n\n\n\n<p>Yok sen bir kenarda bekle bir dahaki se\u00e7ime haz\u0131rlan d\u00fc\u015f\u00fcncelerinden olanlar m\u0131?..<\/p>\n\n\n\n<p>Evet dedik ya, siyasi beklenti en berbat taraf\u0131d\u0131r bu i\u015fin..<\/p>\n\n\n\n<p>31 Mart 2024\u2019!deki se\u00e7imlerin en zor yan\u0131 her partinin ayr\u0131 aday g\u00f6sterecek olmas\u0131d\u0131r.<\/p>\n\n\n\n<p>Yani; adaylar\u0131 ve halk\u0131 zorlu bir se\u00e7im s\u00fcreci bekliyor.<\/p>\n\n\n\n<p>Bir\u00e7ok se\u00e7men siyasi d\u00fc\u015f\u00fcncelerini bir kenara b\u0131rakarak Manavgat\u2019a en yararl\u0131 aday\u0131n ve se\u00e7ilebilir bir belediye ba\u015fkan\u0131n\u0131n nas\u0131l olmas\u0131 y\u00f6n\u00fcnde siyasi analizlerini yapmaya ba\u015flad\u0131 bile.<\/p>\n\n\n\n<p>Yerel bazda siyasi d\u00fc\u015f\u00fcnceden daha \u00e7ok ki\u015filikler ve Manavgat\u2019a yararl\u0131 olacak belediye ba\u015fkanlar\u0131n\u0131n olmas\u0131 dikkat \u00e7ekiyor.<\/p>\n\n\n\n<p>Bu konuda san\u0131r\u0131m Ocak ay\u0131 ortalar\u0131na do\u011fru adaylar netle\u015fir.<\/p>\n\n\n\n<p>Milletin g\u00f6z\u00fc kula\u011f\u0131n\u0131n genel merkezlerden gelecek haberlere odakland\u0131\u011f\u0131 gibi bir \u00e7ok aday aday\u0131 da ba\u015fkent Ankara\u2019da \u00e7ulu sermi\u015f durumda..<\/p>\n\n\n\n<p>Ne diyelim, haydi hay\u0131rl\u0131s\u0131..<\/p>\n\n\n\n<p>Bekleyi\u015f, heyecan ve hayaller devam ediyor..<\/p>\n\n\n\n<p>Bu anlamda en \u00e7ok d\u00fc\u015f\u00fcnen aday adaylar\u0131..<\/p>\n\n\n\n<p>Birde siyasi partilerin genel merkezleri..<\/p>\n\n\n\n<p>Kurulan komisyonlar dosyalar\u0131 tek tek incelemeye..<\/p>\n\n\n\n<p>Aday adaylar\u0131 ile y\u00fcz y\u00fcze g\u00f6r\u00fc\u015fmeye..<\/p>\n\n\n\n<p>M\u00fclakatlara ve kamuoyu yoklamalar\u0131na devam ediyor\u2026<\/p>\n\n\n\n<p>Dedik ya; haydi hay\u0131rl\u0131s\u0131..<\/p>\n\n\n\n<p>Kal\u0131n sa\u011fl\u0131cakla.<\/p>\n\n\n\n<p>Her \u015fey y\u00fcre\u011finize g\u00f6re olsun..<\/p>\n\n\n\n<p>HOPDED\u0130K<\/p>\n\n\n\n<p>BEKLEY\u0130\u015e!..<\/p>\n\n\n\n<p>Siyasette en berbat geli\u015fme,<\/p>\n\n\n\n<p>Bekleyi\u015ftir.<\/p>\n\n\n\n<p>Acabalar kemirir beyinler..<\/p>\n\n\n\n<p>Ger\u00e7ekten acaba?..<\/p>\n\n\n\n<p>31 Mart\u2019taki adaylar..<\/p>\n\n\n\n<p>Kimler olacak?..<\/p>\n","protected":false},"excerpt":{"rendered":"<p>31 Mart 2024 tarihinde yap\u0131lacak yerel se\u00e7imler \u00f6ncesi aday adaylar\u0131n\u0131n uykusuz geceleri devam ediyor. Bu anlamda en \u00f6nemli konu \u201cAcaba aday g\u00f6sterilecek miyim?\u201d sorusu kafalar\u0131 <a href=\"https:\/\/akdenizhaber.com.tr\/index.php\/2023\/12\/23\/bekleyis\/\" class=\"read-more-link\">[more&#8230;]<\/a><\/p>\n","protected":false},"author":2,"featured_media":18997,"comment_status":"open","ping_status":"open","sticky":false,"template":"","format":"standard","meta":{"footnotes":""},"categories":[2],"tags":[],"class_list":["post-18996","post","type-post","status-publish","format-standard","has-post-thumbnail","hentry","category-gundem"],"_links":{"self":[{"href":"https:\/\/akdenizhaber.com.tr\/index.php\/wp-json\/wp\/v2\/posts\/18996","targetHints":{"allow":["GET"]}}],"collection":[{"href":"https:\/\/akdenizhaber.com.tr\/index.php\/wp-json\/wp\/v2\/posts"}],"about":[{"href":"https:\/\/akdenizhaber.com.tr\/index.php\/wp-json\/wp\/v2\/types\/post"}],"author":[{"embeddable":true,"href":"https:\/\/akdenizhaber.com.tr\/index.php\/wp-json\/wp\/v2\/users\/2"}],"replies":[{"embeddable":true,"href":"https:\/\/akdenizhaber.com.tr\/index.php\/wp-json\/wp\/v2\/comments?post=18996"}],"version-history":[{"count":0,"href":"https:\/\/akdenizhaber.com.tr\/index.php\/wp-json\/wp\/v2\/posts\/18996\/revisions"}],"wp:featuredmedia":[{"embeddable":true,"href":"https:\/\/akdenizhaber.com.tr\/index.php\/wp-json\/wp\/v2\/media\/18997"}],"wp:attachment":[{"href":"https:\/\/akdenizhaber.com.tr\/index.php\/wp-json\/wp\/v2\/media?parent=18996"}],"wp:term":[{"taxonomy":"category","embeddable":true,"href":"https:\/\/akdenizhaber.com.tr\/index.php\/wp-json\/wp\/v2\/categories?post=18996"},{"taxonomy":"post_tag","embeddable":true,"href":"https:\/\/akdenizhaber.com.tr\/index.php\/wp-json\/wp\/v2\/tags?post=18996"}],"curies":[{"name":"wp","href":"https:\/\/api.w.org\/{rel}","templated":true}]}}