{"id":18950,"date":"2023-12-22T12:33:07","date_gmt":"2023-12-22T09:33:07","guid":{"rendered":"https:\/\/akdenizhaber.com.tr\/?p=18950"},"modified":"2023-12-22T12:33:07","modified_gmt":"2023-12-22T09:33:07","slug":"duran-oz-belediye-meclis-uyesinde-aday-adayi","status":"publish","type":"post","link":"https:\/\/akdenizhaber.com.tr\/index.php\/2023\/12\/22\/duran-oz-belediye-meclis-uyesinde-aday-adayi\/","title":{"rendered":"Duran \u00d6z Belediye Meclis \u00dcyesinde Aday Aday\u0131"},"content":{"rendered":"\n<p><\/p>\n\n\n\n<p>\u0130\u015f insan\u0131, siyaset\u00e7i Duran \u00d6z ge\u00e7ti\u011fimiz g\u00fcn 31 Mart 2024 tarihinde yap\u0131lacak olan yerel se\u00e7imlerde Manavgat Belediyesi meclis \u00fcyesi aday aday\u0131 oldu\u011funu a\u00e7\u0131klad\u0131.<\/p>\n\n\n\n<p>\u0130yi parti il\u00e7e te\u015fkilat\u0131nda d\u00fczenlenen a\u00e7\u0131klamaya partililer ve il\u00e7e y\u00f6netimi kat\u0131ld\u0131.<\/p>\n\n\n\n<p>Y\u0131llard\u0131r siyasetin i\u00e7inde yer ald\u0131\u011f\u0131n\u0131 ifade eden Duran \u00d6z, siyasi tecr\u00fcbeleri ve birikimleri ile Manavgat\u2019a hizmet vaktinin geldi\u011fine dikkat \u00e7ekerek \u015f\u00f6yle konu\u015ftu;<\/p>\n\n\n\n<p>\u201cGenel ba\u015fkan\u0131m\u0131z say\u0131n Meral Ak\u015fenerin&nbsp; \u2018\u2018Medeniyet yolunun ta\u015flar\u0131n\u0131 sadece cesurlar d\u00f6\u015fer\u2019\u2019 diyerek a\u00e7t\u0131\u011f\u0131 bayra\u011f\u0131n pe\u015finden \u015fehir \u015fehir, belde belde dola\u015farak \u00fclkemizin kurtulu\u015fu, \u00fclk\u00fcm\u00fcz\u00fcn zaferi i\u00e7in seferber olduk.<\/p>\n\n\n\n<p>Manavgat\u2019ta \u00f6nce \u2018\u2019Meral Ak\u015fener G\u00f6n\u00fcll\u00fcleri\u2019\u2019 sonra da \u2018\u2019\u0130Y\u0130 Parti Te\u015fkilat\u0131\u2019\u2019 i\u00e7erisinde yakla\u015f\u0131k 10-15 ki\u015fi ile ba\u015flayan sonras\u0131nda da gittik\u00e7e b\u00fcy\u00fcyen bir davan\u0131n \u00f6nc\u00fcleri aras\u0131nda yer ald\u0131m ve bundan hep gurur duydum.<\/p>\n\n\n\n<p>\u00d6yle ki partimize kar\u015f\u0131 ac\u0131mas\u0131zca y\u00fcr\u00fct\u00fclen iftira ve karalama kampanyas\u0131na kar\u015f\u0131 dimdik duran&nbsp; Manavgat\u2019ta tek bir ki\u015fi kalsa bu ki\u015fi Duran \u00d6z olacakt\u0131r. Bu b\u00f6yle bilinmelidir.<\/p>\n\n\n\n<p>Gerek i\u015f hayat\u0131m boyunca genellikle belediyelere yapt\u0131\u011f\u0131m i\u015flerde edindi\u011fim deneyimlerimle, gerekse \u00e7ocuklu\u011fumdan beri i\u00e7inde bulundu\u011fum siyasetteki birikimlerimle Manavgat Belediye Meclis \u00fcyeli\u011fine aday oldum.<\/p>\n\n\n\n<p>\u00c7ocuk denebilecek ya\u015flardan itibaren bir \u015fekilde siyasetin i\u00e7erisinde yer ald\u0131m,daha \u00f6nce milliyet\u00e7i hareket partisi idi ad\u0131m \u015fimdi iyi parti ismimiz her ne olur ise olsun yolumuz bir \u00e7ift mavi g\u00f6zl\u00fc bozkurt Mustafa Kemal Atat\u00fcrk\u2019\u00fcn yoludur&#8230;..<\/p>\n\n\n\n<p>Manavgat halk\u0131n\u0131n deste\u011fiyle \u0130Y\u0130 belediyecilik, temiz, d\u00fcr\u00fcst ve do\u011fru y\u00f6netim nas\u0131l olur g\u00f6stermek i\u00e7in arkada\u015flar\u0131mla birlikte bu g\u00f6reve talibiz.<\/p>\n\n\n\n<p>Kaybolan kent kimli\u011fi nas\u0131l geri kazand\u0131r\u0131l\u0131r, Ya\u015fanabilir bir Manavgat de\u011fil, &nbsp;ya\u015famaktan zevk al\u0131nan bir Manavgat nas\u0131l olu\u015fturulur, ortaya \u00e7\u0131kan rant birilerinin de\u011fil kentimizin faydas\u0131na nas\u0131l kullan\u0131l\u0131r, yolsuzluk ve adam kay\u0131rma nas\u0131l \u00f6nlenir, \u015feffaf ve d\u00fcr\u00fcst belediye y\u00f6netimi nas\u0131l olur, geli\u015fen ve kalabal\u0131kla\u015fan kentlerin sorunlar\u0131 nas\u0131l \u00e7\u00f6z\u00fcl\u00fcr ve gelece\u011fe nas\u0131l haz\u0131rlan\u0131r<\/p>\n\n\n\n<p>B\u00fct\u00fcn bu soru ve sorunlar\u0131n cevab\u0131 t\u00fcm T\u00fcrkiye\u2019de oldu\u011fu gibi Manavgat\u2019ta da \u0130Y\u0130 parti ba\u015fkan ve meclis \u00fcyelerinin i\u015f ba\u015f\u0131na gelmesiyle uygulamal\u0131 olarak cevab\u0131n\u0131 buldu\u011funu g\u00f6receksiniz.<\/p>\n\n\n\n<p>Biz de t\u00fcm \u00e7al\u0131\u015fmalar\u0131m\u0131z\u0131n genel ba\u015fkan\u0131m\u0131z\u0131n \u00e7izdi\u011fi bu do\u011frultuda olaca\u011f\u0131na \u015fimdiden burada, sizin huzurunuzda s\u00f6z veriyoruz.<\/p>\n\n\n\n<p>Arkada\u015flar\u0131mla beraber aday adayl\u0131\u011f\u0131m\u0131z\u0131n kendimize, partimize, kentimize ve \u00fclkemize hay\u0131rl\u0131 olmas\u0131n\u0131 diliyorum\u201d dedi.<\/p>\n\n\n\n<p>(Haber Merkezi)<\/p>\n","protected":false},"excerpt":{"rendered":"<p>\u0130\u015f insan\u0131, siyaset\u00e7i Duran \u00d6z ge\u00e7ti\u011fimiz g\u00fcn 31 Mart 2024 tarihinde yap\u0131lacak olan yerel se\u00e7imlerde Manavgat Belediyesi meclis \u00fcyesi aday aday\u0131 oldu\u011funu a\u00e7\u0131klad\u0131. \u0130yi parti <a href=\"https:\/\/akdenizhaber.com.tr\/index.php\/2023\/12\/22\/duran-oz-belediye-meclis-uyesinde-aday-adayi\/\" class=\"read-more-link\">[more&#8230;]<\/a><\/p>\n","protected":false},"author":2,"featured_media":18951,"comment_status":"open","ping_status":"open","sticky":false,"template":"","format":"standard","meta":{"footnotes":""},"categories":[2],"tags":[],"class_list":["post-18950","post","type-post","status-publish","format-standard","has-post-thumbnail","hentry","category-gundem"],"_links":{"self":[{"href":"https:\/\/akdenizhaber.com.tr\/index.php\/wp-json\/wp\/v2\/posts\/18950","targetHints":{"allow":["GET"]}}],"collection":[{"href":"https:\/\/akdenizhaber.com.tr\/index.php\/wp-json\/wp\/v2\/posts"}],"about":[{"href":"https:\/\/akdenizhaber.com.tr\/index.php\/wp-json\/wp\/v2\/types\/post"}],"author":[{"embeddable":true,"href":"https:\/\/akdenizhaber.com.tr\/index.php\/wp-json\/wp\/v2\/users\/2"}],"replies":[{"embeddable":true,"href":"https:\/\/akdenizhaber.com.tr\/index.php\/wp-json\/wp\/v2\/comments?post=18950"}],"version-history":[{"count":0,"href":"https:\/\/akdenizhaber.com.tr\/index.php\/wp-json\/wp\/v2\/posts\/18950\/revisions"}],"wp:featuredmedia":[{"embeddable":true,"href":"https:\/\/akdenizhaber.com.tr\/index.php\/wp-json\/wp\/v2\/media\/18951"}],"wp:attachment":[{"href":"https:\/\/akdenizhaber.com.tr\/index.php\/wp-json\/wp\/v2\/media?parent=18950"}],"wp:term":[{"taxonomy":"category","embeddable":true,"href":"https:\/\/akdenizhaber.com.tr\/index.php\/wp-json\/wp\/v2\/categories?post=18950"},{"taxonomy":"post_tag","embeddable":true,"href":"https:\/\/akdenizhaber.com.tr\/index.php\/wp-json\/wp\/v2\/tags?post=18950"}],"curies":[{"name":"wp","href":"https:\/\/api.w.org\/{rel}","templated":true}]}}