{"id":18929,"date":"2023-12-22T12:20:39","date_gmt":"2023-12-22T09:20:39","guid":{"rendered":"https:\/\/akdenizhaber.com.tr\/?p=18929"},"modified":"2023-12-22T12:20:39","modified_gmt":"2023-12-22T09:20:39","slug":"tutuncu-ile-varsakin-kaderi-degisti","status":"publish","type":"post","link":"https:\/\/akdenizhaber.com.tr\/index.php\/2023\/12\/22\/tutuncu-ile-varsakin-kaderi-degisti\/","title":{"rendered":"T\u00fct\u00fcnc\u00fc \u0130le Varsak\u2019\u0131n Kaderi De\u011fi\u015fti"},"content":{"rendered":"\n<p><\/p>\n\n\n\n<p>Kepez Belediye Ba\u015fkan\u0131 Hakan T\u00fct\u00fcnc\u00fc, kal\u0131c\u0131 eserlerle de\u011fer kazand\u0131rd\u0131\u011f\u0131 Varsak b\u00f6lgesine, kent meydan\u0131 kazand\u0131r\u0131yor.&nbsp; \u0130\u00e7erisinde ta\u015f mimaride millet k\u0131raathanesinin bulundu\u011fu meydan d\u00fczenlemesi, Varsak\u2019\u0131n de\u011ferini ta\u00e7land\u0131ran bir yat\u0131r\u0131m olacak.<\/p>\n\n\n\n<p>Kepez Belediyesi, eski Varsak Belediye binas\u0131 ile sosyal tesislerin bulundu\u011fu ve uzun y\u0131llar at\u0131l halde kalan 5 bin metrekarelik (m2) alanda 2013\u2019te ye\u015fil alan d\u00fczenlemesi yapm\u0131\u015ft\u0131.&nbsp;&nbsp;<br>Varsak Belediyesi d\u00f6neminde d\u00fc\u011f\u00fcn salonu olarak yap\u0131lan bina, 2012\u2019de ger\u00e7ekle\u015ftirilen tadilat ve g\u00fc\u00e7lendirme \u00e7al\u0131\u015fmas\u0131yla 150 ki\u015filik butik k\u00fclt\u00fcr merkezine d\u00f6n\u00fc\u015ft\u00fcr\u00fcld\u00fc.<br>Belediye Meclisi karar\u0131yla&nbsp;T\u00fcrk edebiyat\u0131n\u0131n usta&nbsp;<strong>ismi<\/strong>, \u015fair ve yazar Ahmet Hamdi Tanp\u0131nar\u2019\u0131n isminin verildi\u011fi salonla, b\u00f6lge k\u00fclt\u00fcrel ve sanatsal etkinliklerle bulu\u015fturuldu.<\/p>\n\n\n\n<p>BELED\u0130YE BAH\u00c7ES\u0130NE BUT\u0130K KENT MEYDANI OLUYOR<\/p>\n\n\n\n<p>Kepez Belediyesi, b\u00f6lgenin sosyal ya\u015fam merkezi olan belediye bah\u00e7esini, butik kent meydan\u0131 projesiyle yeniden d\u00fczenliyor.<br>Meydan d\u00fczenlemesinin merkezinde ise ta\u015f mimaride in\u015fa edilecek olan millet k\u0131raathanesi yer al\u0131yor<br>Proje kapsam\u0131nda bah\u00e7e i\u00e7erisinde yer alan eski belediye binas\u0131, yap\u0131 ve hizmet \u00f6mr\u00fcn\u00fc tamamlamas\u0131, bir b\u00f6l\u00fcm\u00fcn\u00fcn imar yolunda kalmas\u0131ndan dolay\u0131 y\u0131k\u0131ld\u0131. Y\u00fcklenici firma, alan\u0131n molozlardan temizlenmesi ve yer tesliminin yap\u0131lmas\u0131ndan sonra meydan d\u00fczenlemesinin yap\u0131m\u0131n\u0131 ba\u015flatt\u0131.<br>VARSAK KENT MEYDANINA TA\u015e KIRAATHANE<\/p>\n\n\n\n<p>B\u00f6lge sakinlerine \u00e7\u0131nar a\u011fa\u00e7lar\u0131n\u0131n g\u00f6lgesinde demli bir \u00e7ay e\u015fli\u011finde kitap, gazete okuma ve sohbet etme imk\u00e2n\u0131 sunacak olan ta\u015f k\u0131raathane y\u00fckselmeye ba\u015flad\u0131. Temelinin in\u015fa \u00e7al\u0131\u015fmalar\u0131 tamamlanan ve 200 m2 kullan\u0131m alan\u0131 olan millet k\u0131raathanesinin ta\u015f duvarlar\u0131n\u0131n yap\u0131m\u0131 ba\u015flad\u0131. Akseki D\u00fc\u011fmeli Evler ile Sel\u00e7uklu mimarisinde projelendirilen k\u0131raathanenin ta\u015f duvarlar\u0131, Mimar Sinan\u2019\u0131n memleketi Kayseri\u2019den gelen ta\u015f ustalar\u0131 taraf\u0131ndan \u00f6r\u00fcl\u00fcyor. Duvar\u0131n yap\u0131m\u0131nda do\u011fal ta\u015f kullan\u0131yor. Millet k\u0131raathanesinin 900 m2 olan bah\u00e7esinin zeminin kaplamas\u0131nda ise traverten ta\u015f kullan\u0131lacak.<\/p>\n\n\n\n<p>BAH\u00c7EDEK\u0130 A\u011eA\u00c7LARIN TAMAMI KORUNUYOR<\/p>\n\n\n\n<p>K\u0131raathanede, 2 salon, bir fuaye, mutfak ile lavabolar yer al\u0131yor. Varsak Millet K\u0131raathanesi ile b\u00f6lge sakinlerine \u00e7\u0131nar a\u011fa\u00e7lar\u0131n\u0131n g\u00f6lgesinde sosyal aktivitelerini yapabilme imk\u00e2n\u0131 sunulacak.Meydan d\u00fczenlemesinde, eski Varsak Belediyesinin hat\u0131ras\u0131 olan 80\u2019e yak\u0131n a\u011fac\u0131n tamam\u0131 korunuyor. Eski belediye bah\u00e7esinin, millet k\u0131raathanesi d\u0131\u015f\u0131nda kalan b\u00f6l\u00fcmlerinde ise ye\u015fil alan d\u00fczenlemesi yap\u0131lacak. Mevcut su havuzunun y\u0131k\u0131lmayaca\u011f\u0131 bah\u00e7ede, oturma alanlar\u0131, y\u00fcr\u00fcy\u00fc\u015f yollar\u0131, a\u00e7\u0131k hava spor aletleri ile ve \u00e7ocuk oyun park\u0131 yer alacak. Meydan d\u00fczenlemesi kapsam\u0131nda alan\u0131n su ve elektrik alt yap\u0131s\u0131 da yenileniyor.<\/p>\n\n\n\n<p>VEZNELER K\u00dcLT\u00dcR MERKEZ\u0130NDE<\/p>\n\n\n\n<p>Y\u0131k\u0131m\u0131 yap\u0131lan binadaki belediye vezneleri ise Ahmet Hamdi Tanp\u0131nar K\u00fclt\u00fcr Merkezi\u2019nde hizmet vermeye devam ediyor.<br>Bah\u00e7ede bulunan otomatik para \u00f6deme makineleri de (ATM) meydan d\u00fczenlemesi tamamland\u0131ktan sonra alanda yerini alacak.<\/p>\n\n\n\n<p>VARSAK\u2019IN KALB\u0130NE SOSYAL ALAN<\/p>\n\n\n\n<p>Varsak meydan d\u00fczenlemesi, Hamza Ta\u015f Bulvar\u0131 ile Cumhuriyet Caddesi aras\u0131nda eski belediye bah\u00e7esinde ger\u00e7ekle\u015ftiriliyor. Bu alan\u0131n \u00e7evresinde cami, mezarl\u0131k, okullar, k\u00fclt\u00fcr merkezi ve bulvar yollar bulunuyor. Bu bak\u0131mdan kent meydan\u0131 d\u00fczenlememesi b\u00f6lgenin sosyal aktivite, dinlenme, bulu\u015fma ihtiyac\u0131na cevap vermesi ad\u0131na \u00f6nemli bir yat\u0131r\u0131m olacak.<\/p>\n\n\n\n<p>T\u00dcT\u00dcNC\u00dc \u0130LE VARSAK\u2019IN KADER\u0130 DE\u011e\u0130\u015eT\u0130<\/p>\n\n\n\n<p>Ba\u015fkan Hakan T\u00fct\u00fcnc\u00fc, Varsak Millet K\u0131raathanesi ve Kent Meydan\u0131n\u0131 yeni y\u0131lda hizmete a\u00e7acaklar\u0131n\u0131 duyurdu. B\u00fcy\u00fck\u015fehir S\u0131n\u0131rlar\u0131 \u0130\u00e7erisinde \u0130l\u00e7e Kurulmas\u0131 kanunu kapsam\u0131nda 2008\u2019te, Varsak Belediyesi\u2019nin t\u00fczel ki\u015fili\u011finin kald\u0131r\u0131larak, mahalleleriyle birlikte Kepez Belediyesine ba\u011fland\u0131\u011f\u0131n\u0131 an\u0131msatan T\u00fct\u00fcnc\u00fc, \u201cMeydan d\u00fczenlemesiyle eski Varsak Belediyemizin nice hat\u0131ralar\u0131n\u0131n oldu\u011fu bah\u00e7esini gelece\u011fe ta\u015f\u0131yoruz. Yine projeyle belediyemizin hat\u0131ras\u0131 olan \u00e7\u0131nar a\u011fa\u00e7lar\u0131na da sahip \u00e7\u0131k\u0131yoruz. Varsakl\u0131 hem\u015fehrimiz, bu \u00e7\u0131nar a\u011fa\u00e7lar\u0131n\u0131n g\u00f6lgesinde, millet k\u0131raathanelerinde g\u00fczel bir vakti payla\u015fmaya devam edecekler. Bu projemiz, Varsak\u2019\u0131n de\u011ferine de\u011fer katacak. G\u00f6rev y\u0131llar\u0131m i\u00e7erisinde 10 mahallenin bulundu\u011fu Varsak b\u00f6lgemizde olimpik kapal\u0131 y\u00fczme havuzu, masal park\u0131, k\u00fclt\u00fcr salonu, kre\u015f, k\u00fct\u00fcphane, g\u00fcre\u015f sahas\u0131, spor salonu gibi nice yat\u0131r\u0131mlara imza att\u0131k. A\u00e7t\u0131\u011f\u0131m\u0131z bulvar b\u00fcy\u00fckl\u00fc\u011f\u00fcndeki yollar b\u00f6lgeye yat\u0131r\u0131m\u0131n gelmesinin ve planl\u0131 \u015fehirle\u015fmenin \u00f6n\u00fcn\u00fc a\u00e7t\u0131. Yeni okullar, pazar yerleri, imar d\u00fczenlemesi gibi yat\u0131r\u0131mlarla da Varsak\u2019\u0131 kasabadan \u015fehre d\u00f6n\u00fc\u015ft\u00fcrd\u00fck.&nbsp; B\u00fcy\u00fck hayallerimiz var. &nbsp;Bu b\u00fcy\u00fck hayallerle Varsak\u2019\u0131 g\u00fczelle\u015ftirmeye, geli\u015ftirmeye devam edece\u011fiz.\u201d a\u00e7\u0131klamas\u0131n\u0131 yapt\u0131. &nbsp;&nbsp;&nbsp;&nbsp;&nbsp;&nbsp;<\/p>\n\n\n\n<p>Kepez Belediyesi \/ B\u00fclten<\/p>\n","protected":false},"excerpt":{"rendered":"<p>Kepez Belediye Ba\u015fkan\u0131 Hakan T\u00fct\u00fcnc\u00fc, kal\u0131c\u0131 eserlerle de\u011fer kazand\u0131rd\u0131\u011f\u0131 Varsak b\u00f6lgesine, kent meydan\u0131 kazand\u0131r\u0131yor.&nbsp; \u0130\u00e7erisinde ta\u015f mimaride millet k\u0131raathanesinin bulundu\u011fu meydan d\u00fczenlemesi, Varsak\u2019\u0131n de\u011ferini ta\u00e7land\u0131ran <a href=\"https:\/\/akdenizhaber.com.tr\/index.php\/2023\/12\/22\/tutuncu-ile-varsakin-kaderi-degisti\/\" class=\"read-more-link\">[more&#8230;]<\/a><\/p>\n","protected":false},"author":2,"featured_media":18930,"comment_status":"open","ping_status":"open","sticky":false,"template":"","format":"standard","meta":{"footnotes":""},"categories":[2],"tags":[],"class_list":["post-18929","post","type-post","status-publish","format-standard","has-post-thumbnail","hentry","category-gundem"],"_links":{"self":[{"href":"https:\/\/akdenizhaber.com.tr\/index.php\/wp-json\/wp\/v2\/posts\/18929","targetHints":{"allow":["GET"]}}],"collection":[{"href":"https:\/\/akdenizhaber.com.tr\/index.php\/wp-json\/wp\/v2\/posts"}],"about":[{"href":"https:\/\/akdenizhaber.com.tr\/index.php\/wp-json\/wp\/v2\/types\/post"}],"author":[{"embeddable":true,"href":"https:\/\/akdenizhaber.com.tr\/index.php\/wp-json\/wp\/v2\/users\/2"}],"replies":[{"embeddable":true,"href":"https:\/\/akdenizhaber.com.tr\/index.php\/wp-json\/wp\/v2\/comments?post=18929"}],"version-history":[{"count":0,"href":"https:\/\/akdenizhaber.com.tr\/index.php\/wp-json\/wp\/v2\/posts\/18929\/revisions"}],"wp:featuredmedia":[{"embeddable":true,"href":"https:\/\/akdenizhaber.com.tr\/index.php\/wp-json\/wp\/v2\/media\/18930"}],"wp:attachment":[{"href":"https:\/\/akdenizhaber.com.tr\/index.php\/wp-json\/wp\/v2\/media?parent=18929"}],"wp:term":[{"taxonomy":"category","embeddable":true,"href":"https:\/\/akdenizhaber.com.tr\/index.php\/wp-json\/wp\/v2\/categories?post=18929"},{"taxonomy":"post_tag","embeddable":true,"href":"https:\/\/akdenizhaber.com.tr\/index.php\/wp-json\/wp\/v2\/tags?post=18929"}],"curies":[{"name":"wp","href":"https:\/\/api.w.org\/{rel}","templated":true}]}}