{"id":18918,"date":"2023-12-21T13:18:41","date_gmt":"2023-12-21T10:18:41","guid":{"rendered":"https:\/\/akdenizhaber.com.tr\/?p=18918"},"modified":"2023-12-21T13:18:42","modified_gmt":"2023-12-21T10:18:42","slug":"antalya-bilim-merkezi-ile-cocuklar-gokyuzune-dokunuyor","status":"publish","type":"post","link":"https:\/\/akdenizhaber.com.tr\/index.php\/2023\/12\/21\/antalya-bilim-merkezi-ile-cocuklar-gokyuzune-dokunuyor\/","title":{"rendered":"Antalya Bilim Merkezi ile \u00e7ocuklar g\u00f6ky\u00fcz\u00fcne dokunuyor\u00a0"},"content":{"rendered":"\n<p><\/p>\n\n\n\n<p>G\u00f6k bilimine merakl\u0131 \u00e7ocuklar, Antalya Bilim Merkezi\u2019nde evrenin en ihti\u015faml\u0131 patlamas\u0131 olan s\u00fcpernovalar\u0131 \u00f6\u011frenirken analitik d\u00fc\u015f\u00fcnme becerisi kazan\u0131yor.<\/p>\n\n\n\n<p>Antalya Bilim Merkezi\u2019nin astronomi at\u00f6lyesi, g\u00f6kbilimine merakl\u0131 7-14 ya\u015f aras\u0131ndaki \u00e7ocuklar\u0131n g\u00f6zdesi oldu. G\u00fcnd\u00fcz ve gece g\u00f6ky\u00fcz\u00fcnde g\u00f6rd\u00fckleri g\u00f6kcisimlerini merak eden \u00e7ocuklar, g\u00fcne\u015fin g\u00fcnl\u00fck hareketinden g\u00fcne\u015f saati tasar\u0131m\u0131n\u0131, y\u0131ld\u0131zlar\u0131n mevsimlik hareketinden g\u00f6k atlas\u0131n\u0131, ge\u00e7mi\u015ften g\u00fcn\u00fcm\u00fcze roketleri anlayarak roket modellerini, evrenin en ihti\u015faml\u0131 patlamalar\u0131 olan s\u00fcpernovalar\u0131 \u00f6\u011freniyorlar. Antalya Bilim Merkezi\u2019nde \u00e7ocuklar \u00f6\u011frenirken,&nbsp; bir yandan da analitik d\u00fc\u015f\u00fcnme becerisi de kazan\u0131yorlar.<\/p>\n\n\n\n<p>HEYECANLI G\u00d6KY\u00dcZ\u00dc SER\u00dcVEN\u0130<\/p>\n\n\n\n<p>\u00d6\u011frencilerin ve gen\u00e7lerin do\u011fay\u0131 ve g\u00f6ky\u00fcz\u00fcn\u00fc tan\u0131y\u0131p anlama ser\u00fcvenlerine katk\u0131 sa\u011flayan at\u00f6lyede, g\u00fcndelik hayatta kullan\u0131labilecek ara\u00e7 gere\u00e7leri tasarlay\u0131p, kullanarak bilimin temellerini \u00f6\u011freniyorlar. D\u00fcnya-Ay-G\u00fcne\u015f \u00fc\u00e7l\u00fc sisteminden ba\u015flayarak y\u0131ld\u0131zlara, galaksilere ve evrenin kendisine olan heyecanl\u0131 bir ser\u00fcvene davet ettiklerini belirten at\u00f6lye lideri Y\u00fcksek Astrofizik\u00e7i Cihad Deniz, &nbsp;\u201cKat\u0131l\u0131mc\u0131lar bu bilgileri somutla\u015ft\u0131rma yolunda ilerlerken, tasar\u0131m yetenekleri geli\u015fiyor. Astronomi at\u00f6lyemiz; Geceleri neden karanl\u0131k olur? Kutup y\u0131ld\u0131z\u0131 en parlak y\u0131ld\u0131z m\u0131d\u0131r? veya Ay neden bizi takip ediyor?&#8221; gibi sorular\u0131n cevaplar\u0131n\u0131 arayanlar\u0131 bekliyor.\u201d diye konu\u015ftu. &nbsp;<\/p>\n\n\n\n<p>Antalya Bilim Merkezi\/ B\u00fclten<\/p>\n","protected":false},"excerpt":{"rendered":"<p>G\u00f6k bilimine merakl\u0131 \u00e7ocuklar, Antalya Bilim Merkezi\u2019nde evrenin en ihti\u015faml\u0131 patlamas\u0131 olan s\u00fcpernovalar\u0131 \u00f6\u011frenirken analitik d\u00fc\u015f\u00fcnme becerisi kazan\u0131yor. Antalya Bilim Merkezi\u2019nin astronomi at\u00f6lyesi, g\u00f6kbilimine merakl\u0131 <a href=\"https:\/\/akdenizhaber.com.tr\/index.php\/2023\/12\/21\/antalya-bilim-merkezi-ile-cocuklar-gokyuzune-dokunuyor\/\" class=\"read-more-link\">[more&#8230;]<\/a><\/p>\n","protected":false},"author":2,"featured_media":18919,"comment_status":"open","ping_status":"open","sticky":false,"template":"","format":"standard","meta":{"footnotes":""},"categories":[2],"tags":[],"class_list":["post-18918","post","type-post","status-publish","format-standard","has-post-thumbnail","hentry","category-gundem"],"_links":{"self":[{"href":"https:\/\/akdenizhaber.com.tr\/index.php\/wp-json\/wp\/v2\/posts\/18918","targetHints":{"allow":["GET"]}}],"collection":[{"href":"https:\/\/akdenizhaber.com.tr\/index.php\/wp-json\/wp\/v2\/posts"}],"about":[{"href":"https:\/\/akdenizhaber.com.tr\/index.php\/wp-json\/wp\/v2\/types\/post"}],"author":[{"embeddable":true,"href":"https:\/\/akdenizhaber.com.tr\/index.php\/wp-json\/wp\/v2\/users\/2"}],"replies":[{"embeddable":true,"href":"https:\/\/akdenizhaber.com.tr\/index.php\/wp-json\/wp\/v2\/comments?post=18918"}],"version-history":[{"count":0,"href":"https:\/\/akdenizhaber.com.tr\/index.php\/wp-json\/wp\/v2\/posts\/18918\/revisions"}],"wp:featuredmedia":[{"embeddable":true,"href":"https:\/\/akdenizhaber.com.tr\/index.php\/wp-json\/wp\/v2\/media\/18919"}],"wp:attachment":[{"href":"https:\/\/akdenizhaber.com.tr\/index.php\/wp-json\/wp\/v2\/media?parent=18918"}],"wp:term":[{"taxonomy":"category","embeddable":true,"href":"https:\/\/akdenizhaber.com.tr\/index.php\/wp-json\/wp\/v2\/categories?post=18918"},{"taxonomy":"post_tag","embeddable":true,"href":"https:\/\/akdenizhaber.com.tr\/index.php\/wp-json\/wp\/v2\/tags?post=18918"}],"curies":[{"name":"wp","href":"https:\/\/api.w.org\/{rel}","templated":true}]}}