{"id":18906,"date":"2023-12-21T13:16:13","date_gmt":"2023-12-21T10:16:13","guid":{"rendered":"https:\/\/akdenizhaber.com.tr\/?p=18906"},"modified":"2023-12-21T13:16:13","modified_gmt":"2023-12-21T10:16:13","slug":"buyuksehir-6-bin-hastaya-evde-saglik-hizmeti-verdi","status":"publish","type":"post","link":"https:\/\/akdenizhaber.com.tr\/index.php\/2023\/12\/21\/buyuksehir-6-bin-hastaya-evde-saglik-hizmeti-verdi\/","title":{"rendered":"B\u00fcy\u00fck\u015fehir, 6 bin hastaya evde sa\u011fl\u0131k hizmeti verdi"},"content":{"rendered":"\n<p><\/p>\n\n\n\n<p>Antalya B\u00fcy\u00fck\u015fehir Belediyesi, \u2018Evde Sa\u011fl\u0131k Hizmeti\u2019 ile sa\u011fl\u0131k kontrol\u00fcnden, \u00f6z bak\u0131ma, ev t\u0131bbi malzeme ve nakil ambulans yard\u0131m\u0131na her t\u00fcrl\u00fc deste\u011fi sa\u011flayarak binlerce vatanda\u015f\u0131n derdine derman oluyor. Bir y\u0131l i\u00e7inde 5 bin 591 ya\u015fl\u0131 ve hastaya evde sa\u011fl\u0131k hizmeti sunuldu.<\/p>\n\n\n\n<p>Antalya B\u00fcy\u00fck\u015fehir Belediyesi Sa\u011fl\u0131k \u0130\u015fleri Dairesi Ba\u015fkanl\u0131\u011f\u0131, \u00fccretsiz Evde Sa\u011fl\u0131k Hizmeti ile engelli, ya\u015fl\u0131 veya yatalak durumda olan ihtiya\u00e7 sahibi vatanda\u015flara elini uzatarak ya\u015fam kalitesini artt\u0131r\u0131yor.Doktorlar, hem\u015fire, fizyoterapist, bak\u0131m personeli taraf\u0131ndan evlerinde ziyaret edilen hastalar, kendini yaln\u0131z hissetmiyor. Enjeksiyon, sonda tak\u0131lmas\u0131, \u015feker-tansiyon \u00f6l\u00e7\u00fcm\u00fc ve di\u015f muayeneleri ger\u00e7ekle\u015ftirilen, ya\u015fam alan\u0131 temizli\u011five \u00f6z bak\u0131m\u0131 yap\u0131lan hastalara ayn\u0131 zamanda t\u0131bbi malzeme deste\u011fi de sa\u011flan\u0131yor. Hastanede m\u00fcdahale gerektiren bir durum s\u00f6z konusu oldu\u011funda ise hasta, nakil ambulans\u0131 ile hastaneye g\u00f6t\u00fcr\u00fcl\u00fcyor.<\/p>\n\n\n\n<p>DOKTOR, HEM\u015e\u0130RE VE AMBULANS DESTE\u011e\u0130<\/p>\n\n\n\n<p>16 bin 200 kay\u0131tl\u0131 hasta say\u0131s\u0131 olan evde sa\u011fl\u0131k hizmetinden 2023 y\u0131l\u0131 i\u00e7erisinde5 bin 591 hasta ve ya\u015fl\u0131 aktif olarak faydaland\u0131. 6 bin 160 hem\u015fire, 319 doktor ziyareti, 5 bin 654 kez \u00fccretsiz ambulans temini, 2061 sa\u011fl\u0131k kurumlar\u0131na ara\u00e7 temini, 563 ki\u015fiye fizyoterapi, 156 ki\u015fiye di\u015f hekimi muayene ve tedavi i\u015flemi ger\u00e7ekle\u015ftirildi.&nbsp; Ayr\u0131ca 2 bin 105 hanenin temizli\u011fi yap\u0131l\u0131rken, 110 ki\u015fiye \u00f6z bak\u0131m hizmeti verildi.<\/p>\n\n\n\n<p>FEL\u00c7 GE\u00c7\u0130RD\u0130 6 AYLIK TEDAV\u0130YLE YEN\u0130DEN AYA\u011eA KALKTI<\/p>\n\n\n\n<p>B\u00fcy\u00fck\u015fehir Belediyesi\u2019nin Evde Sa\u011fl\u0131k Hizmeti ekipleri, beynine p\u0131ht\u0131 atmas\u0131 sonucu y\u00fcr\u00fcme ve konu\u015fma yetkisini kaybeden Ramazan \u00dcnver\u2019in hayat\u0131nda bir mucize ye\u015fertti. Ramazan \u00dcnver, 6 ay \u00f6nce ge\u00e7irdi\u011fi kalp kapa\u011f\u0131 ameliyat\u0131 sonras\u0131 beynine p\u0131ht\u0131 atmas\u0131 sonucu k\u0131smi fel\u00e7 oldu.<\/p>\n\n\n\n<p>Evde Sa\u011fl\u0131k Hizmeti kapsam\u0131nda uygulanan fizik tedavi hizmeti ile tan\u0131\u015ft\u0131ktan sonra, 6 ay i\u00e7erisinde y\u00fcr\u00fcmeye, konu\u015fmaya ve ihtiya\u00e7lar\u0131n\u0131 kar\u015f\u0131lamaya ba\u015flad\u0131.<\/p>\n\n\n\n<p>\u2018Yeniden aya\u011fa kalkaca\u011f\u0131ma inanm\u0131yordum\u2019diyen \u00dcnver, \u201cV\u00fccudumun sa\u011f taraf\u0131 fel\u00e7 olmu\u015ftu. Art\u0131k y\u00fcr\u00fcyemem aya\u011fa kalkamam diye d\u00fc\u015f\u00fcn\u00fcyordum. Fizyoterapi \u00e7al\u0131\u015fmalar\u0131 sayesinde yeniden aya\u011fa kalkt\u0131m. \u00c7ok mutluyum ve memnunum. B\u00fcy\u00fck\u015fehir Belediyesi, zor g\u00fcnlerimizde destek olup b\u00fct\u00fcn ihtiyac\u0131m\u0131z\u0131 kar\u015f\u0131lad\u0131. Aya\u011f\u0131m\u0131za kadar ambulans, fizyoterapist, hem\u015fire ve doktor hizmeti getirdiler. Allah raz\u0131 olsun\u2019 diye konu\u015ftu.<\/p>\n\n\n\n<p>B\u00dcY\u00dcK\u015eEH\u0130R ZOR G\u00dcNLER\u0130M\u0130ZDE DESTEKOLDU<\/p>\n\n\n\n<p>Ramazan \u00dcnver\u2019in e\u015fi Havva \u00dcnver\u2019de B\u00fcy\u00fck\u015fehir\u2019in zor g\u00fcnlerinde kendilerine destek olduklar\u0131n\u0131 belirterek, \u201c\u00c7ok zor bir s\u00fcre\u00e7 ba\u015flad\u0131 ve yard\u0131ma \u00e7ok ihtiyac\u0131m\u0131z vard\u0131. E\u015fimin art\u0131k aya\u011fa kalkaca\u011f\u0131na inanm\u0131yorduk. B\u00fcy\u00fck\u015fehir Belediyesi\u2019ne ba\u015fvurduk hemen ilgilendiler. Fizik tedavi \u00e7al\u0131\u015fmalar\u0131yla birlikte yeniden y\u00fcr\u00fcmeye ve konu\u015fmaya ba\u015flad\u0131. Hayat kalitemiz yeniden iyile\u015fti ailecek \u015fimdi \u00e7ok mutluyuz. B\u00fcy\u00fck\u015fehir Belediye Ba\u015fkan\u0131 Muhittin B\u00f6cek\u2019ten Allah bin kere raz\u0131 olsun\u201d dedi.<\/p>\n\n\n\n<p>TEDAV\u0130YE BA\u015eLADI\u011eIMIZDA TAMAMEN YATA\u011eA BA\u011eIMLIYDI<\/p>\n\n\n\n<p>B\u00fcy\u00fck\u015fehir Belediyesi Sa\u011fl\u0131k \u0130\u015fleri Dairesi Evde Sa\u011fl\u0131k Birimi\u2019nde g\u00f6revli Fizyoterapist Bahar Deveci, \u015funlar\u0131 s\u00f6yledi: \u201cRamazan Bey\u2019le tedaviye ba\u015flad\u0131\u011f\u0131m\u0131zda, tamamen yata\u011fa ba\u011f\u0131ml\u0131 haldeydi. Y\u00fcr\u00fcyemiyor, konu\u015fam\u0131yor, kolunu ve baca\u011f\u0131n\u0131 kald\u0131ram\u0131yordu. \u0130lk \u00f6nce pasif hareketlerle ba\u015flad\u0131k. Kas g\u00fcc\u00fcm\u00fcz gelmeye ba\u015flad\u0131k\u00e7a, bunlara ufak diren\u00e7ler ekledik. Bacak kaslar\u0131n\u0131 kuvvetlendirmesi i\u00e7in, g\u00f6vde dengesi \u00e7al\u0131\u015ft\u0131k. Oturma pozisyonunda hem a\u011f\u0131rl\u0131kl\u0131 hem a\u011f\u0131rl\u0131ks\u0131z kuvvetlendirme egzersizleri de yapt\u0131k.Ayakta durmaya ba\u015flay\u0131nca da y\u00fcr\u00fcme egzersizleri ile devam ettik. 6 ay s\u00fcren fizik tedavi s\u00fcrecinde hem y\u00fcr\u00fcme hem konu\u015fma hem de kolunu kullanma k\u0131sm\u0131nda b\u00fcy\u00fck yol kat ettik.\u201d<\/p>\n\n\n\n<p>YAKINDAN \u0130LG\u0130LEN\u0130YORLAR<\/p>\n\n\n\n<p>2016 y\u0131l\u0131nda y\u00fcksek tansiyon nedeniyle aort damar\u0131 y\u0131rt\u0131lan ve ge\u00e7irdi\u011fi ameliyat sonras\u0131nda aya\u011fa kalkamayan Veli \u00c7ark da Evde Sa\u011fl\u0131k Hizmetinden duydu\u011fu memnuniyeti dile getirdi. Veli \u00c7ark, \u201cB\u00fcy\u00fck\u015fehir Belediyesi Evde Sa\u011fl\u0131k Hizmetine ba\u015fvurduk, \u00f6nce hasta yata\u011f\u0131 ve bez deste\u011fi verdiler. Hastane randevum olaca\u011f\u0131 zaman da ambulansla beni al\u0131p hastaneye g\u00f6t\u00fcr\u00fcp getiriyorlar. B\u00fcy\u00fck\u015fehir Belediyesi\u2019nden doktor ve hem\u015firemiz sa\u011fl\u0131k kontrollerimi yap\u0131yor, muayene ediyor. Hem \u00fccretsiz olarak b\u00f6yle bir hizmet al\u0131yoruz hem de g\u00fcler y\u00fczl\u00fc personeller bize \u00e7ok yard\u0131mlar\u0131 oluyor. \u00c7ok te\u015fekk\u00fcr ederim\u201d dedi.<\/p>\n\n\n\n<p>Antalya B\u00fcy\u00fck\u015fehir Belediyesi \/ B\u00fclten<\/p>\n","protected":false},"excerpt":{"rendered":"<p>Antalya B\u00fcy\u00fck\u015fehir Belediyesi, \u2018Evde Sa\u011fl\u0131k Hizmeti\u2019 ile sa\u011fl\u0131k kontrol\u00fcnden, \u00f6z bak\u0131ma, ev t\u0131bbi malzeme ve nakil ambulans yard\u0131m\u0131na her t\u00fcrl\u00fc deste\u011fi sa\u011flayarak binlerce vatanda\u015f\u0131n derdine <a href=\"https:\/\/akdenizhaber.com.tr\/index.php\/2023\/12\/21\/buyuksehir-6-bin-hastaya-evde-saglik-hizmeti-verdi\/\" class=\"read-more-link\">[more&#8230;]<\/a><\/p>\n","protected":false},"author":2,"featured_media":18907,"comment_status":"open","ping_status":"open","sticky":false,"template":"","format":"standard","meta":{"footnotes":""},"categories":[2],"tags":[],"class_list":["post-18906","post","type-post","status-publish","format-standard","has-post-thumbnail","hentry","category-gundem"],"_links":{"self":[{"href":"https:\/\/akdenizhaber.com.tr\/index.php\/wp-json\/wp\/v2\/posts\/18906","targetHints":{"allow":["GET"]}}],"collection":[{"href":"https:\/\/akdenizhaber.com.tr\/index.php\/wp-json\/wp\/v2\/posts"}],"about":[{"href":"https:\/\/akdenizhaber.com.tr\/index.php\/wp-json\/wp\/v2\/types\/post"}],"author":[{"embeddable":true,"href":"https:\/\/akdenizhaber.com.tr\/index.php\/wp-json\/wp\/v2\/users\/2"}],"replies":[{"embeddable":true,"href":"https:\/\/akdenizhaber.com.tr\/index.php\/wp-json\/wp\/v2\/comments?post=18906"}],"version-history":[{"count":0,"href":"https:\/\/akdenizhaber.com.tr\/index.php\/wp-json\/wp\/v2\/posts\/18906\/revisions"}],"wp:featuredmedia":[{"embeddable":true,"href":"https:\/\/akdenizhaber.com.tr\/index.php\/wp-json\/wp\/v2\/media\/18907"}],"wp:attachment":[{"href":"https:\/\/akdenizhaber.com.tr\/index.php\/wp-json\/wp\/v2\/media?parent=18906"}],"wp:term":[{"taxonomy":"category","embeddable":true,"href":"https:\/\/akdenizhaber.com.tr\/index.php\/wp-json\/wp\/v2\/categories?post=18906"},{"taxonomy":"post_tag","embeddable":true,"href":"https:\/\/akdenizhaber.com.tr\/index.php\/wp-json\/wp\/v2\/tags?post=18906"}],"curies":[{"name":"wp","href":"https:\/\/api.w.org\/{rel}","templated":true}]}}