{"id":18903,"date":"2023-12-21T13:15:35","date_gmt":"2023-12-21T10:15:35","guid":{"rendered":"https:\/\/akdenizhaber.com.tr\/?p=18903"},"modified":"2023-12-21T13:15:35","modified_gmt":"2023-12-21T10:15:35","slug":"yacht-life-boat-show-denizcilik-sektorunu-bulusturdu","status":"publish","type":"post","link":"https:\/\/akdenizhaber.com.tr\/index.php\/2023\/12\/21\/yacht-life-boat-show-denizcilik-sektorunu-bulusturdu\/","title":{"rendered":"Yacht L\u0131fe Boat Show, Denizcilik Sekt\u00f6r\u00fcn\u00fc Bulu\u015fturdu"},"content":{"rendered":"\n<p><\/p>\n\n\n\n<p>\u0130MEAK Deniz Ticaret Odas\u0131 Antalya \u015eubesi&#8217;nin \u00f6nc\u00fcl\u00fc\u011f\u00fcnde Antalya\u2019da bu y\u0131l ilki ger\u00e7ekle\u015ftirilen Yacht Life Boat Show, denizcilik sekt\u00f6r\u00fcn\u00fc bir araya getirdi.<\/p>\n\n\n\n<p>Antalya Valisi Hulusi \u015eahin ba\u015fta olmak \u00fczere, \u0130MEAK Deniz Ticaret Odas\u0131 Ba\u015fkan\u0131 Tamer K\u0131ran, Antalya B\u00fcy\u00fck\u015fehir Belediyesi Ba\u015fkan Dan\u0131\u015fman\u0131 Lokman Atasoy, Kepez Belediye Ba\u015fkan\u0131 Hakan T\u00fct\u00fcnc\u00fc, Antalya Ticaret Borsas\u0131 Y\u00f6netim Kurulu ve Antalya Tar\u0131m Konseyi Ba\u015fkan\u0131 Ali \u00c7and\u0131r, Antalya Esnaf Odalar\u0131 Birlik Ba\u015fkan\u0131 Adl\u0131han Dere ve DTO Antalya \u015eube Ba\u015fkan\u0131 Ahmet \u00c7etin ile protokol\u00fcn 16 Aral\u0131k Cumartesi g\u00fcn\u00fc a\u00e7\u0131l\u0131\u015f\u0131n\u0131 yapt\u0131\u011f\u0131 Antalya Anfa\u015f Fuar ve Kongre Merkezi\u2019ndeki fuarda; yat, tekne ve yelkenlilerle ilgilenen profesyoneller ile denizcilik tutkunlar\u0131 bir araya geldi.<\/p>\n\n\n\n<p>Sekt\u00f6r\u00fcn b\u00fcy\u00fck ilgi g\u00f6sterdi\u011fi &nbsp;ve 120 firma, 135 marka yer ald\u0131\u011f\u0131 fuar 8 g\u00fcn boyunca ziyaret\u00e7ilerini a\u011f\u0131rlamaya devam edecek.<\/p>\n\n\n\n<p>Yacht Life Boat Show her b\u00fct\u00e7eye uygun deniz ara\u00e7lar\u0131 ve malzemeleri sunarak kat\u0131l\u0131mc\u0131 firmalara stoklar\u0131n\u0131 yenileme, yeni sipari\u015fler alma ve 2024 y\u0131l\u0131nda hedefledikleri ticaret performans\u0131na ula\u015fma f\u0131rsat\u0131 sunuyor.<\/p>\n\n\n\n<p><strong>Antalya Valisi Hulusi \u015eahin, DTO Ba\u015fkan\u0131 Tamer K\u0131ran ile birlikte fuar\u0131 gezdi<\/strong><\/p>\n\n\n\n<p>Antalya Valisi Hulusi \u015eahin, \u0130MEAK Deniz Ticaret Odas\u0131 Ba\u015fkan\u0131 Tamer K\u0131ran, Antalya \u015eube Ba\u015fkan\u0131 Ahmet \u00c7etin ve protokol \u00fcyeleri a\u00e7\u0131l\u0131\u015f konu\u015fmalar\u0131 sonras\u0131 fuar\u0131 gezerek, yetkili firmalardan bilgiler ald\u0131lar.<\/p>\n\n\n\n<p><strong>Tamer K\u0131ran\u2019dan Antalya ziyaretleri<\/strong><\/p>\n\n\n\n<p>Boat Show 2023 i\u00e7in Antalya\u2019ya gelen DTO Ba\u015fkan\u0131 Tamer K\u0131ran, Antalya Valisi Hulusi \u015eahin ba\u015fta olmak \u00fczere Antalya Ticaret ve Sanayi Odas\u0131 Y\u00f6netim Kurulu Ba\u015fkan\u0131 Ali Bahar, Sahil G\u00fcvenlik Antalya Grup Komutan\u0131 Yarbay Tolga Co\u015fkun, Antalya B\u00f6lge Liman Ba\u015fkan\u0131 Muhammet Alper Ke\u00e7eli , QTerminals Antalya Genel M\u00fcd\u00fcr\u00fc \u00d6zg\u00fcr Sert ve Setur Antalya Marina M\u00fcd\u00fcr\u00fc Ziya Baykal ziyaret etti ve ard\u0131ndan DTO Antalya \u015eubesinde, oda \u00fcyeleriyle bir araya geldi, sorunlar\u0131n\u0131 dinledi.<\/p>\n\n\n\n<p>\u201cAntalya hem ekonomik anlamda hem de turizm anlam\u0131nda \u00e7ok \u00f6nemli bir kentimiz!\u201d<\/p>\n\n\n\n<p>\u0130MEAK Deniz Ticaret Odas\u0131 Ba\u015fkan\u0131 Tamer K\u0131ran Antalya ziyaretleri ve fuar hakk\u0131nda yapt\u0131\u011f\u0131 a\u00e7klamas\u0131nda, \u201cDeniz Ticaret Odas\u0131 ekibimiz ile birlikte Yacht Life Boat Show i\u00e7in Antalya\u2019ya geldik. \u00c7ok g\u00fczel bir fuarla kar\u015f\u0131la\u015ft\u0131k. Yeni hayata ba\u015flayan ve in\u015fallah ilerideki senelerde \u00e7ok daha iyi yerlerde gelecek bir fuar. Kat\u0131l\u0131mc\u0131 say\u0131s\u0131n\u0131 yo\u011fun g\u00f6rd\u00fck. Ziyaret\u00e7i say\u0131s\u0131 da iyi. Bu fuar\u0131 sekt\u00f6r\u00fcn ihtiya\u00e7lar\u0131 a\u00e7\u0131s\u0131ndan ba\u015far\u0131l\u0131 buldum. Antalya hem ekonomik anlamda hem de turizm anlam\u0131nda \u00e7ok \u00f6nemli bir kentimiz. Turizm a\u00e7\u0131s\u0131ndan bakt\u0131\u011f\u0131m\u0131zda da \u00e7ok \u00f6nemli bir kentimiz. Buraya geldi\u011fimizde de mutlaka yereldeki y\u00f6neticilerimizle kamudaki y\u00f6neticilerimizi ziyaret ediyoruz. Antalya\u2019n\u0131n deniz turizmindeki yerini nas\u0131l daha iyile\u015ftirebiliriz isti\u015faresinde bulunuyoruz. Faydal\u0131 bir ziyaret oldu diye d\u00fc\u015f\u00fcn\u00fcyorum. DTO Antalya \u015eubemizi Ba\u015fkan\u0131 Ahmet \u00c7etin Ba\u015fkan dabenim gibi ikinci d\u00f6nemini icra ediyor. \u00c7ok faydal\u0131 i\u015fler yap\u0131yor. \u00dcyelerine \u00e7ok yak\u0131n, devaml\u0131 \u00fcyeler ile temas halinde. Ula\u015f\u0131labiliyor. Kendisi burada sorunlar\u0131 \u00e7\u00f6zmekte ba\u015far\u0131l\u0131 bir \u015fube ba\u015fkan\u0131m\u0131z. Kendisi ile \u00e7al\u0131\u015fmaktan \u00e7ok memnunum\u201d diye konu\u015ftu.<\/p>\n\n\n\n<p>Antalya Valili\u011fi \/ B\u00fclten<\/p>\n","protected":false},"excerpt":{"rendered":"<p>\u0130MEAK Deniz Ticaret Odas\u0131 Antalya \u015eubesi&#8217;nin \u00f6nc\u00fcl\u00fc\u011f\u00fcnde Antalya\u2019da bu y\u0131l ilki ger\u00e7ekle\u015ftirilen Yacht Life Boat Show, denizcilik sekt\u00f6r\u00fcn\u00fc bir araya getirdi. Antalya Valisi Hulusi \u015eahin <a href=\"https:\/\/akdenizhaber.com.tr\/index.php\/2023\/12\/21\/yacht-life-boat-show-denizcilik-sektorunu-bulusturdu\/\" class=\"read-more-link\">[more&#8230;]<\/a><\/p>\n","protected":false},"author":2,"featured_media":18904,"comment_status":"open","ping_status":"open","sticky":false,"template":"","format":"standard","meta":{"footnotes":""},"categories":[2],"tags":[],"class_list":["post-18903","post","type-post","status-publish","format-standard","has-post-thumbnail","hentry","category-gundem"],"_links":{"self":[{"href":"https:\/\/akdenizhaber.com.tr\/index.php\/wp-json\/wp\/v2\/posts\/18903","targetHints":{"allow":["GET"]}}],"collection":[{"href":"https:\/\/akdenizhaber.com.tr\/index.php\/wp-json\/wp\/v2\/posts"}],"about":[{"href":"https:\/\/akdenizhaber.com.tr\/index.php\/wp-json\/wp\/v2\/types\/post"}],"author":[{"embeddable":true,"href":"https:\/\/akdenizhaber.com.tr\/index.php\/wp-json\/wp\/v2\/users\/2"}],"replies":[{"embeddable":true,"href":"https:\/\/akdenizhaber.com.tr\/index.php\/wp-json\/wp\/v2\/comments?post=18903"}],"version-history":[{"count":0,"href":"https:\/\/akdenizhaber.com.tr\/index.php\/wp-json\/wp\/v2\/posts\/18903\/revisions"}],"wp:featuredmedia":[{"embeddable":true,"href":"https:\/\/akdenizhaber.com.tr\/index.php\/wp-json\/wp\/v2\/media\/18904"}],"wp:attachment":[{"href":"https:\/\/akdenizhaber.com.tr\/index.php\/wp-json\/wp\/v2\/media?parent=18903"}],"wp:term":[{"taxonomy":"category","embeddable":true,"href":"https:\/\/akdenizhaber.com.tr\/index.php\/wp-json\/wp\/v2\/categories?post=18903"},{"taxonomy":"post_tag","embeddable":true,"href":"https:\/\/akdenizhaber.com.tr\/index.php\/wp-json\/wp\/v2\/tags?post=18903"}],"curies":[{"name":"wp","href":"https:\/\/api.w.org\/{rel}","templated":true}]}}