{"id":18856,"date":"2023-12-20T08:58:19","date_gmt":"2023-12-20T05:58:19","guid":{"rendered":"https:\/\/akdenizhaber.com.tr\/?p=18856"},"modified":"2023-12-20T08:58:19","modified_gmt":"2023-12-20T05:58:19","slug":"uluslararasi-organize-suc-orgutleri-zehir-tacirleri-ve-ceteler-ile-mucadeleye-devam","status":"publish","type":"post","link":"https:\/\/akdenizhaber.com.tr\/index.php\/2023\/12\/20\/uluslararasi-organize-suc-orgutleri-zehir-tacirleri-ve-ceteler-ile-mucadeleye-devam\/","title":{"rendered":"Uluslararas\u0131 Organize Su\u00e7 \u00d6rg\u00fctleri, Zehir Tacirleri Ve \u00c7eteler \u0130le M\u00fccadeleye Devam"},"content":{"rendered":"\n<p><\/p>\n\n\n\n<p>Emniyet M\u00fcd\u00fcrl\u00fc\u011f\u00fc ekiplerinin uluslarInterpol&#8217;\u00fcn k\u0131rm\u0131z\u0131 b\u00fcltenle arad\u0131\u011f\u0131, Polonya\u2019da uyu\u015fturucu madde ticareti yapan, Fas\u2019tan \u0130talya ve \u0130spanya\u2019ya y\u00fckl\u00fc miktarlarda getirdikleri uyu\u015fturucu maddeleri bu \u00fclkelerden daha d\u00fc\u015f\u00fck miktarlarda di\u011fer Avrupa \u00fclkelerine sevk eden organize su\u00e7 \u00f6rg\u00fct\u00fcn\u00fcn eleba\u015f\u0131 Thomas Josef Konrad Alanya\u2019da yakaland\u0131.<\/p>\n\n\n\n<p>\u015eahs\u0131n ikametinde, arac\u0131nda ve \u00fczerinde yap\u0131lan aramalarda\u00a0 su\u00e7a konu oldu\u011fu de\u011ferlendirilen para ve materyaller ele ge\u00e7irildi. Emniyet M\u00fcd\u00fcrl\u00fc\u011f\u00fc yetkilileri \u201c\u00dclkemizi ulusal ve uluslararas\u0131 organize su\u00e7 \u00f6rg\u00fctlerinden, zehir tacirlerinden temizlemeye kararl\u0131y\u0131z\u201ddediler.<\/p>\n\n\n\n<p>(Haber Merkezi)<\/p>\n","protected":false},"excerpt":{"rendered":"<p>Emniyet M\u00fcd\u00fcrl\u00fc\u011f\u00fc ekiplerinin uluslarInterpol&#8217;\u00fcn k\u0131rm\u0131z\u0131 b\u00fcltenle arad\u0131\u011f\u0131, Polonya\u2019da uyu\u015fturucu madde ticareti yapan, Fas\u2019tan \u0130talya ve \u0130spanya\u2019ya y\u00fckl\u00fc miktarlarda getirdikleri uyu\u015fturucu maddeleri bu \u00fclkelerden daha d\u00fc\u015f\u00fck <a href=\"https:\/\/akdenizhaber.com.tr\/index.php\/2023\/12\/20\/uluslararasi-organize-suc-orgutleri-zehir-tacirleri-ve-ceteler-ile-mucadeleye-devam\/\" class=\"read-more-link\">[more&#8230;]<\/a><\/p>\n","protected":false},"author":2,"featured_media":18857,"comment_status":"open","ping_status":"open","sticky":false,"template":"","format":"standard","meta":{"footnotes":""},"categories":[2],"tags":[],"class_list":["post-18856","post","type-post","status-publish","format-standard","has-post-thumbnail","hentry","category-gundem"],"_links":{"self":[{"href":"https:\/\/akdenizhaber.com.tr\/index.php\/wp-json\/wp\/v2\/posts\/18856","targetHints":{"allow":["GET"]}}],"collection":[{"href":"https:\/\/akdenizhaber.com.tr\/index.php\/wp-json\/wp\/v2\/posts"}],"about":[{"href":"https:\/\/akdenizhaber.com.tr\/index.php\/wp-json\/wp\/v2\/types\/post"}],"author":[{"embeddable":true,"href":"https:\/\/akdenizhaber.com.tr\/index.php\/wp-json\/wp\/v2\/users\/2"}],"replies":[{"embeddable":true,"href":"https:\/\/akdenizhaber.com.tr\/index.php\/wp-json\/wp\/v2\/comments?post=18856"}],"version-history":[{"count":0,"href":"https:\/\/akdenizhaber.com.tr\/index.php\/wp-json\/wp\/v2\/posts\/18856\/revisions"}],"wp:featuredmedia":[{"embeddable":true,"href":"https:\/\/akdenizhaber.com.tr\/index.php\/wp-json\/wp\/v2\/media\/18857"}],"wp:attachment":[{"href":"https:\/\/akdenizhaber.com.tr\/index.php\/wp-json\/wp\/v2\/media?parent=18856"}],"wp:term":[{"taxonomy":"category","embeddable":true,"href":"https:\/\/akdenizhaber.com.tr\/index.php\/wp-json\/wp\/v2\/categories?post=18856"},{"taxonomy":"post_tag","embeddable":true,"href":"https:\/\/akdenizhaber.com.tr\/index.php\/wp-json\/wp\/v2\/tags?post=18856"}],"curies":[{"name":"wp","href":"https:\/\/api.w.org\/{rel}","templated":true}]}}