{"id":18847,"date":"2023-12-20T08:53:45","date_gmt":"2023-12-20T05:53:45","guid":{"rendered":"https:\/\/akdenizhaber.com.tr\/?p=18847"},"modified":"2023-12-20T08:53:45","modified_gmt":"2023-12-20T05:53:45","slug":"turgut-reis-ve-gulluk-caddelerinde-kaldirim-calismasi","status":"publish","type":"post","link":"https:\/\/akdenizhaber.com.tr\/index.php\/2023\/12\/20\/turgut-reis-ve-gulluk-caddelerinde-kaldirim-calismasi\/","title":{"rendered":"Turgut Reis ve G\u00fcll\u00fck caddelerinde kald\u0131r\u0131m \u00e7al\u0131\u015fmas\u0131"},"content":{"rendered":"\n<p>Antalya B\u00fcy\u00fck\u015fehir Belediyesi,Muratpa\u015fa il\u00e7esi Turgut Reis ve G\u00fcll\u00fck Caddesi \u00fczerinde kald\u0131r\u0131m yenileme \u00e7al\u0131\u015fmas\u0131 yap\u0131yor.<\/p>\n\n\n\n<p>Antalya B\u00fcy\u00fck\u015fehir Belediyesi,planl\u0131, kurall\u0131 ve kimlikli bir kent i\u00e7in \u00e7al\u0131\u015fmalar\u0131n\u0131 s\u00fcrd\u00fcr\u00fcyor.B\u00fcy\u00fck\u015fehir Belediyesi bu kapsamda kent merkezinde sorumluluk alan\u0131nda bulunan caddelerde zamanla deforme olan kald\u0131r\u0131mlar\u0131 yeniliyor. B\u00fcy\u00fck\u015fehir Belediyesi Fen \u0130\u015fleri Daire Ba\u015fkanl\u0131\u011f\u0131\u2019na ba\u011fl\u0131 Yap\u0131m \u0130\u015fleri \u015eube M\u00fcd\u00fcrl\u00fc\u011f\u00fc taraf\u0131ndan Turgut Reis ve G\u00fcll\u00fck caddesinde bulunan kald\u0131r\u0131mlar modernize ediliyor.<\/p>\n\n\n\n<p>G\u00d6RME ENGELL\u0130LER \u0130\u00c7\u0130N \u0130Z YOLU<\/p>\n\n\n\n<p>B\u00fcy\u00fck\u015fehir Belediyesi ekiplerince ba\u015flat\u0131lan kald\u0131r\u0131m \u00e7al\u0131\u015fmas\u0131nda g\u00f6rme engelli bireylerin daha g\u00fcvenli ve rahat y\u00fcr\u00fcyebilmeleri i\u00e7in &#8220;g\u00f6rme engelli iz yolu&#8221; d\u00f6\u015femeleri de ger\u00e7ekle\u015ftiriliyor.\u00c7al\u0131\u015fmayla Turgut Reis ve G\u00fcll\u00fck caddelerinde eskiyen ve zamanla deforme olan kald\u0131r\u0131m ta\u015flar\u0131 kent esteti\u011fine uygun bir \u015fekilde yenilenmi\u015f olurken, yayalar i\u00e7in g\u00fcvenli hale getirilecek. \u0130ki caddeye yakla\u015f\u0131k 23 bin metrekare kald\u0131r\u0131m d\u00f6\u015fenecek.<\/p>\n\n\n\n<p>Antalya B\u00fcy\u00fck\u015fehir Belediyesi, \/B\u00fclten<\/p>\n","protected":false},"excerpt":{"rendered":"<p>Antalya B\u00fcy\u00fck\u015fehir Belediyesi,Muratpa\u015fa il\u00e7esi Turgut Reis ve G\u00fcll\u00fck Caddesi \u00fczerinde kald\u0131r\u0131m yenileme \u00e7al\u0131\u015fmas\u0131 yap\u0131yor. Antalya B\u00fcy\u00fck\u015fehir Belediyesi,planl\u0131, kurall\u0131 ve kimlikli bir kent i\u00e7in \u00e7al\u0131\u015fmalar\u0131n\u0131 s\u00fcrd\u00fcr\u00fcyor.B\u00fcy\u00fck\u015fehir <a href=\"https:\/\/akdenizhaber.com.tr\/index.php\/2023\/12\/20\/turgut-reis-ve-gulluk-caddelerinde-kaldirim-calismasi\/\" class=\"read-more-link\">[more&#8230;]<\/a><\/p>\n","protected":false},"author":2,"featured_media":18848,"comment_status":"open","ping_status":"open","sticky":false,"template":"","format":"standard","meta":{"footnotes":""},"categories":[2],"tags":[],"class_list":["post-18847","post","type-post","status-publish","format-standard","has-post-thumbnail","hentry","category-gundem"],"_links":{"self":[{"href":"https:\/\/akdenizhaber.com.tr\/index.php\/wp-json\/wp\/v2\/posts\/18847","targetHints":{"allow":["GET"]}}],"collection":[{"href":"https:\/\/akdenizhaber.com.tr\/index.php\/wp-json\/wp\/v2\/posts"}],"about":[{"href":"https:\/\/akdenizhaber.com.tr\/index.php\/wp-json\/wp\/v2\/types\/post"}],"author":[{"embeddable":true,"href":"https:\/\/akdenizhaber.com.tr\/index.php\/wp-json\/wp\/v2\/users\/2"}],"replies":[{"embeddable":true,"href":"https:\/\/akdenizhaber.com.tr\/index.php\/wp-json\/wp\/v2\/comments?post=18847"}],"version-history":[{"count":0,"href":"https:\/\/akdenizhaber.com.tr\/index.php\/wp-json\/wp\/v2\/posts\/18847\/revisions"}],"wp:featuredmedia":[{"embeddable":true,"href":"https:\/\/akdenizhaber.com.tr\/index.php\/wp-json\/wp\/v2\/media\/18848"}],"wp:attachment":[{"href":"https:\/\/akdenizhaber.com.tr\/index.php\/wp-json\/wp\/v2\/media?parent=18847"}],"wp:term":[{"taxonomy":"category","embeddable":true,"href":"https:\/\/akdenizhaber.com.tr\/index.php\/wp-json\/wp\/v2\/categories?post=18847"},{"taxonomy":"post_tag","embeddable":true,"href":"https:\/\/akdenizhaber.com.tr\/index.php\/wp-json\/wp\/v2\/tags?post=18847"}],"curies":[{"name":"wp","href":"https:\/\/api.w.org\/{rel}","templated":true}]}}