{"id":18844,"date":"2023-12-20T08:52:02","date_gmt":"2023-12-20T05:52:02","guid":{"rendered":"https:\/\/akdenizhaber.com.tr\/?p=18844"},"modified":"2023-12-20T08:52:02","modified_gmt":"2023-12-20T05:52:02","slug":"halk-sut-projesinden-23-bin-116-cocuk-faydalandi","status":"publish","type":"post","link":"https:\/\/akdenizhaber.com.tr\/index.php\/2023\/12\/20\/halk-sut-projesinden-23-bin-116-cocuk-faydalandi\/","title":{"rendered":"Halk S\u00fct Projesi\u2019nden 23 bin 116 \u00e7ocuk faydaland\u0131"},"content":{"rendered":"\n<p>Antalya B\u00fcy\u00fck\u015fehir Belediyesi Halk S\u00fct Projesi\u2019yle \u00e7ocuklar\u0131 sa\u011fl\u0131kl\u0131 ve g\u00fcvenlik s\u00fct ile bulu\u015fturmaya devam ediyor. B\u00fcy\u00fck\u015fehir Belediyesi\u2019nin Halk S\u00fct Projesi\u2019yle bug\u00fcne kadar Antalya genelinde 23 bin 116 \u00e7ocu\u011fa 2 milyon 628 bin 8 litre s\u00fct da\u011f\u0131t\u0131m\u0131 yap\u0131ld\u0131.<\/p>\n\n\n\n<p>Antalya B\u00fcy\u00fck\u015fehir Belediye Ba\u015fkan\u0131 Muhittin B\u00f6cek\u2019in, \u00e7ocuklar\u0131 sa\u011fl\u0131kl\u0131 ve g\u00fcvenli s\u00fct ile bulu\u015fturmak amac\u0131yla 2020 y\u0131l\u0131n\u0131n Temmuz ay\u0131nda hayata ge\u00e7irdi\u011fi Halk S\u00fct Projesi\u2019ne ilgi her ge\u00e7en g\u00fcn arat\u0131yor. Ka\u015f\u2019tan Gazipa\u015fa\u2019ya kadar Antalya\u2019n\u0131n 19 il\u00e7esinde, 2-5 ya\u015f aras\u0131 \u00e7ocuklara \u00fccretsiz s\u00fct deste\u011fi sa\u011flan\u0131yor. \u0130htiya\u00e7 sahibi ailelerin ve \u00e7ocuklar\u0131n y\u00fcz\u00fcn\u00fc g\u00fcld\u00fcren proje sa\u011fl\u0131kl\u0131 nesillerin yeti\u015fmesine de katk\u0131 sa\u011fl\u0131yor.<\/p>\n\n\n\n<p>2 M\u0130LYON 628 B\u0130N 8 L\u0130TRE S\u00dcT DA\u011eITILDI<\/p>\n\n\n\n<p>Antalya\u2019daki yerel besicilerden al\u0131nan \u00e7i\u011f s\u00fctler son teknoloji tesislerde i\u015fleniyor. Sa\u011fl\u0131kl\u0131 ve hijyenik \u015fartlarda paketlenerek ihtiya\u00e7 sahibi oldu\u011fu tespit edilen ailelerin \u00e7ocuklar\u0131na her ay 8 litre s\u00fct teslim ediliyor. 3 Temmuz 2020\u2019de Ba\u015fkan Muhittin B\u00f6cek taraf\u0131ndan ilk s\u00fct da\u011f\u0131t\u0131m\u0131n\u0131n yap\u0131lmas\u0131yla ba\u015flayan Halk S\u00fct Projesi kapsam\u0131nda bug\u00fcne kadar 23 bin 166 \u00e7ocu\u011fa 2 milyon 628 bin 8 litre s\u00fct da\u011f\u0131t\u0131m\u0131 yap\u0131ld\u0131. Halk S\u00fct Projesi\u2019nden sadece 2023 y\u0131l\u0131 i\u00e7erisinde ise 9 bin 829 \u00e7ocuk yararlan\u0131rken, 630 bin 152 litre s\u00fct da\u011f\u0131t\u0131ld\u0131.<\/p>\n\n\n\n<p>Antalya B\u00fcy\u00fck\u015fehir Belediyesi\/B\u00fclten<\/p>\n","protected":false},"excerpt":{"rendered":"<p>Antalya B\u00fcy\u00fck\u015fehir Belediyesi Halk S\u00fct Projesi\u2019yle \u00e7ocuklar\u0131 sa\u011fl\u0131kl\u0131 ve g\u00fcvenlik s\u00fct ile bulu\u015fturmaya devam ediyor. B\u00fcy\u00fck\u015fehir Belediyesi\u2019nin Halk S\u00fct Projesi\u2019yle bug\u00fcne kadar Antalya genelinde 23 <a href=\"https:\/\/akdenizhaber.com.tr\/index.php\/2023\/12\/20\/halk-sut-projesinden-23-bin-116-cocuk-faydalandi\/\" class=\"read-more-link\">[more&#8230;]<\/a><\/p>\n","protected":false},"author":2,"featured_media":18845,"comment_status":"open","ping_status":"open","sticky":false,"template":"","format":"standard","meta":{"footnotes":""},"categories":[2],"tags":[],"class_list":["post-18844","post","type-post","status-publish","format-standard","has-post-thumbnail","hentry","category-gundem"],"_links":{"self":[{"href":"https:\/\/akdenizhaber.com.tr\/index.php\/wp-json\/wp\/v2\/posts\/18844","targetHints":{"allow":["GET"]}}],"collection":[{"href":"https:\/\/akdenizhaber.com.tr\/index.php\/wp-json\/wp\/v2\/posts"}],"about":[{"href":"https:\/\/akdenizhaber.com.tr\/index.php\/wp-json\/wp\/v2\/types\/post"}],"author":[{"embeddable":true,"href":"https:\/\/akdenizhaber.com.tr\/index.php\/wp-json\/wp\/v2\/users\/2"}],"replies":[{"embeddable":true,"href":"https:\/\/akdenizhaber.com.tr\/index.php\/wp-json\/wp\/v2\/comments?post=18844"}],"version-history":[{"count":0,"href":"https:\/\/akdenizhaber.com.tr\/index.php\/wp-json\/wp\/v2\/posts\/18844\/revisions"}],"wp:featuredmedia":[{"embeddable":true,"href":"https:\/\/akdenizhaber.com.tr\/index.php\/wp-json\/wp\/v2\/media\/18845"}],"wp:attachment":[{"href":"https:\/\/akdenizhaber.com.tr\/index.php\/wp-json\/wp\/v2\/media?parent=18844"}],"wp:term":[{"taxonomy":"category","embeddable":true,"href":"https:\/\/akdenizhaber.com.tr\/index.php\/wp-json\/wp\/v2\/categories?post=18844"},{"taxonomy":"post_tag","embeddable":true,"href":"https:\/\/akdenizhaber.com.tr\/index.php\/wp-json\/wp\/v2\/tags?post=18844"}],"curies":[{"name":"wp","href":"https:\/\/api.w.org\/{rel}","templated":true}]}}