{"id":18831,"date":"2023-12-18T13:44:10","date_gmt":"2023-12-18T10:44:10","guid":{"rendered":"https:\/\/akdenizhaber.com.tr\/?p=18831"},"modified":"2023-12-18T13:44:10","modified_gmt":"2023-12-18T10:44:10","slug":"chp-belediye-baskan-aday-adayi-bozkurtgencleri-kadife-eldivenle-tutacagim","status":"publish","type":"post","link":"https:\/\/akdenizhaber.com.tr\/index.php\/2023\/12\/18\/chp-belediye-baskan-aday-adayi-bozkurtgencleri-kadife-eldivenle-tutacagim\/","title":{"rendered":"CHP Belediye Ba\u015fkan Aday Aday\u0131 Bozkurt:\u201cGen\u00e7leri kadife eldivenle tutaca\u011f\u0131m\u201d"},"content":{"rendered":"\n<p><\/p>\n\n\n\n<p><\/p>\n\n\n\n<p>\u201cCHP Belediye Ba\u015fkan Aday Aday\u0131 As\u0131m Bozkurt Manavgat bas\u0131n\u0131 ile kahvalt\u0131l\u0131 bas\u0131n toplant\u0131s\u0131nda bir araya geldi. CHP Manavgat Belediye Ba\u015fkan Aday Aday\u0131 As\u0131m Bozkurt: \u201cManavgat zor bir co\u011frafya, Se\u00e7imi kazanmak i\u00e7in aday\u0131n sa\u011fdan ve soldan oy almas\u0131 gerekir. Bu sebeple yola \u00e7\u0131kt\u0131m.\u201d dedi.<\/p>\n\n\n\n<p>Bozkurt: \u201c\u0130lk i\u015fim Belediye Ba\u015fkanl\u0131\u011f\u0131 kap\u0131s\u0131n\u0131 s\u00f6k\u00fcp her \u015feyi g\u00f6r\u00fcn\u00fcr k\u0131laca\u011f\u0131m. B\u00fct\u00fcn ihaleler kamuoyuna a\u00e7\u0131k olacak. \u015eeffaf bir belediyecilik yapaca\u011f\u0131z. S\u0131ra d\u0131\u015f\u0131 bir Belediye ba\u015fkan\u0131 olaca\u011f\u0131m. Hedefim gen\u00e7ler, onlar\u0131 kadife eldivenle tutaca\u011f\u0131m.\u201d\u015f eklinde konu\u015ftu.<\/p>\n\n\n\n<p>Aday adayl\u0131\u011f\u0131 s\u00fcreci ile ilgili olarak gazetecilerin sorular\u0131n\u0131 da cevaplayan Bozkurt, \u201cBu s\u00fcre\u00e7te Manavgat\u2019ta CHP a\u00e7\u0131s\u0131ndan \u00f6zel bir durum ya\u015fand\u0131. Say\u0131n Genel Ba\u015fkan\u0131m\u0131z\u0131n Sn. S\u00f6zen \u201cbenim aday\u0131m\u201d demesi demokratik de\u011fildi. S\u00f6zen aday olmad\u0131. \u015eimdi partimizin aday\u0131n\u0131 belirlemek i\u00e7in CHP genel merkezince Manavgat&#8217;ta 3 farkl\u0131 firma taraf\u0131ndan kamuoyu anketi yap\u0131lacak. 3 anketten birinci \u00e7\u0131kan aday olacak. Manavgat zor bir co\u011frafya, Se\u00e7imi kazanmak i\u00e7in aday\u0131n sa\u011fdan ve soldan oy almas\u0131 gerekir. \u0130ddial\u0131y\u0131m. Dinamizmim var enerjim var. Kimse benimle performans testine \u00e7\u0131kmas\u0131n.\u201d dedi.<\/p>\n\n\n\n<p>(Haber Merkezi)<\/p>\n","protected":false},"excerpt":{"rendered":"<p>\u201cCHP Belediye Ba\u015fkan Aday Aday\u0131 As\u0131m Bozkurt Manavgat bas\u0131n\u0131 ile kahvalt\u0131l\u0131 bas\u0131n toplant\u0131s\u0131nda bir araya geldi. CHP Manavgat Belediye Ba\u015fkan Aday Aday\u0131 As\u0131m Bozkurt: \u201cManavgat <a href=\"https:\/\/akdenizhaber.com.tr\/index.php\/2023\/12\/18\/chp-belediye-baskan-aday-adayi-bozkurtgencleri-kadife-eldivenle-tutacagim\/\" class=\"read-more-link\">[more&#8230;]<\/a><\/p>\n","protected":false},"author":2,"featured_media":18832,"comment_status":"open","ping_status":"open","sticky":false,"template":"","format":"standard","meta":{"footnotes":""},"categories":[2],"tags":[],"class_list":["post-18831","post","type-post","status-publish","format-standard","has-post-thumbnail","hentry","category-gundem"],"_links":{"self":[{"href":"https:\/\/akdenizhaber.com.tr\/index.php\/wp-json\/wp\/v2\/posts\/18831","targetHints":{"allow":["GET"]}}],"collection":[{"href":"https:\/\/akdenizhaber.com.tr\/index.php\/wp-json\/wp\/v2\/posts"}],"about":[{"href":"https:\/\/akdenizhaber.com.tr\/index.php\/wp-json\/wp\/v2\/types\/post"}],"author":[{"embeddable":true,"href":"https:\/\/akdenizhaber.com.tr\/index.php\/wp-json\/wp\/v2\/users\/2"}],"replies":[{"embeddable":true,"href":"https:\/\/akdenizhaber.com.tr\/index.php\/wp-json\/wp\/v2\/comments?post=18831"}],"version-history":[{"count":0,"href":"https:\/\/akdenizhaber.com.tr\/index.php\/wp-json\/wp\/v2\/posts\/18831\/revisions"}],"wp:featuredmedia":[{"embeddable":true,"href":"https:\/\/akdenizhaber.com.tr\/index.php\/wp-json\/wp\/v2\/media\/18832"}],"wp:attachment":[{"href":"https:\/\/akdenizhaber.com.tr\/index.php\/wp-json\/wp\/v2\/media?parent=18831"}],"wp:term":[{"taxonomy":"category","embeddable":true,"href":"https:\/\/akdenizhaber.com.tr\/index.php\/wp-json\/wp\/v2\/categories?post=18831"},{"taxonomy":"post_tag","embeddable":true,"href":"https:\/\/akdenizhaber.com.tr\/index.php\/wp-json\/wp\/v2\/tags?post=18831"}],"curies":[{"name":"wp","href":"https:\/\/api.w.org\/{rel}","templated":true}]}}