{"id":18801,"date":"2023-12-18T13:33:45","date_gmt":"2023-12-18T10:33:45","guid":{"rendered":"https:\/\/akdenizhaber.com.tr\/?p=18801"},"modified":"2023-12-18T13:33:45","modified_gmt":"2023-12-18T10:33:45","slug":"2024-avrupa-kros-sampiyonasi-bayragi-kepezde","status":"publish","type":"post","link":"https:\/\/akdenizhaber.com.tr\/index.php\/2023\/12\/18\/2024-avrupa-kros-sampiyonasi-bayragi-kepezde\/","title":{"rendered":"2024 Avrupa Kros \u015eampiyonas\u0131 bayra\u011f\u0131 Kepez\u2019de"},"content":{"rendered":"\n<p><\/p>\n\n\n\n<p>Cumhuriyet tarihinde T\u00fcrkiye\u2019de ilk defa yap\u0131lacak Avrupa Atletizm Kros \u015eampiyonas\u0131 bayra\u011f\u0131n\u0131 Antalya Kepez Belediyesi teslim ald\u0131. Kepez Belediye Ba\u015fkan Yard\u0131mc\u0131s\u0131 Sebahat Adan\u0131r, Br\u00fcksel\u2019de teslim ald\u0131\u011f\u0131 2024 Avrupa Kros \u015eampiyonas\u0131 bayra\u011f\u0131n\u0131 Ba\u015fkan Hakan T\u00fct\u00fcnc\u00fc\u2019ye teslim etti.<\/p>\n\n\n\n<p>2024 Avrupa Kros \u015eampiyonas\u0131&nbsp; Antalya\u2019n\u0131n Kepez il\u00e7esinde yap\u0131lacak. Bel\u00e7ika\u2019n\u0131n ba\u015fkenti Br\u00fcksel\u2019de ger\u00e7ekle\u015ftirilen 29\u2019uncu \u015fampiyona da, 2024 Avrupa Kros \u015eampiyonas\u0131 bayra\u011f\u0131 Antalya Kepez Belediyesi\u2019ne teslim edildi.&nbsp; Br\u00fcksel\u2019deki \u015fampiyona sonunda ger\u00e7ekle\u015ftirilen bayrak teslim t\u00f6renine Br\u00fcksel Belediye Ba\u015fkan\u0131 Sven Gatz, Kepez Belediye Ba\u015fkan Yard\u0131mc\u0131s\u0131 Sebahat Adan\u0131r, T\u00fcrkiye Atletizm Federasyonu Ba\u015fkan\u0131 Fatih \u00c7intimar, Avrupa Atletizm Federasyonu Ba\u015fkan\u0131 Dobromir Karamarinov, TAF Asba\u015fkan\u0131 Arif Alpk\u0131l\u0131\u00e7 ve Kepez Belediyesi Park ve Bah\u00e7eler M\u00fcd\u00fcr\u00fc M. Ahmet Demirta\u015f kat\u0131ld\u0131.&nbsp; Antalya Kepez Belediye Ba\u015fkan Yard\u0131mc\u0131s\u0131 Sebahat Adan\u0131r yapt\u0131\u011f\u0131 a\u00e7\u0131klamada, \u201cBayra\u011f\u0131 ba\u015fkan\u0131m\u0131z Hakan T\u00fct\u00fcnc\u00fc ad\u0131na teslim ald\u0131k. Biz Kepez Belediyesi olarak spora \u00e7ok b\u00fcy\u00fck emekler verdik. \u0130nsan odakl\u0131 projelerle ba\u015fkan\u0131m\u0131z gen\u00e7lere spor \u015fehri bir Kepez arma\u011fan etti.\u201d diye konu\u015ftu.<\/p>\n\n\n\n<p>ANTALYAMIZ ADINA \u00c7OK \u00d6NEML\u0130<\/p>\n\n\n\n<p>Kepez Belediye Ba\u015fkan Yard\u0131mc\u0131s\u0131 Sebahat Adan\u0131r, Br\u00fcksel d\u00f6n\u00fc\u015f\u00fc 2024 Avrupa Kros \u015eampiyonas\u0131&nbsp; bayra\u011f\u0131n\u0131 Kepez Belediye Ba\u015fkan\u0131 Hakan T\u00fct\u00fcnc\u00fc\u2019ye teslim etti. 2024 Avrupa Kros \u015eampiyonas\u0131 bayra\u011f\u0131n\u0131 Br\u00fcksel\u2019de Kepez Belediyesi ad\u0131na teslim alan ba\u015fkan yard\u0131mc\u0131s\u0131 Adan\u0131r\u2019a te\u015fekk\u00fcr eden Ba\u015fkan T\u00fct\u00fcnc\u00fc, \u201cAntalya Kepez\u2019de ger\u00e7ekle\u015ftirilecek 2024 Avrupa Kros \u015eampiyonas\u0131\u2019nda \u00fclkemizi en g\u00fczel \u015fekilde temsil edece\u011fiz. \u201cdedi.<\/p>\n\n\n\n<p>Kepez Belediyesi \/ B\u00fclten<\/p>\n","protected":false},"excerpt":{"rendered":"<p>Cumhuriyet tarihinde T\u00fcrkiye\u2019de ilk defa yap\u0131lacak Avrupa Atletizm Kros \u015eampiyonas\u0131 bayra\u011f\u0131n\u0131 Antalya Kepez Belediyesi teslim ald\u0131. Kepez Belediye Ba\u015fkan Yard\u0131mc\u0131s\u0131 Sebahat Adan\u0131r, Br\u00fcksel\u2019de teslim ald\u0131\u011f\u0131 <a href=\"https:\/\/akdenizhaber.com.tr\/index.php\/2023\/12\/18\/2024-avrupa-kros-sampiyonasi-bayragi-kepezde\/\" class=\"read-more-link\">[more&#8230;]<\/a><\/p>\n","protected":false},"author":2,"featured_media":18802,"comment_status":"open","ping_status":"open","sticky":false,"template":"","format":"standard","meta":{"footnotes":""},"categories":[2],"tags":[],"class_list":["post-18801","post","type-post","status-publish","format-standard","has-post-thumbnail","hentry","category-gundem"],"_links":{"self":[{"href":"https:\/\/akdenizhaber.com.tr\/index.php\/wp-json\/wp\/v2\/posts\/18801","targetHints":{"allow":["GET"]}}],"collection":[{"href":"https:\/\/akdenizhaber.com.tr\/index.php\/wp-json\/wp\/v2\/posts"}],"about":[{"href":"https:\/\/akdenizhaber.com.tr\/index.php\/wp-json\/wp\/v2\/types\/post"}],"author":[{"embeddable":true,"href":"https:\/\/akdenizhaber.com.tr\/index.php\/wp-json\/wp\/v2\/users\/2"}],"replies":[{"embeddable":true,"href":"https:\/\/akdenizhaber.com.tr\/index.php\/wp-json\/wp\/v2\/comments?post=18801"}],"version-history":[{"count":0,"href":"https:\/\/akdenizhaber.com.tr\/index.php\/wp-json\/wp\/v2\/posts\/18801\/revisions"}],"wp:featuredmedia":[{"embeddable":true,"href":"https:\/\/akdenizhaber.com.tr\/index.php\/wp-json\/wp\/v2\/media\/18802"}],"wp:attachment":[{"href":"https:\/\/akdenizhaber.com.tr\/index.php\/wp-json\/wp\/v2\/media?parent=18801"}],"wp:term":[{"taxonomy":"category","embeddable":true,"href":"https:\/\/akdenizhaber.com.tr\/index.php\/wp-json\/wp\/v2\/categories?post=18801"},{"taxonomy":"post_tag","embeddable":true,"href":"https:\/\/akdenizhaber.com.tr\/index.php\/wp-json\/wp\/v2\/tags?post=18801"}],"curies":[{"name":"wp","href":"https:\/\/api.w.org\/{rel}","templated":true}]}}