{"id":18795,"date":"2023-12-18T13:31:27","date_gmt":"2023-12-18T10:31:27","guid":{"rendered":"https:\/\/akdenizhaber.com.tr\/?p=18795"},"modified":"2023-12-18T13:31:28","modified_gmt":"2023-12-18T10:31:28","slug":"konyaaltinin-kadinlari-haklarini-ogrenerek-gucleniyor","status":"publish","type":"post","link":"https:\/\/akdenizhaber.com.tr\/index.php\/2023\/12\/18\/konyaaltinin-kadinlari-haklarini-ogrenerek-gucleniyor\/","title":{"rendered":"Konyaalt\u0131&#8217;n\u0131n kad\u0131nlar\u0131 haklar\u0131n\u0131 \u00f6\u011frenerek g\u00fc\u00e7leniyor"},"content":{"rendered":"\n<p><\/p>\n\n\n\n<p>Konyaalt\u0131 Belediyesi ile Kad\u0131n \u0130nsan Haklar\u0131 Derne\u011fi i\u015f birli\u011finde \u201cKad\u0131n\u0131n \u0130nsan Haklar\u0131 E\u011fitimi Program\u0131\u201d KOSH\u0130M\u2019de ba\u015flad\u0131. 16 hafta s\u00fcrecek olan e\u011fitimde, kad\u0131nlara haklar\u0131 anlat\u0131l\u0131yor.<\/p>\n\n\n\n<p>Konyaalt\u0131 Belediyesi ile Kad\u0131n \u0130nsan Haklar\u0131 Derne\u011fi i\u015f birli\u011finde ger\u00e7ekle\u015ftirilen \u201cKad\u0131n\u0131n \u0130nsan Haklar\u0131 E\u011fitimi Program\u0131\u201d Konyaalt\u0131 Sosyal Hizmetler Merkezi\u2019nde (KOSH\u0130M) ba\u015flad\u0131. 16 hafta s\u00fcrecek olan e\u011fitim ayn\u0131 zamanda Konyaalt\u0131 Belediyesi ana hizmet binas\u0131 Ahmet Tun\u00e7 Salonu\u2019nda da veriliyor. E\u011fitime kat\u0131lmak isteyen kad\u0131nlar\u0131n KOSH\u0130M\u2019e ba\u015fvuru yapabilecekleri, e\u011fitim sonunda ise kat\u0131l\u0131mc\u0131lara sertifika verilece\u011fi belirtildi.<\/p>\n\n\n\n<p>KADIN DE\u011e\u0130\u015eSE D\u00dcNYAYI DE\u011e\u0130\u015eT\u0130R\u0130R<\/p>\n\n\n\n<p>Konyaalt\u0131 Belediyesi sosyal hizmet uzman\u0131 Yasemin Kotan, 23 y\u0131ld\u0131r kad\u0131n\u0131n insan haklar\u0131 e\u011fitimini verdi\u011fini belirterek, \u2018\u2019Kad\u0131n\u0131n \u0130nsan Haklar\u0131 E\u011fitimi 16 hafta s\u00fcrecek. Her hafta kad\u0131nlarla ilgili farkl\u0131 konular\u0131 tart\u0131\u015f\u0131yoruz. 16 haftan\u0131n sonunda kad\u0131nlar hem g\u00fc\u00e7lenerek hem de dayan\u0131\u015farak program\u0131 tamamlayacak. E\u011fitim alan kad\u0131nlar\u0131m\u0131z 16 haftan\u0131n sonunda bir sertifika alacak. Kad\u0131n g\u00fc\u00e7lenirse d\u00fcnyay\u0131 de\u011fi\u015ftirebilir. Kad\u0131n\u0131n de\u011fi\u015ftiremeyece\u011fi yapamayaca\u011f\u0131 hi\u00e7bir \u015fey yok\u2019\u2019 dedi. HEM E\u011eLEN\u0130YORLAR HEM \u00d6\u011eREN\u0130YORLAR E\u011fitimlerin Konyaalt\u0131 Belediyesi Ahmet Tun\u00e7 Salonu\u2019nda ve KOSH\u0130M\u2019de ger\u00e7ekle\u015ftirildi\u011fini a\u00e7\u0131klayan Kotan, \u201cPer\u015fembe g\u00fcnleri Konyaalt\u0131 Belediyesi\u2019nde 18.30 ile 21.30 aras\u0131nda, sal\u0131 g\u00fcnleri 13.30 ile 16.30 aras\u0131nda KOSH\u0130M\u2019de, per\u015fembe g\u00fcn\u00fc 09.00- 12.30 ile 13.30 ile 16.30 aras\u0131nda e\u011fitimlerimiz oluyor. E\u011fitimde konu\u015fulan konular kad\u0131nlar aras\u0131nda kal\u0131yor, d\u0131\u015far\u0131ya \u00e7\u0131km\u0131yor. Onun d\u0131\u015f\u0131ndaki bilgiyi payla\u015fabilirler. Kad\u0131nlar\u0131n e\u011fitim sonunda kaynak ki\u015fi olarak yer almalar\u0131 \u00f6nemli. Biz bu \u00e7al\u0131\u015fmay\u0131 y\u00fcr\u00fct\u00fcrken 16 hafta boyunca birbirimizden de \u00f6\u011freniyoruz. Oyun oynayarak da birbirimize fark\u0131ndal\u0131k kazand\u0131rmaya \u00e7al\u0131\u015f\u0131yoruz. \u00c7e\u015fitli rollere giriyoruz. Resim ve drama yap\u0131yoruz. \u00c7ok keyif ald\u0131klar\u0131n\u0131 s\u00f6yl\u00fcyor kad\u0131nlar\u0131m\u0131z\u201d dedi.<\/p>\n\n\n\n<p>KADINLAR HAKLARINI \u00d6\u011eREN\u0130YOR<\/p>\n\n\n\n<p>E\u011fitime kat\u0131lan Meral Kur\u015funge\u00e7mez, \u201cKad\u0131n\u0131n \u0130nsan Haklar\u0131 E\u011fitimi program\u0131 ba\u015flad\u0131\u011f\u0131ndan beri buraday\u0131m. E\u011fitimin \u00e7ok faydas\u0131n\u0131 g\u00f6rd\u00fcm. Konyaalt\u0131 Belediye Ba\u015fkan\u0131 Semih Esen\u2019e bize b\u00f6yle g\u00fczel bir e\u011fitim sa\u011flad\u0131\u011f\u0131 i\u00e7in te\u015fekk\u00fcr ederim\u2019\u2019 dedi. E\u011fitime kat\u0131lan Neslihan Atar da, \u201cBen \u00f6\u011fretmenim. Toplumda kad\u0131n ve anne olarak bir model olmak ve kad\u0131n olarak hangi haklara sahip oldu\u011fumuzu bilmek zorunday\u0131z. Ben de\u011ferli zaman\u0131 m\u0131 bu bilgilerle b\u00fct\u00fcnle\u015ftirdi\u011fim i\u00e7in mutluyum. \u00d6nemli olan bilgiyi payla\u015fabilmektir. Hepimiz \u00e7ok g\u00fczel bir ama\u00e7 i\u00e7in bir araday\u0131z. Konyaalt\u0131 Belediyesi\u2019ne bizlere bu g\u00fczel e\u011fitim olana\u011f\u0131 tan\u0131d\u0131klar\u0131 i\u00e7in te\u015fekk\u00fcr ediyorum\u2019\u2019 dedi.<\/p>\n\n\n\n<p>Konyaalt\u0131 Belediyesi \/ B\u00fclten<\/p>\n","protected":false},"excerpt":{"rendered":"<p>Konyaalt\u0131 Belediyesi ile Kad\u0131n \u0130nsan Haklar\u0131 Derne\u011fi i\u015f birli\u011finde \u201cKad\u0131n\u0131n \u0130nsan Haklar\u0131 E\u011fitimi Program\u0131\u201d KOSH\u0130M\u2019de ba\u015flad\u0131. 16 hafta s\u00fcrecek olan e\u011fitimde, kad\u0131nlara haklar\u0131 anlat\u0131l\u0131yor. Konyaalt\u0131 <a href=\"https:\/\/akdenizhaber.com.tr\/index.php\/2023\/12\/18\/konyaaltinin-kadinlari-haklarini-ogrenerek-gucleniyor\/\" class=\"read-more-link\">[more&#8230;]<\/a><\/p>\n","protected":false},"author":2,"featured_media":18796,"comment_status":"open","ping_status":"open","sticky":false,"template":"","format":"standard","meta":{"footnotes":""},"categories":[2],"tags":[],"class_list":["post-18795","post","type-post","status-publish","format-standard","has-post-thumbnail","hentry","category-gundem"],"_links":{"self":[{"href":"https:\/\/akdenizhaber.com.tr\/index.php\/wp-json\/wp\/v2\/posts\/18795","targetHints":{"allow":["GET"]}}],"collection":[{"href":"https:\/\/akdenizhaber.com.tr\/index.php\/wp-json\/wp\/v2\/posts"}],"about":[{"href":"https:\/\/akdenizhaber.com.tr\/index.php\/wp-json\/wp\/v2\/types\/post"}],"author":[{"embeddable":true,"href":"https:\/\/akdenizhaber.com.tr\/index.php\/wp-json\/wp\/v2\/users\/2"}],"replies":[{"embeddable":true,"href":"https:\/\/akdenizhaber.com.tr\/index.php\/wp-json\/wp\/v2\/comments?post=18795"}],"version-history":[{"count":0,"href":"https:\/\/akdenizhaber.com.tr\/index.php\/wp-json\/wp\/v2\/posts\/18795\/revisions"}],"wp:featuredmedia":[{"embeddable":true,"href":"https:\/\/akdenizhaber.com.tr\/index.php\/wp-json\/wp\/v2\/media\/18796"}],"wp:attachment":[{"href":"https:\/\/akdenizhaber.com.tr\/index.php\/wp-json\/wp\/v2\/media?parent=18795"}],"wp:term":[{"taxonomy":"category","embeddable":true,"href":"https:\/\/akdenizhaber.com.tr\/index.php\/wp-json\/wp\/v2\/categories?post=18795"},{"taxonomy":"post_tag","embeddable":true,"href":"https:\/\/akdenizhaber.com.tr\/index.php\/wp-json\/wp\/v2\/tags?post=18795"}],"curies":[{"name":"wp","href":"https:\/\/api.w.org\/{rel}","templated":true}]}}