{"id":18785,"date":"2023-12-18T13:25:36","date_gmt":"2023-12-18T10:25:36","guid":{"rendered":"https:\/\/akdenizhaber.com.tr\/?p=18785"},"modified":"2023-12-18T13:25:37","modified_gmt":"2023-12-18T10:25:37","slug":"uysal-hz-mevlana-insanlari-aydinlatmaya-devam-ediyor","status":"publish","type":"post","link":"https:\/\/akdenizhaber.com.tr\/index.php\/2023\/12\/18\/uysal-hz-mevlana-insanlari-aydinlatmaya-devam-ediyor\/","title":{"rendered":"Uysal, \u2018Hz. Mevlana, insanlar\u0131 ayd\u0131nlatmaya devam ediyor\u2019"},"content":{"rendered":"\n<p><\/p>\n\n\n\n<p>Antalya Muratpa\u015fa Belediye Ba\u015fkan\u0131 \u00dcmit Uysal, vuslat\u0131n 750\u2019nci y\u0131l\u0131nda d\u00fczenlenen Hz. Mevlana\u2019y\u0131 anma t\u00f6reninde \u201cO Anadolu\u2019nun \u0131\u015f\u0131\u011f\u0131, insanl\u0131\u011f\u0131n g\u00fcne\u015fi. Ve y\u00fczy\u0131llar \u00f6ncesinden insanlar\u0131 ayd\u0131nlatamaya devam ediyor\u201d dedi.<\/p>\n\n\n\n<p>Muratpa\u015fa Belediyesi, Akdeniz Konyal\u0131lar Federasyonu, Antalya Konyal\u0131lar Derne\u011fi, Antalya Konyal\u0131 Sanayici ve \u0130\u015f \u0130nsanlar\u0131 Derne\u011fi, Muratpa\u015fa Konyal\u0131lar Derne\u011fi, Konya Karaman Ayr\u0131nc\u0131l\u0131lar Derne\u011fi\u2019yle vuslat\u0131n 750\u2019nci y\u0131l\u0131nda Hz. Mevlana\u2019y\u0131 anma etkinli\u011fi d\u00fczenlendi.<br><br>Belediyenin, Abdullah Sevim\u00e7ok Sivil Toplum ve \u0130novasyon Merkezleri (ASS\u0130M) yan\u0131nda hizmete a\u00e7t\u0131\u011f\u0131 etkinlik \u00e7ad\u0131r\u0131nda d\u00fczenlenen geceye Ba\u015fkan Uysal, e\u015fi \u00dcmran Uysal\u2019la kat\u0131ld\u0131. Gecede \u00e7ok say\u0131da dernek \u00fcyesi de yer ald\u0131. Konya\u2019n\u0131n y\u00f6resel araba\u015f\u0131 \u00e7orbas\u0131n\u0131n da ikram edildi\u011fi gece, tasavvuf m\u00fczi\u011fi dinletisiyle ba\u015flad\u0131.<br><br>Ba\u015fkan Uysal, gecede yapt\u0131\u011f\u0131 konu\u015fmada \u201c\u015eehrimizi, geldi\u011fimiz yerden vazge\u00e7meden hem de birlikte ya\u015fad\u0131\u011f\u0131m\u0131z bu \u015fehrin kom\u015fusu olarak tasay\u0131 ve kederi payla\u015fmaya, kom\u015fulu\u011fu payla\u015fmaya gayret ediyoruz\u201d s\u00f6zleriyle ba\u015flad\u0131. Hz. Mevlana\u2019n\u0131n d\u00fc\u015f\u00fcnce ve maneviyat tarihinin \u00e7ok b\u00fcy\u00fck alimlerinden oldu\u011funu dile getiren Ba\u015fkan Uysal, \u201cO Anadolu\u2019nun \u0131\u015f\u0131\u011f\u0131, insanl\u0131\u011f\u0131n g\u00fcne\u015fi. Ve y\u00fczy\u0131llar \u00f6ncesinden insanlar\u0131 ayd\u0131nlatamaya devam ediyor\u201d dedi. Konu\u015fmalar\u0131n ard\u0131ndan gece sema t\u00f6reniyle sona erdi.<\/p>\n\n\n\n<p>Muratpa\u015fa Belediyesi \/ B\u00fclten<\/p>\n","protected":false},"excerpt":{"rendered":"<p>Antalya Muratpa\u015fa Belediye Ba\u015fkan\u0131 \u00dcmit Uysal, vuslat\u0131n 750\u2019nci y\u0131l\u0131nda d\u00fczenlenen Hz. Mevlana\u2019y\u0131 anma t\u00f6reninde \u201cO Anadolu\u2019nun \u0131\u015f\u0131\u011f\u0131, insanl\u0131\u011f\u0131n g\u00fcne\u015fi. Ve y\u00fczy\u0131llar \u00f6ncesinden insanlar\u0131 ayd\u0131nlatamaya devam <a href=\"https:\/\/akdenizhaber.com.tr\/index.php\/2023\/12\/18\/uysal-hz-mevlana-insanlari-aydinlatmaya-devam-ediyor\/\" class=\"read-more-link\">[more&#8230;]<\/a><\/p>\n","protected":false},"author":2,"featured_media":18786,"comment_status":"open","ping_status":"open","sticky":false,"template":"","format":"standard","meta":{"footnotes":""},"categories":[2],"tags":[],"class_list":["post-18785","post","type-post","status-publish","format-standard","has-post-thumbnail","hentry","category-gundem"],"_links":{"self":[{"href":"https:\/\/akdenizhaber.com.tr\/index.php\/wp-json\/wp\/v2\/posts\/18785","targetHints":{"allow":["GET"]}}],"collection":[{"href":"https:\/\/akdenizhaber.com.tr\/index.php\/wp-json\/wp\/v2\/posts"}],"about":[{"href":"https:\/\/akdenizhaber.com.tr\/index.php\/wp-json\/wp\/v2\/types\/post"}],"author":[{"embeddable":true,"href":"https:\/\/akdenizhaber.com.tr\/index.php\/wp-json\/wp\/v2\/users\/2"}],"replies":[{"embeddable":true,"href":"https:\/\/akdenizhaber.com.tr\/index.php\/wp-json\/wp\/v2\/comments?post=18785"}],"version-history":[{"count":0,"href":"https:\/\/akdenizhaber.com.tr\/index.php\/wp-json\/wp\/v2\/posts\/18785\/revisions"}],"wp:featuredmedia":[{"embeddable":true,"href":"https:\/\/akdenizhaber.com.tr\/index.php\/wp-json\/wp\/v2\/media\/18786"}],"wp:attachment":[{"href":"https:\/\/akdenizhaber.com.tr\/index.php\/wp-json\/wp\/v2\/media?parent=18785"}],"wp:term":[{"taxonomy":"category","embeddable":true,"href":"https:\/\/akdenizhaber.com.tr\/index.php\/wp-json\/wp\/v2\/categories?post=18785"},{"taxonomy":"post_tag","embeddable":true,"href":"https:\/\/akdenizhaber.com.tr\/index.php\/wp-json\/wp\/v2\/tags?post=18785"}],"curies":[{"name":"wp","href":"https:\/\/api.w.org\/{rel}","templated":true}]}}