{"id":18758,"date":"2023-12-16T11:56:04","date_gmt":"2023-12-16T08:56:04","guid":{"rendered":"https:\/\/akdenizhaber.com.tr\/?p=18758"},"modified":"2023-12-16T11:56:04","modified_gmt":"2023-12-16T08:56:04","slug":"15-29-yas-arasi-issiz-gencler-icin-gunes-enerjisi-okulu-aciliyor","status":"publish","type":"post","link":"https:\/\/akdenizhaber.com.tr\/index.php\/2023\/12\/16\/15-29-yas-arasi-issiz-gencler-icin-gunes-enerjisi-okulu-aciliyor\/","title":{"rendered":"15-29 ya\u015f aras\u0131 i\u015fsiz gen\u00e7ler i\u00e7in \u201cG\u00fcne\u015f Enerjisi Okulu\u201d a\u00e7\u0131l\u0131yor"},"content":{"rendered":"\n<p><\/p>\n\n\n\n<p>Antalya B\u00fcy\u00fck\u015fehir Belediyesi \u0130\u015eKUR koordinasyonunda \u00f6nemli bir projeyi hayata ge\u00e7iriyor. \u201cNe E\u011fitimde Ne \u0130stihdamda Olan Gen\u00e7lere Y\u00f6nelik \u0130\u015fg\u00fcc\u00fc Piyasas\u0131 Destek Program\u0131 Operasyonu\u201d hibe program\u0131 (NEET PRO) kapsam\u0131nda G\u00fcne\u015f Enerjisi Okulu a\u00e7\u0131l\u0131yor. Kad\u0131nlar ba\u015fta olmak \u00fczere 15-29 ya\u015f aras\u0131 gen\u00e7lerin ba\u015fvurabilece\u011fi e\u011fitim i\u00e7in 200 gen\u00e7 se\u00e7ilecek. Se\u00e7ilen gen\u00e7ler 60 g\u00fcn s\u00fcrecek e\u011fitim boyunca e\u011fitime kat\u0131ld\u0131klar\u0131 her g\u00fcn i\u00e7in g\u00fcnl\u00fck 10 Euro harc\u0131rah alacak. E\u011fitimi tamamlayanlar ise y\u00fcksek i\u015f potansiyeline sahip g\u00fcne\u015f enerjisi sekt\u00f6r\u00fcnde istihdam imkan\u0131 bulacak.<\/p>\n\n\n\n<p>\u201cNe E\u011fitimde Ne \u0130stihdamda Olan Gen\u00e7lere Y\u00f6nelik \u0130\u015fg\u00fcc\u00fc Piyasas\u0131 Destek Program\u0131 Operasyonu hibe program\u0131 (NEET PRO)\u201d kapsam\u0131nda Antalya B\u00fcy\u00fck\u015fehir Belediyesi\u2019nin y\u00fcr\u00fct\u00fcc\u00fcs\u00fc oldu\u011fu &#8220;G\u00fcne\u015f Enerjisi Okulu&#8221; isimli proje ba\u015fl\u0131yor. Ne E\u011fitimde Ne \u0130stihdamda (NEET) kategorisinde olan 15-29 ya\u015f aras\u0131ndaki gen\u00e7lere, proje orta\u011f\u0131 \u00c7anakkale \u00dcniversitesi\u2019nce \u201cG\u00fcne\u015f Panelleri ve Fotovoltaik Sistemleri Kurulumu, Bak\u0131m\u0131 ve Onar\u0131m\u0131 Kursu\u201d verilecek. Kurs ile gen\u00e7lerin yenilenebilir enerji sekt\u00f6r\u00fcnde istihdam edilebilirliklerinin art\u0131r\u0131lmas\u0131 hedefleniyor.<\/p>\n\n\n\n<p>G\u00dcNE\u015e ENERJ\u0130S\u0130 SEKT\u00d6R\u00dcNDE \u0130ST\u0130HDAM \u0130MKANI<\/p>\n\n\n\n<p><a><\/a>\u0130stihdam\u0131n h\u0131zla artt\u0131\u011f\u0131 yenilenebilir enerji sekt\u00f6r\u00fcnde 2030 y\u0131l\u0131na kadar yakla\u015f\u0131k 6.3 milyon ki\u015finin istihdam edilece\u011fi tahmin ediliyor. Y\u0131l\u0131n 300 g\u00fcn\u00fc g\u00fcne\u015fli olan Antalya\u2019da olduk\u00e7a yayg\u0131nla\u015fmakta olan GES\u2019lerin kurulumu, bak\u0131m\u0131 ve onar\u0131m\u0131 konusunda teknik personel a\u00e7\u0131\u011f\u0131n\u0131 gidermeyi hedefleyen \u201cG\u00fcne\u015f Enerjisi Okulu\u201d projesi; kamu ve \u00f6zel sekt\u00f6r i\u015fbirli\u011finde g\u00fcne\u015f panelleri \u00fcreten ve kuran firmalara ara eleman sa\u011flamak ve yenilenebilir enerji kaynaklar\u0131n\u0131n kullan\u0131m\u0131n\u0131 te\u015fvik etmek amac\u0131yla d\u00fczenlenecek.<\/p>\n\n\n\n<p>\u00d6NCEL\u0130K KADINLARA VER\u0130LECEK<\/p>\n\n\n\n<p>Proje kapsam\u0131nda; \u00f6ncelik kad\u0131nlara verilmek \u00fczere, ne e\u011fitimde ne istihdamda olan 15-29 ya\u015f aral\u0131\u011f\u0131ndaki Antalya, Isparta, Burdur ve Mersin illerinde ikamet eden 200 gence \u00fccretsiz olarak \u201cG\u00fcne\u015f Panelleri ve Fotovoltaik Sistemleri Kurulum, Bak\u0131m ve Onar\u0131m\u0131\u201d konusunda mesleki e\u011fitim verilecek. Ayr\u0131ca 200 gen\u00e7 60 g\u00fcn s\u00fcrecek e\u011fitim boyunca her e\u011fitim g\u00fcn\u00fc i\u00e7in 10 Euro harc\u0131rah alacak. E\u011fitim sonunda \u00fcniversite onayl\u0131 sertifikalar\u0131n\u0131 alacak olan gen\u00e7ler i\u00e7in \u0130\u015eKUR koordinasyonunda y\u00fcr\u00fct\u00fclecek \u00e7al\u0131\u015fma ile Bireysel Kariyer Eylem Planlar\u0131 da haz\u0131rlanacak ve uygulanacak.<\/p>\n\n\n\n<p>BA\u015eVURULAR ONLINE YAPILACAK<\/p>\n\n\n\n<p>Projeye ba\u015fvurmak isteyen gen\u00e7lerin Antalya B\u00fcy\u00fck\u015fehir Belediyesi\u2019nin web sitesinden (https:\/\/www.basvuru.antalya.bel.tr\/) \u201cG\u00fcne\u015f Enerjisi Okulu Ba\u015fvuru Formu\u201dnu doldurmas\u0131 gerekiyor. 5 Ocak 2024\u2019te ba\u015fvurular\u0131n sona ermesinin ard\u0131ndan 10-11-12 Ocak 2024 tarihlerinde m\u00fclakatlar yap\u0131lacak. E\u011fitim 1 \u015eubat 2024\u2019te ba\u015flayacak ve 31 May\u0131s 2024\u2019te sona erecek. Detayl\u0131 Bilgi \u0130\u00e7in 0242 249 54 14 \/ 6856<\/p>\n\n\n\n<p>Antalya B\u00fcy\u00fck\u015fehir Belediyesi \/ B\u00fclten<\/p>\n","protected":false},"excerpt":{"rendered":"<p>Antalya B\u00fcy\u00fck\u015fehir Belediyesi \u0130\u015eKUR koordinasyonunda \u00f6nemli bir projeyi hayata ge\u00e7iriyor. \u201cNe E\u011fitimde Ne \u0130stihdamda Olan Gen\u00e7lere Y\u00f6nelik \u0130\u015fg\u00fcc\u00fc Piyasas\u0131 Destek Program\u0131 Operasyonu\u201d hibe program\u0131 (NEET <a href=\"https:\/\/akdenizhaber.com.tr\/index.php\/2023\/12\/16\/15-29-yas-arasi-issiz-gencler-icin-gunes-enerjisi-okulu-aciliyor\/\" class=\"read-more-link\">[more&#8230;]<\/a><\/p>\n","protected":false},"author":2,"featured_media":18759,"comment_status":"open","ping_status":"open","sticky":false,"template":"","format":"standard","meta":{"footnotes":""},"categories":[2],"tags":[],"class_list":["post-18758","post","type-post","status-publish","format-standard","has-post-thumbnail","hentry","category-gundem"],"_links":{"self":[{"href":"https:\/\/akdenizhaber.com.tr\/index.php\/wp-json\/wp\/v2\/posts\/18758","targetHints":{"allow":["GET"]}}],"collection":[{"href":"https:\/\/akdenizhaber.com.tr\/index.php\/wp-json\/wp\/v2\/posts"}],"about":[{"href":"https:\/\/akdenizhaber.com.tr\/index.php\/wp-json\/wp\/v2\/types\/post"}],"author":[{"embeddable":true,"href":"https:\/\/akdenizhaber.com.tr\/index.php\/wp-json\/wp\/v2\/users\/2"}],"replies":[{"embeddable":true,"href":"https:\/\/akdenizhaber.com.tr\/index.php\/wp-json\/wp\/v2\/comments?post=18758"}],"version-history":[{"count":0,"href":"https:\/\/akdenizhaber.com.tr\/index.php\/wp-json\/wp\/v2\/posts\/18758\/revisions"}],"wp:featuredmedia":[{"embeddable":true,"href":"https:\/\/akdenizhaber.com.tr\/index.php\/wp-json\/wp\/v2\/media\/18759"}],"wp:attachment":[{"href":"https:\/\/akdenizhaber.com.tr\/index.php\/wp-json\/wp\/v2\/media?parent=18758"}],"wp:term":[{"taxonomy":"category","embeddable":true,"href":"https:\/\/akdenizhaber.com.tr\/index.php\/wp-json\/wp\/v2\/categories?post=18758"},{"taxonomy":"post_tag","embeddable":true,"href":"https:\/\/akdenizhaber.com.tr\/index.php\/wp-json\/wp\/v2\/tags?post=18758"}],"curies":[{"name":"wp","href":"https:\/\/api.w.org\/{rel}","templated":true}]}}