{"id":18755,"date":"2023-12-16T11:55:32","date_gmt":"2023-12-16T08:55:32","guid":{"rendered":"https:\/\/akdenizhaber.com.tr\/?p=18755"},"modified":"2023-12-16T11:55:33","modified_gmt":"2023-12-16T08:55:33","slug":"baskan-bocek-girisimcilik-gunleri-odul-torenine-katildi","status":"publish","type":"post","link":"https:\/\/akdenizhaber.com.tr\/index.php\/2023\/12\/16\/baskan-bocek-girisimcilik-gunleri-odul-torenine-katildi\/","title":{"rendered":"Ba\u015fkan B\u00f6cek Giri\u015fimcilik G\u00fcnleri \u00d6d\u00fcl T\u00f6renine kat\u0131ld\u0131"},"content":{"rendered":"\n<p><\/p>\n\n\n\n<p>Antalya B\u00fcy\u00fck\u015fehir Belediye Ba\u015fkan\u0131 Muhittin B\u00f6cek, Antalya Sanayici ve \u0130\u015f \u0130nsanlar\u0131 Derne\u011fi&#8217;nin d\u00fczenledi\u011fi 21. Giri\u015fimcilik G\u00fcnleri \u00d6d\u00fcl T\u00f6reni&#8217;ne kat\u0131ld\u0131. Ba\u015fkan B\u00f6cek, Antalya B\u00fcy\u00fck\u015fehir Belediyesi olarak giri\u015fimcili\u011fin \u00f6neminin fark\u0131nda olduklar\u0131n\u0131 belirterek,giri\u015fimcileri ve giri\u015fimci adaylar\u0131n\u0131 destekleyecek HUB Antalya Giri\u015fimcilik Merkezi\u2019nin k\u0131sa s\u00fcre i\u00e7inde a\u00e7\u0131laca\u011f\u0131n\u0131 m\u00fcjdeledi.<\/p>\n\n\n\n<p>Antalya&#8217;ya de\u011fer katacak fikirlerin hayata ge\u00e7irilmesi noktas\u0131nda emek veren giri\u015fimcilerin \u00f6d\u00fcllendirildi\u011fi Antalya Sanayici ve \u0130\u015f \u0130nsanlar\u0131 Derne\u011fi (ANS\u0130AD) 21. Giri\u015fimcilik G\u00fcnleri&#8217;nin \u00f6d\u00fcl t\u00f6reni yap\u0131ld\u0131. T\u00f6rene kat\u0131lan Antalya B\u00fcy\u00fck\u015fehir Belediye Ba\u015fkan\u0131 Muhittin B\u00f6cek, gen\u00e7 giri\u015fimcilerikutlayarak ba\u015far\u0131lar\u0131n\u0131n devam\u0131n\u0131 diledi.<\/p>\n\n\n\n<p>HEM DESTEK\u00c7\u0130 HEM \u00d6NC\u00dc<\/p>\n\n\n\n<p>Antalya B\u00fcy\u00fck\u015fehir Belediye Ba\u015fkan\u0131 Muhittin B\u00f6cek, t\u00fcm d\u00fcnyada kentler aras\u0131ndaki rekabetin giri\u015fimcilik, teknoloji ve inovasyonla belirlendi\u011fini s\u00f6yledi. Ba\u015fkan B\u00f6cek, bu alanda \u00e7al\u0131\u015fma yapan, yat\u0131r\u0131m yapan \u015fehirlerin her zaman daha avantajl\u0131 konuma ge\u00e7ti\u011fine dikkat \u00e7ekerek \u015f\u00f6yle konu\u015ftu: \u201cPlanl\u0131, kurall\u0131, kimlikli kent vizyonumuzla g\u00f6reve geldi\u011fimiz g\u00fcnden bu yana Antalya\u2019m\u0131z i\u00e7in turizm ve tar\u0131m alan\u0131ndaki giri\u015fimlerden kentimizin gelece\u011fine \u0131\u015f\u0131k tutacak dijital giri\u015fimlere kadar bir\u00e7ok alanda ak\u0131ll\u0131 \u015fehir uygulamalar\u0131n\u0131 hayata ge\u00e7irdik. Bu do\u011frultuda hem destek\u00e7i hem de \u00f6nc\u00fc olmak i\u00e7in arkada\u015flar\u0131m\u0131zla \u00e7al\u0131\u015fmalar\u0131m\u0131za devam ediyoruz.\u201d<\/p>\n\n\n\n<p>GEN\u00c7 G\u0130R\u0130\u015e\u0130MC\u0130LER\u0130N YANINDAYIZ<\/p>\n\n\n\n<p>Antalya B\u00fcy\u00fck\u015fehir Belediyesi\u2019nin giri\u015fimcilik alan\u0131nda \u00f6nemli \u00e7al\u0131\u015fmalar yapt\u0131\u011f\u0131na da vurgu yapan Ba\u015fkan B\u00f6cek, bu kapsamda 1 Kas\u0131m 2023 tarihinde T\u00fcrkiye\u2019nin en b\u00fcy\u00fck giri\u015fimcilik zirvesi olan 100. Y\u0131l G3 Giri\u015fimcilik Zirvesi\u2019ne payda\u015flar\u0131 TOBB, T\u00dcS\u0130AD, GEN T\u00fcrkiye, HAB\u0130TAT Derne\u011fi ve ANS\u0130AD i\u015fbirli\u011fiyle ev sahipli\u011fi yapt\u0131klar\u0131n\u0131 s\u00f6yledi. Ba\u015fkan B\u00f6cek her y\u00f6n\u00fcyle giri\u015fimcileri ve giri\u015fimci adaylar\u0131n\u0131 destekleyen B\u00fcy\u00fck\u015fehir Belediyesi HUB Antalya Giri\u015fimcilik Merkezi\u2019nin de k\u0131sa s\u00fcrede a\u00e7\u0131laca\u011f\u0131n\u0131 m\u00fcjdeledi. Bu merkez sayesinde fikirlerini hayata ge\u00e7irmek i\u00e7in t\u00fcm deste\u011fi ve e\u011fitimi alm\u0131\u015f adaylar\u0131 piyasaya girebilmeleri i\u00e7in melek yat\u0131r\u0131mc\u0131larla ve i\u015f d\u00fcnyas\u0131 ile bulu\u015fturacaklar\u0131n\u0131 s\u00f6yleyen Ba\u015fkan B\u00f6cek, \u201cGen\u00e7 giri\u015fimcilerimizin hayata ge\u00e7en giri\u015fimlerinin takibini yaparak kendilerine piyasada var olabilme deste\u011fini sa\u011flayaca\u011f\u0131z. Antalya\u2019ya de\u011fer katacak fikirlerin hayata ge\u00e7mesi, Antalya\u2019m\u0131z\u0131n d\u00fcnya geli\u015fim eko sisteminde pay sahibi olan bir \u015fehir olabilmesi i\u00e7in ayn\u0131 anlay\u0131\u015fla \u00e7al\u0131\u015fmalar\u0131m\u0131zadevam edece\u011fiz\u201d dedi<\/p>\n\n\n\n<p>Antalya B\u00fcy\u00fck\u015fehir Belediyesi \/ B\u00fclten<\/p>\n","protected":false},"excerpt":{"rendered":"<p>Antalya B\u00fcy\u00fck\u015fehir Belediye Ba\u015fkan\u0131 Muhittin B\u00f6cek, Antalya Sanayici ve \u0130\u015f \u0130nsanlar\u0131 Derne\u011fi&#8217;nin d\u00fczenledi\u011fi 21. Giri\u015fimcilik G\u00fcnleri \u00d6d\u00fcl T\u00f6reni&#8217;ne kat\u0131ld\u0131. Ba\u015fkan B\u00f6cek, Antalya B\u00fcy\u00fck\u015fehir Belediyesi olarak <a href=\"https:\/\/akdenizhaber.com.tr\/index.php\/2023\/12\/16\/baskan-bocek-girisimcilik-gunleri-odul-torenine-katildi\/\" class=\"read-more-link\">[more&#8230;]<\/a><\/p>\n","protected":false},"author":2,"featured_media":18756,"comment_status":"open","ping_status":"open","sticky":false,"template":"","format":"standard","meta":{"footnotes":""},"categories":[2],"tags":[],"class_list":["post-18755","post","type-post","status-publish","format-standard","has-post-thumbnail","hentry","category-gundem"],"_links":{"self":[{"href":"https:\/\/akdenizhaber.com.tr\/index.php\/wp-json\/wp\/v2\/posts\/18755","targetHints":{"allow":["GET"]}}],"collection":[{"href":"https:\/\/akdenizhaber.com.tr\/index.php\/wp-json\/wp\/v2\/posts"}],"about":[{"href":"https:\/\/akdenizhaber.com.tr\/index.php\/wp-json\/wp\/v2\/types\/post"}],"author":[{"embeddable":true,"href":"https:\/\/akdenizhaber.com.tr\/index.php\/wp-json\/wp\/v2\/users\/2"}],"replies":[{"embeddable":true,"href":"https:\/\/akdenizhaber.com.tr\/index.php\/wp-json\/wp\/v2\/comments?post=18755"}],"version-history":[{"count":0,"href":"https:\/\/akdenizhaber.com.tr\/index.php\/wp-json\/wp\/v2\/posts\/18755\/revisions"}],"wp:featuredmedia":[{"embeddable":true,"href":"https:\/\/akdenizhaber.com.tr\/index.php\/wp-json\/wp\/v2\/media\/18756"}],"wp:attachment":[{"href":"https:\/\/akdenizhaber.com.tr\/index.php\/wp-json\/wp\/v2\/media?parent=18755"}],"wp:term":[{"taxonomy":"category","embeddable":true,"href":"https:\/\/akdenizhaber.com.tr\/index.php\/wp-json\/wp\/v2\/categories?post=18755"},{"taxonomy":"post_tag","embeddable":true,"href":"https:\/\/akdenizhaber.com.tr\/index.php\/wp-json\/wp\/v2\/tags?post=18755"}],"curies":[{"name":"wp","href":"https:\/\/api.w.org\/{rel}","templated":true}]}}