{"id":18746,"date":"2023-12-16T11:53:44","date_gmt":"2023-12-16T08:53:44","guid":{"rendered":"https:\/\/akdenizhaber.com.tr\/?p=18746"},"modified":"2023-12-16T11:53:45","modified_gmt":"2023-12-16T08:53:45","slug":"buyuksehirden-toplu-ulasimi-rahatlatacak-karar","status":"publish","type":"post","link":"https:\/\/akdenizhaber.com.tr\/index.php\/2023\/12\/16\/buyuksehirden-toplu-ulasimi-rahatlatacak-karar\/","title":{"rendered":"B\u00fcy\u00fck\u015fehir\u2019den toplu ula\u015f\u0131m\u0131 rahatlatacak karar"},"content":{"rendered":"\n<p><\/p>\n\n\n\n<p>Antalya B\u00fcy\u00fck\u015fehir Belediye Meclisi, toplu ta\u015f\u0131may\u0131 ve ula\u015f\u0131m esnaf\u0131n\u0131 rahatlatacak bir karara imza att\u0131. Mecliste, B\u00fcy\u00fck\u015fehir Belediyesi taraf\u0131ndan toplu ula\u015f\u0131m esnaf\u0131na mazot deste\u011fi yerine yapt\u0131klar\u0131 kilometre ve ta\u015f\u0131d\u0131klar\u0131 yolcu say\u0131s\u0131na g\u00f6re \u00fccret verilmesine karar verildi. 1 Ocak 2024 itibar\u0131yla y\u00fcr\u00fcrl\u00fc\u011fe girecek kararla artan maliyetler nedeniyle \u00e7al\u0131\u015fmayan toplu ula\u015f\u0131m ara\u00e7lar\u0131n\u0131n faaliyete ge\u00e7mesi, toplu ula\u015f\u0131m\u0131n\u0131n b\u00fcy\u00fck oranda rahatlamas\u0131 bekleniyor.<\/p>\n\n\n\n<p>Antalya B\u00fcy\u00fck\u015fehir Belediyesi\u2019nin Aral\u0131k Ay\u0131 Ola\u011fan Meclis Toplant\u0131s\u0131\u2019n\u0131n devam\u0131B\u00fcy\u00fck\u015fehir Belediye Ba\u015fkan\u0131 Muhittin B\u00f6cek, ba\u015fkanl\u0131\u011f\u0131nda ger\u00e7ekle\u015fti. B\u00fcy\u00fck\u015fehir Meclisi\u2019nde Antalya\u2019n\u0131n toplu ula\u015f\u0131m\u0131n\u0131 yak\u0131ndan ilgilendiren \u00f6nemli bir madde g\u00f6r\u00fc\u015f\u00fcld\u00fc. Antalya 5 merkez il\u00e7ede gelir havuzu i\u00e7erisinde faaliyet g\u00f6steren AU plakal\u0131 \u00f6zel toplu ta\u015f\u0131ma ara\u00e7lar\u0131 2020 y\u0131l\u0131ndapandemi nedeniyle yolcu say\u0131lar\u0131n\u0131n azalmas\u0131 ve artan maliyetler nedeniyle seferlere \u00e7\u0131kmamaya ba\u015flad\u0131. AU plakal\u0131 yakla\u015f\u0131k 490 adet toplu ta\u015f\u0131ma arac\u0131n\u0131n 200\u2019\u00fcn\u00fcn seferlere \u00e7\u0131kmamas\u0131 nedeniyle zaman zaman ula\u015f\u0131mda ya\u015fanan aksamalar\u0131n \u00f6n\u00fcne ge\u00e7mek ad\u0131na B\u00fcy\u00fck\u015fehir Belediye Ba\u015fkan\u0131 Muhittin B\u00f6cek, B\u00fcy\u00fck\u015fehir Belediyesi\u2019ne 104 adet yeni otob\u00fcs ald\u0131.<\/p>\n\n\n\n<p>K\u0130LOMETRE BA\u015eINA DESTEK<\/p>\n\n\n\n<p>Ba\u015fkan Muhittin B\u00f6cek\u2019in ula\u015f\u0131m\u0131 rahatlat\u0131c\u0131 ad\u0131mlar\u0131ndan sonra B\u00fcy\u00fck\u015fehir Belediye Meclisi, ula\u015f\u0131m esnaf\u0131n\u0131n sorununu \u00e7\u00f6zmek ad\u0131na yeni bir karar ald\u0131. Meclis\u2019te toplu ta\u015f\u0131malardan elde edilecek t\u00fcm gelirin B\u00fcy\u00fck\u015fehir Belediye Ba\u015fkanl\u0131\u011f\u0131\u2019na al\u0131nmas\u0131na,&nbsp; bu gelirlerden yerine getirecekleri hizmet kar\u015f\u0131l\u0131\u011f\u0131ndaayl\u0131k bazda 4000 km alt\u0131 \u00e7al\u0131\u015fan ve 8000\u2019den az yolcu ta\u015f\u0131yan ara\u00e7lara km ba\u015f\u0131na 35 TL, 4000 km ve \u00fcst\u00fc \u00e7al\u0131\u015fan ve 8000 \u00fcst\u00fcnde yolcu ta\u015f\u0131yan ara\u00e7lara km ba\u015f\u0131na 40 TL \u00f6deme yap\u0131lmas\u0131na karar verildi. 1 Ocak 2024 tarihi itibar\u0131yla y\u00fcr\u00fcrl\u00fc\u011fe girecek kararla, toplu ula\u015f\u0131mda \u00e7al\u0131\u015fmayan ara\u00e7lar\u0131nda faaliyete ba\u015flamas\u0131 ve ula\u015f\u0131mda rahatlama bekleniyor. B\u00fcy\u00fck\u015fehir Belediye Meclisi\u2019nden oy \u00e7oklu\u011fu ile ge\u00e7en karar sonras\u0131nda ise Ba\u015fkan Muhittin B\u00f6cek, al\u0131nan karar\u0131n ula\u015f\u0131m esnaf\u0131na ve Antalya halk\u0131na hay\u0131rl\u0131 olmas\u0131n\u0131 diledi. Ula\u015f\u0131m esnaf\u0131 karar\u0131 alk\u0131\u015flarla kar\u015f\u0131lad\u0131.<\/p>\n\n\n\n<p>HEM TA\u015eINAN HEM TA\u015eIYAN MEMNUN OLACAK<\/p>\n\n\n\n<p>Antalya B\u00fcy\u00fck\u015fehir Belediye Ba\u015fkan\u0131 Muhittin B\u00f6cek\u2019in ula\u015f\u0131m esnaf\u0131n\u0131n y\u00fcz\u00fcn\u00fc g\u00fcld\u00fcren bu karar\u0131ndan sonra ula\u015f\u0131m esnaf\u0131 Ba\u015fkan Muhittin B\u00f6cek\u2019e te\u015fekk\u00fcr etti. Ba\u015fkan Muhittin B\u00f6cek, Antalya ula\u015f\u0131m\u0131n rahatlatacak ad\u0131mlar\u0131 tek tek att\u0131klar\u0131n\u0131 belirterek, hem ta\u015f\u0131nan\u0131n hem de ta\u015f\u0131yan\u0131n mutlu olaca\u011f\u0131 bir toplu ula\u015f\u0131m i\u00e7in \u00e7al\u0131\u015ft\u0131klar\u0131n\u0131 s\u00f6yledi.<\/p>\n\n\n\n<p>Antalya B\u00fcy\u00fck\u015fehir Belediyesi \/ B\u00fclten<\/p>\n","protected":false},"excerpt":{"rendered":"<p>Antalya B\u00fcy\u00fck\u015fehir Belediye Meclisi, toplu ta\u015f\u0131may\u0131 ve ula\u015f\u0131m esnaf\u0131n\u0131 rahatlatacak bir karara imza att\u0131. Mecliste, B\u00fcy\u00fck\u015fehir Belediyesi taraf\u0131ndan toplu ula\u015f\u0131m esnaf\u0131na mazot deste\u011fi yerine yapt\u0131klar\u0131 <a href=\"https:\/\/akdenizhaber.com.tr\/index.php\/2023\/12\/16\/buyuksehirden-toplu-ulasimi-rahatlatacak-karar\/\" class=\"read-more-link\">[more&#8230;]<\/a><\/p>\n","protected":false},"author":2,"featured_media":18747,"comment_status":"open","ping_status":"open","sticky":false,"template":"","format":"standard","meta":{"footnotes":""},"categories":[2],"tags":[],"class_list":["post-18746","post","type-post","status-publish","format-standard","has-post-thumbnail","hentry","category-gundem"],"_links":{"self":[{"href":"https:\/\/akdenizhaber.com.tr\/index.php\/wp-json\/wp\/v2\/posts\/18746","targetHints":{"allow":["GET"]}}],"collection":[{"href":"https:\/\/akdenizhaber.com.tr\/index.php\/wp-json\/wp\/v2\/posts"}],"about":[{"href":"https:\/\/akdenizhaber.com.tr\/index.php\/wp-json\/wp\/v2\/types\/post"}],"author":[{"embeddable":true,"href":"https:\/\/akdenizhaber.com.tr\/index.php\/wp-json\/wp\/v2\/users\/2"}],"replies":[{"embeddable":true,"href":"https:\/\/akdenizhaber.com.tr\/index.php\/wp-json\/wp\/v2\/comments?post=18746"}],"version-history":[{"count":0,"href":"https:\/\/akdenizhaber.com.tr\/index.php\/wp-json\/wp\/v2\/posts\/18746\/revisions"}],"wp:featuredmedia":[{"embeddable":true,"href":"https:\/\/akdenizhaber.com.tr\/index.php\/wp-json\/wp\/v2\/media\/18747"}],"wp:attachment":[{"href":"https:\/\/akdenizhaber.com.tr\/index.php\/wp-json\/wp\/v2\/media?parent=18746"}],"wp:term":[{"taxonomy":"category","embeddable":true,"href":"https:\/\/akdenizhaber.com.tr\/index.php\/wp-json\/wp\/v2\/categories?post=18746"},{"taxonomy":"post_tag","embeddable":true,"href":"https:\/\/akdenizhaber.com.tr\/index.php\/wp-json\/wp\/v2\/tags?post=18746"}],"curies":[{"name":"wp","href":"https:\/\/api.w.org\/{rel}","templated":true}]}}