{"id":18743,"date":"2023-12-16T11:52:59","date_gmt":"2023-12-16T08:52:59","guid":{"rendered":"https:\/\/akdenizhaber.com.tr\/?p=18743"},"modified":"2023-12-16T11:53:00","modified_gmt":"2023-12-16T08:53:00","slug":"bolgenin-alaninda-en-buyugu-olan-akdeniz-bilisim-zirvesi-duzenlendi","status":"publish","type":"post","link":"https:\/\/akdenizhaber.com.tr\/index.php\/2023\/12\/16\/bolgenin-alaninda-en-buyugu-olan-akdeniz-bilisim-zirvesi-duzenlendi\/","title":{"rendered":"B\u00f6lgenin alan\u0131nda en b\u00fcy\u00fc\u011f\u00fc olan Akdeniz Bili\u015fim Zirvesi d\u00fczenlendi"},"content":{"rendered":"\n<p><\/p>\n\n\n\n<p>TBMM Sanayi, Ticaret, Enerji, Tabii Kaynaklar, Bilgi ve Teknoloji Komisyonu Ba\u015fkan\u0131 Mustafa Varank\u2019\u0131n kat\u0131l\u0131m\u0131yla bu y\u0131l 7\u2019ncisi ger\u00e7ekle\u015fen Akdeniz Bili\u015fim Zirvesi\u2019nin a\u00e7\u0131l\u0131\u015f konu\u015fmas\u0131n\u0131 yapan Akdeniz \u00dcniversitesi Rekt\u00f6r\u00fc Prof. Dr. \u00d6zlenen \u00d6zkan, \u201cE\u011fitimden sa\u011fl\u0131\u011fa, ileti\u015fimden enerjiye kadar her sekt\u00f6rde dijital d\u00f6n\u00fc\u015f\u00fcm\u00fc ya\u015famaktay\u0131z. Bu d\u00f6n\u00fc\u015f\u00fcm\u00fc anlamak ve y\u00f6netmek, gelece\u011fe liderlik etmek demektir.\u201d dedi.<\/p>\n\n\n\n<p>Akdeniz\u2019in ve T\u00fcrkiye\u2019nin en b\u00fcy\u00fck bili\u015fim zirvelerinden olan Akdeniz Bili\u015fim Zirvesi\u2019nin bu y\u0131l 7\u2019ncisi d\u00fczenlendi. Kepez Mimar Sinan Kongre Merkezi\u2019nde ger\u00e7ekle\u015ftirilen zirveye TBMM Sanayi, Ticaret, Enerji, Tabii Kaynaklar, Bilgi ve Teknoloji Komisyonu Ba\u015fkan\u0131 Mustafa Varank, Akdeniz \u00dcniversitesi Rekt\u00f6r\u00fc Prof. Dr. \u00d6zlenen \u00d6zkan, Antalya Teknokent Genel M\u00fcd\u00fcr\u00fc Dr. \u0130brahim Yavuz ve bili\u015fim sekt\u00f6r\u00fcn\u00fcn \u00f6nde gelen isimleri konu\u015fmac\u0131 olarak ve \u00e7ok say\u0131da \u00f6\u011frenci kat\u0131ld\u0131.<\/p>\n\n\n\n<p><strong>ANTALYA\u2019NIN G\u00d6NL\u00dcM\u00dcZDEK\u0130 YER\u0130 HER ZAMAN FARKLI OLMU\u015eTUR<\/strong><\/p>\n\n\n\n<p>TBMM Sanayi, Ticaret, Enerji, Tabii Kaynaklar, Bilgi ve Teknoloji Komisyonu Ba\u015fkan\u0131 Mustafa Varank, \u201cAntalya\u2019n\u0131n bizim g\u00f6nl\u00fcm\u00fczdeki yeri her zaman farkl\u0131 olmu\u015ftur. Turizm, tar\u0131m ve ticaret alanlar\u0131ndan sonra \u015fimdi yat\u0131r\u0131m, sanayi, bilim ve teknoloji alanlar\u0131ndaki geli\u015fmeler ile ad\u0131ndan s\u00f6z ettirmeyi ba\u015far\u0131yor. H\u00fck\u00fcmetlerimiz, yeni organize sanayi b\u00f6lgeleri, teknoparklar, Ar-Ge ve tasar\u0131m merkezlerini \u015fehrimize kazand\u0131rd\u0131. Yak\u0131n zamanda Milli Muharip U\u00e7ak Ar-Ge ve Tasar\u0131m Merkez ile Antalya Bilim Merkezini de \u015fehrimize kazand\u0131rd\u0131k. B\u0130L\u0130MFEST, Bilim Olimpiyatlar\u0131 Kamplar\u0131, G\u00f6ky\u00fcz\u00fc G\u00f6zlem Etkinlikleri gibi i\u015flerle her zaman \u015fehrimizde bir araya geldik.\u201d dedi.<\/p>\n\n\n\n<p><strong>BU Z\u0130RVE \u00dcLKEM\u0130Z\u0130N B\u0130L\u0130\u015e\u0130M HEDEFLER\u0130NE H\u0130ZMET ED\u0130YOR<\/strong><\/p>\n\n\n\n<p>Antalya TEKNOKENT\u2019in \u00e7al\u0131\u015fmalar\u0131n\u0131 yak\u0131ndan takip ettiklerini s\u00f6yleyen Varank \u201cHalihaz\u0131rda, iki y\u00fczden fazla firmaya ev sahipli\u011fi yapan teknokentimiz b\u00f6lgesel Ar-Ge ekosisteminin \u00f6nemli bir halkas\u0131. Savunmadan yaz\u0131l\u0131ma, turizmden tar\u0131ma, g\u0131dadan sa\u011fl\u0131\u011fa \u00e7ok farkl\u0131 sekt\u00f6rlerde faaliyetlerini ba\u015far\u0131yla s\u00fcrd\u00fcr\u00fcyor, yenilik\u00e7i giri\u015fimlere \u00f6nc\u00fcl\u00fck ediyor. Bu manada bug\u00fcn bir araya gelmemize vesile olan Akdeniz Bili\u015fim Zirvesi, \u00fclkemizin bili\u015fim hedeflerine hizmet eden \u00f6nemli etkinliklerinden bir tanesi. Her sene bili\u015fim d\u00fcnyas\u0131na \u00f6nderlik eden, y\u00f6n veren giri\u015fimcileri, konu\u015fmac\u0131lar\u0131 davet ederek, \u00f6\u011frencileri, akademisyenleri, y\u00f6neticileri, emek\u00e7ileri bir araya getirerek bili\u015fim alan\u0131nda fark\u0131ndal\u0131k olu\u015fturuyor, sekt\u00f6r\u00fcn gelece\u011fine dair perspektif sunuyor. Bu vesileyle Antalya Teknokent \u00e7al\u0131\u015fanlar\u0131 ba\u015fta olmak \u00fczere eme\u011fi ge\u00e7en t\u00fcm karde\u015flerime \u015f\u00fckranlar\u0131m\u0131 sunuyorum.\u201d \u015feklinde konu\u015ftu.<\/p>\n\n\n\n<p><strong>B\u00dcY\u00dcK \u00dcLKEN\u0130N HEDEFLER\u0130 HER ZAMAN B\u00dcY\u00dcK OLUR<\/strong><\/p>\n\n\n\n<p>Varank, \u201c\u00dclkemiz, gen\u00e7 n\u00fcfusu, geli\u015fen m\u00fchendislik ve inovasyon kabiliyetleri, modern teknolojik altyap\u0131s\u0131 ve dijitalle\u015fen sanayisiyle \u00e7ok b\u00fcy\u00fck bir \u00fclke. B\u00f6yle bir \u00fclkenin hedefleri de her zaman b\u00fcy\u00fck olur. Tabi bir hedef varsa, bu hedefe ula\u015facak ara\u00e7lara da ihtiya\u00e7 vard\u0131r. \u0130\u015fte bili\u015fim sekt\u00f6r\u00fc, \u00fclkemizin hedeflerine ula\u015fmas\u0131nda kilit rol oynayan \u00f6nemli bir ara\u00e7, \u00f6nemli bir sekt\u00f6r. Bilgi ve ileti\u015fim teknolojileri, \u00fclkemiz i\u00e7in, insanl\u0131k i\u00e7in, ekonomi i\u00e7in, toplumsal d\u00f6n\u00fc\u015f\u00fcm i\u00e7in, s\u00fcrd\u00fcr\u00fclebilirlik i\u00e7in muazzam bir itici g\u00fc\u00e7. Bug\u00fcn bili\u015fim; e\u011fitimden sa\u011fl\u0131\u011fa, g\u00fcnl\u00fck ya\u015famdan bilimsel ara\u015ft\u0131rmalara kadar bir\u00e7ok alanda hepimizin hayat\u0131n\u0131 kolayla\u015ft\u0131r\u0131yor. Yeni i\u015f modellerini m\u00fcmk\u00fcn k\u0131l\u0131yor. Rekabet\u00e7ili\u011fi art\u0131r\u0131yor. Giri\u015fimcilik potansiyelini y\u00fckseltiyor. \u0130stihdam olu\u015fturmada b\u00fcy\u00fck katk\u0131 sa\u011fl\u0131yor. Sosyal sorunlara \u00e7\u00f6z\u00fcm oluyor. Ak\u0131ll\u0131 teknolojilerle enerji tasarrufu sa\u011flayan \u00e7evre dostu uygulamalar\u0131n yayg\u0131nla\u015fmas\u0131na arac\u0131l\u0131k ediyor. Zaten burada bir\u00e7ok konu\u015fmac\u0131m\u0131z yapacaklar\u0131 sunumlar\u0131nda bu konudan detayl\u0131 bi\u00e7imde bahsedecek. Burada as\u0131l kritik nokta \u00fclkemizin bili\u015fimdeki potansiyelini ortaya \u00e7\u0131karmak. Giri\u015fimcilik ruhunu desteklemek ve gen\u00e7lerimizi teknolojiye y\u00f6nlendirmek. Hamdolsun bilhassa son d\u00f6nemde bili\u015fim alan\u0131na y\u00f6nelik \u00fclkemizde ciddi at\u0131l\u0131mlar yap\u0131ld\u0131.\u201d ifadelerini kulland\u0131. Varank, son 21 y\u0131lda ya\u015fanan geli\u015fmelerden, hedeflerden bahsederek sunumunu sonland\u0131rd\u0131.<\/p>\n\n\n\n<p><strong>HER SEKT\u00d6RDE D\u0130J\u0130TAL D\u00d6N\u00dc\u015e\u00dcM\u00dc YA\u015eAMAKTAYIZ<\/strong><\/p>\n\n\n\n<p>Akdeniz \u00dcniversitesi Rekt\u00f6r\u00fc Prof. Dr. \u00d6zlenen \u00d6zkan, \u201cKar\u015f\u0131mda teknoloji ve bili\u015fimin g\u00fcc\u00fcyle gelece\u011fi \u015fekillendirme potansiyeli olan bir topluluk g\u00f6r\u00fcyorum. \u00d6zellikle bu alana ilgi g\u00f6steren sevgili gen\u00e7lerimizi burada g\u00f6rmek, salonun bu kadar dolu olmas\u0131beni \u00e7ok mutlu etti. \u00c7\u00fcnk\u00fc bu bilgi \u00e7a\u011f\u0131nda gen\u00e7 ku\u015fa\u011f\u0131m\u0131za, \u00f6nceki nesillerden \u00e7ok daha farkl\u0131 bir sorumluluk d\u00fc\u015f\u00fcyor. Bili\u015fim ve teknoloji, sadece i\u015f d\u00fcnyas\u0131n\u0131 de\u011fil, ayn\u0131 zamanda toplumun her alan\u0131n\u0131 etkiliyor. E\u011fitimden sa\u011fl\u0131\u011fa, ileti\u015fimden enerjiye kadar her sekt\u00f6rde dijital d\u00f6n\u00fc\u015f\u00fcm\u00fc ya\u015famaktay\u0131z. Bu d\u00f6n\u00fc\u015f\u00fcm\u00fc anlamak ve y\u00f6netmek, gelece\u011fe liderlik etmek demektir.\u201d dedi.<\/p>\n\n\n\n<p><strong>G\u00dc\u00c7L\u00dc OLAN SON S\u00d6Z\u00dc S\u00d6YL\u00dcYOR<\/strong><\/p>\n\n\n\n<p>D\u00fcnyada bili\u015fim ve teknolojide \u00f6nde olan \u00fclkelerin son s\u00f6z\u00fc s\u00f6yledi\u011finin alt\u0131n\u0131 \u00e7izen Rekt\u00f6r \u00d6zkan, \u201cBizim de d\u00fcnyaya s\u00f6yleyecek s\u00f6zlerimiz var. Sizlerin de olmal\u0131. Bug\u00fcn Cumhurba\u015fkan\u0131m\u0131z Say\u0131n Recep Tayyip Erdo\u011fan \u201cD\u00fcnya 5\u2019ten B\u00fcy\u00fckt\u00fcr\u201d ger\u00e7e\u011fini Birle\u015fmi\u015f Milletler k\u00fcrs\u00fcs\u00fcnden ilan ediyor. Hakl\u0131 ve ilkeli duru\u015fumuzu d\u00fcnyaya daha g\u00fc\u00e7l\u00fc anlatabilmemiz i\u00e7in her alanda g\u00fc\u00e7l\u00fc olmam\u0131z \u015fartt\u0131r. Bili\u015fim ve teknoloji gelece\u011fin anahtar\u0131d\u0131r. Bu s\u00f6z ger\u00e7ek anlam\u0131n\u0131 sizlerin bili\u015fim ve teknoloji alan\u0131nda ataca\u011f\u0131n\u0131z at\u0131l\u0131mlarla bulacakt\u0131r.\u201d \u015feklinde konu\u015ftu.<\/p>\n\n\n\n<p><strong>TEKNOLOJ\u0130Y\u0130 \u0130NSANLIK \u0130\u00c7\u0130N KULLANMALIYIZ<\/strong><\/p>\n\n\n\n<p>\u0130ki aydan fazla s\u00fcredir t\u00fcm d\u00fcnyan\u0131n g\u00f6zleri \u00f6n\u00fcnde Filistin\u2019de insanl\u0131k dram\u0131 ya\u015fand\u0131\u011f\u0131n\u0131 belirten Rekt\u00f6r \u00d6zkan, \u201c\u0130srail teknolojik \u00fcst\u00fcnl\u00fc\u011f\u00fcyle mazlum Filistin halk\u0131n\u0131 ac\u0131mas\u0131zca katlediyor. Oysa teknolojinin insanl\u0131k i\u00e7in, iyilik i\u00e7in kullan\u0131lmas\u0131 gerekiyor. Bu zalimliklere dur diyebilmek i\u00e7in bili\u015fim ve teknolojiye b\u00fcy\u00fck yat\u0131r\u0131mlar yap\u0131p her konuda \u00fclkemizi muas\u0131r medeniyetler seviyesinin \u00fcst\u00fcne \u00e7\u0131karmal\u0131y\u0131z. Bug\u00fcn devletimiz \u00f6zellikle savunma sanayi alan\u0131nda b\u00fcy\u00fck at\u0131l\u0131mlar yap\u0131yor. Bizler hep birlikte bu at\u0131l\u0131mlar\u0131 hayat\u0131n her alan\u0131na yaymal\u0131y\u0131z. Bunu yapabilmenin en k\u0131sa yolu bilim ve teknolojiden ge\u00e7iyor.\u201d ifadelerini kulland\u0131.<\/p>\n\n\n\n<p>Bu konuda Zirvenin \u00f6nemli bir rol\u00fc oldu\u011funun alt\u0131n\u0131 \u00e7izen Rekt\u00f6r \u00d6zkan, \u201c\u0130stiyoruz ki, Zirve kapsam\u0131nda T\u00fcrkiye\u2019de ve d\u00fcnyada teknolojinin oda\u011f\u0131ndaki konular, akademik bir bak\u0131\u015f a\u00e7\u0131s\u0131yla de\u011ferlendirilerek ilgili firma temsilcileri ve teknoloji sekt\u00f6r\u00fcn\u00fcn \u00f6nde gelen isimleri taraf\u0131ndan ele al\u0131ns\u0131n ve bili\u015fim d\u00fcnyas\u0131n\u0131n yar\u0131nlar\u0131na ilham olacak fikirler \u00fcretilsin. Teknokentimizin bug\u00fcn bize bu ortam\u0131 \u00e7ok ba\u015far\u0131l\u0131 bir \u015fekilde sa\u011flad\u0131\u011f\u0131n\u0131 g\u00f6r\u00fcyoruz. Tekrar Teknokent y\u00f6netimimiz ba\u015fta olmak \u00fczere bu zirvenin d\u00fczenlenmesinde eme\u011fi ge\u00e7enlere te\u015fekk\u00fcr ediyorum. Bu zirvenin, yeni ba\u015far\u0131 hikayeleri i\u00e7in bir ba\u015flang\u0131\u00e7 noktas\u0131 olmas\u0131n\u0131 diliyorum. Bili\u015fime \u00f6nc\u00fcl\u00fck edecek gen\u00e7ler neden bu zirveden \u00e7\u0131kmas\u0131n?\u201d dedi.<\/p>\n\n\n\n<p><strong>T\u00dcRK\u0130YE\u2019N\u0130N EN \u0130Y\u0130 TEKNOKENTLER\u0130 ARASINDA<\/strong><\/p>\n\n\n\n<p>Antalya Teknokent Genel M\u00fcd\u00fcr\u00fc Dr. \u0130brahim Yavuz, \u201c7 y\u0131lda T\u00fcrkiye\u2019nin en b\u00fcy\u00fck zirvelerinden biri haline getirdi\u011fimiz Akdeniz Bili\u015fim Zirvesini bu y\u0131l Cumhuriyetimizin 100. Y\u0131l\u0131 An\u0131s\u0131na \u201cTeknoloji Ve Bili\u015fim Y\u00fczy\u0131l\u0131\u201d temas\u0131yla ger\u00e7ekle\u015ftiriyoruz. Antalya Teknokentimizde uzay havac\u0131l\u0131k, savunma sanayii, bili\u015fim, yaz\u0131l\u0131m, tar\u0131m, turizm ve sa\u011fl\u0131k alan\u0131nda son y\u0131llarda hayata ge\u00e7irdi\u011fimiz yeni projelerimizle T\u00fcrkiye\u2019nin en iyi teknokentleri aras\u0131nda vizyonumuz ve misyonumuz ile farkl\u0131 bir yere sahip olmak i\u00e7in var g\u00fcc\u00fcm\u00fczle \u00e7al\u0131\u015fmaya devam ediyor, her alanda ba\u015far\u0131l\u0131 olma iddiam\u0131z\u0131 s\u00fcrd\u00fcr\u00fcyoruz.\u201d \u015feklinde konu\u015ftu.<\/p>\n\n\n\n<p><strong>ANTALYA B\u0130R CAZ\u0130BE MERKEZ\u0130<\/strong><\/p>\n\n\n\n<p>Antalya Teknokent\u2019in 102 teknokent aras\u0131nda 7. S\u0131rada oldu\u011funu s\u00f6yleyen Yavuz, \u201c365 Bin M\u00b2\u2019lik bir alanda yer alan Antalya Teknokent bug\u00fcn itibariyle y\u00fczde 95 doluluk oran\u0131 ve 227 firmas\u0131yla toplamda 968 projeyi b\u00f6lgede y\u00fcr\u00fctm\u00fc\u015f, 300\u2019e yak\u0131n proje faaliyeti ile \u00e7al\u0131\u015fmalar\u0131na devam etmektedir. Antalya Teknokentimizdebir\u00e7ok ba\u015far\u0131l\u0131 projeye imza att\u0131k. Teknoloji Vadisi Projemiz bunlardan biri. bu proje uluslararas\u0131 alanda b\u00fcy\u00fck bir proje. teknoloji vadisi projemiz hem yerel giri\u015fimcilere \u00f6nemli olanaklar sa\u011flayan bir cazibe merkezi hem de bir\u00e7ok k\u00fcresel \u015firketin operasyonlar\u0131n\u0131 y\u00f6netece\u011fi bir merkez olacak.\u201d dedi.Antalya Teknokent\u2019te yapt\u0131\u011f\u0131 projelerden bahseden Yavuz, \u201c7. Akdeniz Bili\u015fim Zirvesinde Akdeniz \u00dcniversitesi Rekt\u00f6r\u00fcm\u00fcz Prof. Dr. \u00d6zlenen \u00d6zkan ba\u015fta olmak \u00fczere, firmalar\u0131m\u0131za, giri\u015fimcilerimize, sponsorlar\u0131m\u0131za, destek\u00e7ilerimize, konu\u015fmac\u0131lar\u0131m\u0131za ve etkinlikte eme\u011fi&nbsp;ge\u00e7en herkese \u00f6zellikle de \u00e7ok k\u0131ymetli Antalya Teknokent ekibime ayr\u0131 ayr\u0131 te\u015fekk\u00fcrlerimi sunuyorum.\u201d dedi.<\/p>\n\n\n\n<p><strong>YILIN ENLER\u0130 \u00d6D\u00dcLLER\u0130 VER\u0130LD\u0130<\/strong><\/p>\n\n\n\n<p>En Fazla \u00d6\u011frenci \u0130stihdam Eden Firma \u00d6d\u00fcl\u00fc Talya Bili\u015fim\u2019e, \u00dcniversite Sanayi \u0130\u015f Birli\u011fi \u00d6d\u00fcl\u00fc TUSA\u015e\u2019a, En Y\u00fcksek Ar-Ge Geliri Elde Eden Firma \u00d6d\u00fcl\u00fc San Bilgisayar\u2019a, En \u0130yi Geli\u015fme G\u00f6steren Kulu\u00e7ka Firmas\u0131 \u00d6d\u00fcl\u00fc Noventech\u2019e, Ar-Ge ve \u0130novasyon Odakl\u0131 Ment\u00f6rl\u00fck \u00d6d\u00fcl\u00fc Ural Telekom\u2019a, En Fazla \u00dcr\u00fcn-Hizmet Geli\u015ftiren Firma \u00d6d\u00fcl\u00fc Kod Yaz\u0131l\u0131m\u2019a, Sa\u011fl\u0131kta Yenilik\u00e7i Teknoloji Geli\u015ftiren Firma \u00d6d\u00fcl\u00fc Babylife\u2019a, G\u0131da Ve Tar\u0131mda Yenilik\u00e7i Teknoloji Geli\u015ftiren Firma \u00d6d\u00fcl\u00fc Meykon\u2019a, En Y\u00fcksek Gelir Elde Eden Kulu\u00e7ka Firmas\u0131 \u00d6d\u00fcl\u00fc Tork Yaz\u0131l\u0131m\u2019a verildi. Programda konu\u015fmalar\u0131n ard\u0131ndan zirveye destek verenlere plaketler ve \u00f6d\u00fcller takdim edildi.<\/p>\n\n\n\n<p>Akdeniz \u00dcniversitesi Rekt\u00f6rl\u00fc\u011f\u00fc \/ B\u00fclten<\/p>\n","protected":false},"excerpt":{"rendered":"<p>TBMM Sanayi, Ticaret, Enerji, Tabii Kaynaklar, Bilgi ve Teknoloji Komisyonu Ba\u015fkan\u0131 Mustafa Varank\u2019\u0131n kat\u0131l\u0131m\u0131yla bu y\u0131l 7\u2019ncisi ger\u00e7ekle\u015fen Akdeniz Bili\u015fim Zirvesi\u2019nin a\u00e7\u0131l\u0131\u015f konu\u015fmas\u0131n\u0131 yapan Akdeniz <a href=\"https:\/\/akdenizhaber.com.tr\/index.php\/2023\/12\/16\/bolgenin-alaninda-en-buyugu-olan-akdeniz-bilisim-zirvesi-duzenlendi\/\" class=\"read-more-link\">[more&#8230;]<\/a><\/p>\n","protected":false},"author":2,"featured_media":18744,"comment_status":"open","ping_status":"open","sticky":false,"template":"","format":"standard","meta":{"footnotes":""},"categories":[2],"tags":[],"class_list":["post-18743","post","type-post","status-publish","format-standard","has-post-thumbnail","hentry","category-gundem"],"_links":{"self":[{"href":"https:\/\/akdenizhaber.com.tr\/index.php\/wp-json\/wp\/v2\/posts\/18743","targetHints":{"allow":["GET"]}}],"collection":[{"href":"https:\/\/akdenizhaber.com.tr\/index.php\/wp-json\/wp\/v2\/posts"}],"about":[{"href":"https:\/\/akdenizhaber.com.tr\/index.php\/wp-json\/wp\/v2\/types\/post"}],"author":[{"embeddable":true,"href":"https:\/\/akdenizhaber.com.tr\/index.php\/wp-json\/wp\/v2\/users\/2"}],"replies":[{"embeddable":true,"href":"https:\/\/akdenizhaber.com.tr\/index.php\/wp-json\/wp\/v2\/comments?post=18743"}],"version-history":[{"count":0,"href":"https:\/\/akdenizhaber.com.tr\/index.php\/wp-json\/wp\/v2\/posts\/18743\/revisions"}],"wp:featuredmedia":[{"embeddable":true,"href":"https:\/\/akdenizhaber.com.tr\/index.php\/wp-json\/wp\/v2\/media\/18744"}],"wp:attachment":[{"href":"https:\/\/akdenizhaber.com.tr\/index.php\/wp-json\/wp\/v2\/media?parent=18743"}],"wp:term":[{"taxonomy":"category","embeddable":true,"href":"https:\/\/akdenizhaber.com.tr\/index.php\/wp-json\/wp\/v2\/categories?post=18743"},{"taxonomy":"post_tag","embeddable":true,"href":"https:\/\/akdenizhaber.com.tr\/index.php\/wp-json\/wp\/v2\/tags?post=18743"}],"curies":[{"name":"wp","href":"https:\/\/api.w.org\/{rel}","templated":true}]}}