{"id":18740,"date":"2023-12-16T11:52:21","date_gmt":"2023-12-16T08:52:21","guid":{"rendered":"https:\/\/akdenizhaber.com.tr\/?p=18740"},"modified":"2023-12-16T11:52:22","modified_gmt":"2023-12-16T08:52:22","slug":"akdeniz-universitesi-yok-tarafindan-arastirma-universitesi-aday-izleme-programina-alindi","status":"publish","type":"post","link":"https:\/\/akdenizhaber.com.tr\/index.php\/2023\/12\/16\/akdeniz-universitesi-yok-tarafindan-arastirma-universitesi-aday-izleme-programina-alindi\/","title":{"rendered":"Akdeniz \u00dcniversitesi Y\u00d6K taraf\u0131ndan Ara\u015ft\u0131rma \u00dcniversitesi Aday \u0130zleme Program\u0131&#8217;na al\u0131nd\u0131"},"content":{"rendered":"\n<p><\/p>\n\n\n\n<p>\u0130lklere imza atan, yapt\u0131\u011f\u0131 \u00e7al\u0131\u015fmalarla bilim d\u00fcnyas\u0131nda \u00e7\u0131\u011f\u0131r a\u00e7an Akdeniz \u00dcniversitesi, Y\u00fcksek\u00f6\u011fretim Kurulu&#8217;nun 2021&#8217;de ba\u015flatt\u0131\u011f\u0131 \u201cAra\u015ft\u0131rma \u00dcniversiteleri&#8221; uygulamas\u0131 kapsam\u0131nda Ara\u015ft\u0131rma \u00dcniversitesi Aday \u0130zleme Program\u0131&#8217;na dahil edilen 6 \u00fcniversiteden biri oldu.<\/p>\n\n\n\n<p>Y\u00fcksek\u00f6\u011fretim Kurulu Ba\u015fkan\u0131Prof. Dr. Erol \u00d6zvar, Akdeniz \u00dcniversitesi\u2019nin de aralar\u0131nda oldu\u011fu 6 \u00fcniversiteyi Ara\u015ft\u0131rma \u00dcniversitesi Aday \u0130zleme Program\u0131&#8217;na ald\u0131klar\u0131n\u0131 a\u00e7\u0131klad\u0131.Y\u00fcksek\u00f6\u011fretim Kurulu ba\u015fkanl\u0131\u011f\u0131nda yap\u0131lan Ara\u015ft\u0131rma \u00dcniversiteleri Aday \u0130zleme Program\u0131 Toplant\u0131s\u0131na Erol \u00d6zvar&#8217;\u0131n yan\u0131 s\u0131ra Y\u00fcksek\u00f6\u011fretim Kurulu Ba\u015fkan Vekili Prof. Dr. Haldun G\u00f6kta\u015f, Y\u00fcksek\u00f6\u011fretim Y\u00fcr\u00fctme Kurulu \u00dcyeleri Prof. Dr. Naci G\u00fcndo\u011fan, Prof. Dr. Erol Arcakl\u0131o\u011flu, Prof. Dr. Mahmut Ak, Prof. Dr. Arif Bilgin, Genel Sekreter Bat\u0131kan Aksoy, Akdeniz \u00dcniversitesi Rekt\u00f6r\u00fc Prof. Dr. \u00d6zlenen \u00d6zkan ve di\u011fer be\u015f\u00fcniversite rekt\u00f6r\u00fc kat\u0131ld\u0131.<\/p>\n\n\n\n<p><strong>ARA\u015eTIRMA \u00dcN\u0130VERS\u0130TES\u0130 ADAYI<\/strong><\/p>\n\n\n\n<p>Akdeniz \u00dcniversitesi \u2018Ara\u015ft\u0131rma \u00dcniversiteleri Aday \u0130zleme Program\u0131&#8217;na dahil edildi. Akdeniz \u00dcniversitesinin yan\u0131nda Gaziantep, Kocaeli, Ondokuz May\u0131s, Sakarya ve Sel\u00e7uk \u00fcniversiteleri \u201cAra\u015ft\u0131rma \u00dcniversiteleri Aday \u0130zleme Program\u0131&#8217;na al\u0131nd\u0131. Ara\u015ft\u0131rma \u00fcniversiteleri, ara\u015ft\u0131rma kapasitesi, ara\u015ft\u0131rma kalitesi, etkile\u015fim ve i\u015f birli\u011fi konular\u0131nda toplam 32 performans g\u00f6stergesine g\u00f6re de\u011ferlendiriliyor. Y\u00fcksek\u00f6\u011fretim Kurulunun 2021&#8217;te ba\u015flatt\u0131\u011f\u0131 \u201cAra\u015ft\u0131rma \u00dcniversiteleri&#8221; uygulamas\u0131 kapsam\u0131nda T\u00fcrkiye&#8217;de toplam 23 Ara\u015ft\u0131rma \u00dcniversitesi bulunuyor.<\/p>\n\n\n\n<p><strong>ARA\u015eTIRMA \u00dcN\u0130VERS\u0130TELER\u0130NE ARTAN B\u00dcT\u00c7E<\/strong><\/p>\n\n\n\n<p>Y\u00fcksek\u00f6\u011fretim Kurulunda d\u00fczenlenen toplant\u0131da Y\u00d6K Ba\u015fkan\u0131 Prof. Dr. Erol \u00d6zvaryapt\u0131\u011f\u0131 konu\u015fmada, Ara\u015ft\u0131rma \u00dcniversiteleri \u0130zleme ve De\u011ferlendirme Komisyonu taraf\u0131ndan \u00fcniversitelerin performanslar\u0131n\u0131n d\u00fczenli takip edildi\u011fini belirtti.Bu \u00e7er\u00e7evede Aday \u0130zleme Program\u0131&#8217;na dahil edilen 6 \u00fcniversiteyi 2 y\u0131ll\u0131k izleme s\u00fcrecine alacaklar\u0131n\u0131 belirten \u00d6zvar, 2 y\u0131l\u0131n sonunda kriterleri kar\u015f\u0131layanlar\u0131n \u201cara\u015ft\u0131rma \u00fcniversitesi&#8221; olarak kabul edilece\u011fini kaydetti.Ara\u015ft\u0131rma \u00fcniversitelerine b\u00fct\u00e7eden ayr\u0131lan pay\u0131n her y\u0131l artt\u0131\u011f\u0131n\u0131 s\u00f6yleyen \u00d6zvar, \u201cAkademik anlamda daha fazla \u00fcreten hocalar\u0131m\u0131z\u0131n ve kurumlar\u0131n desteklenmesini \u00f6nemsiyorum. Amac\u0131m\u0131z daha fazla \u00fcreten, performans g\u00f6steren \u00fcniversitelerin \u00f6d\u00fcllendirilmesi, \u00fcretkenli\u011fi azalan \u00fcniversitelerimizin te\u015fvik edilmesi, cesaretlendirilmesidir.&#8221; diye konu\u015ftu.<\/p>\n\n\n\n<p><strong>ATTI\u011eIMIZ SA\u011eLAM ADIMLARIN B\u0130R YANSIMASI<\/strong><\/p>\n\n\n\n<p>Y\u00fcksek\u00f6\u011fretim Kurulu taraf\u0131ndan &#8216;Ara\u015ft\u0131rma \u00dcniversitesi Aday \u0130zleme Program\u0131&#8217;na al\u0131nmalar\u0131ndan dolay\u0131 mutlu olduklar\u0131n\u0131 ifade eden Akdeniz \u00dcniversitesi Rekt\u00f6r\u00fc Prof. Dr. \u00d6zlenen \u00d6zkan \u201c&#8217;Bu \u00f6nemli ba\u015far\u0131da eme\u011fi ge\u00e7en t\u00fcm akademik ve idari kadromuza, ayr\u0131ca bizlere kalite yolunda rehberlik eden bu s\u00fcre\u00e7 i\u00e7in Y\u00d6K Ba\u015fkan\u0131m\u0131z Prof. Dr. Say\u0131n Erol \u00d6zvar hocam\u0131za te\u015fekk\u00fcr ediyorum.Geldi\u011fimiz nokta \u00fcniversitemizin bilimsel kapasitesini bir \u00fcst seviyeye ta\u015f\u0131mak ad\u0131na att\u0131\u011f\u0131m\u0131z sa\u011flam ad\u0131mlar\u0131n bir yans\u0131mas\u0131d\u0131r. Bu \u00f6nemli ad\u0131m\u0131n \u00fcniversitemizin akademik vizyonunu daha da g\u00fc\u00e7lendirece\u011fine ve hep birlikte, daha nice b\u00fcy\u00fck ba\u015far\u0131lara imza ataca\u011f\u0131m\u0131za inan\u0131yorum.\u201d dedi.<\/p>\n\n\n\n<p>Akdeniz \u00dcniversitesi Rekt\u00f6rl\u00fc\u011f\u00fc \/ B\u00fclten<\/p>\n","protected":false},"excerpt":{"rendered":"<p>\u0130lklere imza atan, yapt\u0131\u011f\u0131 \u00e7al\u0131\u015fmalarla bilim d\u00fcnyas\u0131nda \u00e7\u0131\u011f\u0131r a\u00e7an Akdeniz \u00dcniversitesi, Y\u00fcksek\u00f6\u011fretim Kurulu&#8217;nun 2021&#8217;de ba\u015flatt\u0131\u011f\u0131 \u201cAra\u015ft\u0131rma \u00dcniversiteleri&#8221; uygulamas\u0131 kapsam\u0131nda Ara\u015ft\u0131rma \u00dcniversitesi Aday \u0130zleme Program\u0131&#8217;na dahil <a href=\"https:\/\/akdenizhaber.com.tr\/index.php\/2023\/12\/16\/akdeniz-universitesi-yok-tarafindan-arastirma-universitesi-aday-izleme-programina-alindi\/\" class=\"read-more-link\">[more&#8230;]<\/a><\/p>\n","protected":false},"author":2,"featured_media":18741,"comment_status":"open","ping_status":"open","sticky":false,"template":"","format":"standard","meta":{"footnotes":""},"categories":[2],"tags":[],"class_list":["post-18740","post","type-post","status-publish","format-standard","has-post-thumbnail","hentry","category-gundem"],"_links":{"self":[{"href":"https:\/\/akdenizhaber.com.tr\/index.php\/wp-json\/wp\/v2\/posts\/18740","targetHints":{"allow":["GET"]}}],"collection":[{"href":"https:\/\/akdenizhaber.com.tr\/index.php\/wp-json\/wp\/v2\/posts"}],"about":[{"href":"https:\/\/akdenizhaber.com.tr\/index.php\/wp-json\/wp\/v2\/types\/post"}],"author":[{"embeddable":true,"href":"https:\/\/akdenizhaber.com.tr\/index.php\/wp-json\/wp\/v2\/users\/2"}],"replies":[{"embeddable":true,"href":"https:\/\/akdenizhaber.com.tr\/index.php\/wp-json\/wp\/v2\/comments?post=18740"}],"version-history":[{"count":0,"href":"https:\/\/akdenizhaber.com.tr\/index.php\/wp-json\/wp\/v2\/posts\/18740\/revisions"}],"wp:featuredmedia":[{"embeddable":true,"href":"https:\/\/akdenizhaber.com.tr\/index.php\/wp-json\/wp\/v2\/media\/18741"}],"wp:attachment":[{"href":"https:\/\/akdenizhaber.com.tr\/index.php\/wp-json\/wp\/v2\/media?parent=18740"}],"wp:term":[{"taxonomy":"category","embeddable":true,"href":"https:\/\/akdenizhaber.com.tr\/index.php\/wp-json\/wp\/v2\/categories?post=18740"},{"taxonomy":"post_tag","embeddable":true,"href":"https:\/\/akdenizhaber.com.tr\/index.php\/wp-json\/wp\/v2\/tags?post=18740"}],"curies":[{"name":"wp","href":"https:\/\/api.w.org\/{rel}","templated":true}]}}