{"id":18737,"date":"2023-12-15T14:17:40","date_gmt":"2023-12-15T11:17:40","guid":{"rendered":"https:\/\/akdenizhaber.com.tr\/?p=18737"},"modified":"2023-12-15T14:17:41","modified_gmt":"2023-12-15T11:17:41","slug":"manavgat-yukari-isiklarin-su-sorunu-cozuluyor","status":"publish","type":"post","link":"https:\/\/akdenizhaber.com.tr\/index.php\/2023\/12\/15\/manavgat-yukari-isiklarin-su-sorunu-cozuluyor\/","title":{"rendered":"Manavgat Yukar\u0131 I\u015f\u0131klar\u2019\u0131n su sorunu \u00e7\u00f6z\u00fcl\u00fcyor"},"content":{"rendered":"\n<p><\/p>\n\n\n\n<p>Antalya B\u00fcy\u00fck\u015fehir Belediyesi, Manavgat&#8217;\u0131n Yukar\u0131 I\u015f\u0131klar Mahallesi&#8217;nin i\u00e7me suyu sorununu 7 kilometrelik yeni bir hat d\u00f6\u015feyerek, \u00e7\u00f6z\u00fcme kavu\u015fturuyor.<\/p>\n\n\n\n<p>Antalya B\u00fcy\u00fck\u015fehir Belediyesi ASAT Genel M\u00fcd\u00fcrl\u00fc\u011f\u00fc, Manavgat Yukar\u0131 I\u015f\u0131klar Mahallesi&#8217;nin y\u0131llard\u0131r kanayan yaras\u0131 haline gelen su sorununa ne\u015fteri vurdu. ASAT ekipleri, uzun s\u00fcredir su s\u0131k\u0131nt\u0131s\u0131 ya\u015fayan mahallenin sorununu yeni hat d\u00f6\u015feyerek \u00e7\u00f6z\u00fcme kavu\u015fturuyor.\u015eelale su temin b\u00f6lgesinden Yukar\u0131 I\u015f\u0131klar Mahallesi\u2019ne d\u00f6\u015fenen 7 kilometrelik yeni su hatt\u0131 ile birlikte i\u00e7me suyu deposuna su getiriliyor. Su sorunlar\u0131n\u0131n sona ermesini d\u00f6rt g\u00f6zle bekleyen mahalle sakinleri, \u00e7al\u0131\u015fmadan duyduklar\u0131 memnuniyeti dile getirerek, Ba\u015fkan Muhittin B\u00f6cek&#8217;e te\u015fekk\u00fcr etti.&nbsp;<\/p>\n\n\n\n<p>Antalya B\u00fcy\u00fck\u015fehir Belediyesi \/ B\u00fclten<\/p>\n","protected":false},"excerpt":{"rendered":"<p>Antalya B\u00fcy\u00fck\u015fehir Belediyesi, Manavgat&#8217;\u0131n Yukar\u0131 I\u015f\u0131klar Mahallesi&#8217;nin i\u00e7me suyu sorununu 7 kilometrelik yeni bir hat d\u00f6\u015feyerek, \u00e7\u00f6z\u00fcme kavu\u015fturuyor. Antalya B\u00fcy\u00fck\u015fehir Belediyesi ASAT Genel M\u00fcd\u00fcrl\u00fc\u011f\u00fc, Manavgat <a href=\"https:\/\/akdenizhaber.com.tr\/index.php\/2023\/12\/15\/manavgat-yukari-isiklarin-su-sorunu-cozuluyor\/\" class=\"read-more-link\">[more&#8230;]<\/a><\/p>\n","protected":false},"author":2,"featured_media":18738,"comment_status":"open","ping_status":"open","sticky":false,"template":"","format":"standard","meta":{"footnotes":""},"categories":[2],"tags":[],"class_list":["post-18737","post","type-post","status-publish","format-standard","has-post-thumbnail","hentry","category-gundem"],"_links":{"self":[{"href":"https:\/\/akdenizhaber.com.tr\/index.php\/wp-json\/wp\/v2\/posts\/18737","targetHints":{"allow":["GET"]}}],"collection":[{"href":"https:\/\/akdenizhaber.com.tr\/index.php\/wp-json\/wp\/v2\/posts"}],"about":[{"href":"https:\/\/akdenizhaber.com.tr\/index.php\/wp-json\/wp\/v2\/types\/post"}],"author":[{"embeddable":true,"href":"https:\/\/akdenizhaber.com.tr\/index.php\/wp-json\/wp\/v2\/users\/2"}],"replies":[{"embeddable":true,"href":"https:\/\/akdenizhaber.com.tr\/index.php\/wp-json\/wp\/v2\/comments?post=18737"}],"version-history":[{"count":0,"href":"https:\/\/akdenizhaber.com.tr\/index.php\/wp-json\/wp\/v2\/posts\/18737\/revisions"}],"wp:featuredmedia":[{"embeddable":true,"href":"https:\/\/akdenizhaber.com.tr\/index.php\/wp-json\/wp\/v2\/media\/18738"}],"wp:attachment":[{"href":"https:\/\/akdenizhaber.com.tr\/index.php\/wp-json\/wp\/v2\/media?parent=18737"}],"wp:term":[{"taxonomy":"category","embeddable":true,"href":"https:\/\/akdenizhaber.com.tr\/index.php\/wp-json\/wp\/v2\/categories?post=18737"},{"taxonomy":"post_tag","embeddable":true,"href":"https:\/\/akdenizhaber.com.tr\/index.php\/wp-json\/wp\/v2\/tags?post=18737"}],"curies":[{"name":"wp","href":"https:\/\/api.w.org\/{rel}","templated":true}]}}