{"id":18731,"date":"2023-12-15T14:14:37","date_gmt":"2023-12-15T11:14:37","guid":{"rendered":"https:\/\/akdenizhaber.com.tr\/?p=18731"},"modified":"2023-12-15T14:14:38","modified_gmt":"2023-12-15T11:14:38","slug":"antalyada-yerlesik-yabanci-sayisi-167-binden-125-bine-dustu","status":"publish","type":"post","link":"https:\/\/akdenizhaber.com.tr\/index.php\/2023\/12\/15\/antalyada-yerlesik-yabanci-sayisi-167-binden-125-bine-dustu\/","title":{"rendered":"Antalya&#8217;da yerle\u015fik yabanc\u0131 say\u0131s\u0131 167 binden 125 bine d\u00fc\u015ft\u00fc!"},"content":{"rendered":"\n<p><\/p>\n\n\n\n<p>Antalya&#8217;da yerle\u015fik yabanc\u0131 ya\u015famada son noktay\u0131 Antalya Valisi Hulusi \u015eahin koydu.&nbsp; Antalya&#8217;da son bir y\u0131l i\u00e7inde yerle\u015fik yabanc\u0131 say\u0131s\u0131nda 42 bin azalma oldu. Yerle\u015fik yabanc\u0131 say\u0131s\u0131 167 binden 125 bine d\u00fc\u015ft\u00fc.<\/p>\n\n\n\n<p>&nbsp;&nbsp; Antalya&#8217;da baz\u0131 kamu kurumlar\u0131, odalar ve belediyelerden gelen Antalya&#8217;da ya\u015fayan yerle\u015fik yabanc\u0131 say\u0131s\u0131n\u0131n 100 \u00fclkeden 150 bin 200 bin yerle\u015fik yabanc\u0131n\u0131n ya\u015fad\u0131\u011f\u0131 s\u00f6zlerinin ger\u00e7e\u011fi yans\u0131tmad\u0131\u011f\u0131 ortaya \u00e7\u0131kt\u0131.<\/p>\n\n\n\n<p>&nbsp;&nbsp;&nbsp; Pandemi \u00f6ncesi 2019 y\u0131l\u0131nda 16 milyon yabanc\u0131 turisti a\u011f\u0131rlayan T\u00fcrkiye turizminin ba\u015fkenti \u015fehri Antalya, turistlerin tatile gelmesi yan\u0131 s\u0131ra en fazla yerle\u015fik yabanc\u0131n\u0131n ya\u015fad\u0131\u011f\u0131 \u015fehirlerin ba\u015f\u0131nda geliyor.<\/p>\n\n\n\n<p>&nbsp; Rusya&#8217;n\u0131n Ukrayna&#8217;ya sald\u0131rmas\u0131 sonras\u0131 Antalya&#8217;ya yerle\u015fen yabanc\u0131lar\u0131n ba\u015f\u0131nda Ruslar ile Ukraynal\u0131lar geliyor. Ruslar ve Ukraynal\u0131lar\u0131n Antalyada birlikte ya\u015fad\u0131\u011f\u0131 yer merkez Konyaalt\u0131 il\u00e7esi .<\/p>\n\n\n\n<p>&nbsp;Antalya&nbsp; Valisi Hulusi \u015eahin; \u201cAntalya\u2019da ya\u015fayan yerle\u015fik yabanc\u0131 say\u0131s\u0131, 125 bin oldu\u011funu s\u00f6yledi. Antalya&#8217;da yerle\u015fik yabanc\u0131 say\u0131s\u0131n\u0131n&nbsp; son bir y\u0131l i\u00e7inde 167 binden 125 bine d\u00fc\u015ft\u00fc\u011f\u00fcn\u00fc s\u00f6yleyen Antalya Valisi Hulusi \u015eahin,&#8221; Antalya&#8217;da yerle\u015fik yabanc\u0131 say\u0131s\u0131 son bir y\u0131l i\u00e7inde 167 binden 125 bine d\u00fc\u015ft\u00fc..Bu rakam ile&nbsp; bir \u00f6nceki y\u0131la g\u00f6re, \u00e7ok ciddi bir azal\u0131\u015f g\u00f6sterdi. 167 binden, 125 bine inmi\u015f durumda. Antalya\u2019da en \u00e7ok ikamet izni alanlar\u0131n ba\u015f\u0131nda birinci s\u0131rada Rusya, 2\u2019nci s\u0131rada Kazakistan, 3\u2019\u00fcnc\u00fc s\u0131rada Ukrayna, 4\u2019\u00fcnc\u00fc s\u0131rada Almanya, 5\u2019inci s\u0131rada da K\u0131rg\u0131zistan uyruklu ki\u015filer yer al\u0131yor. Bunlar yasal olarak ikamet izni alm\u0131\u015f ki\u015filer. Yasal olarak Antalya\u2019da ikamet izni ile kalan ki\u015filerin herhangi bir ticaret yapma hakk\u0131 yoktur. Bunun i\u00e7in \u00c7al\u0131\u015fma Bakanl\u0131\u011f\u0131ndan izin almalar\u0131 gerekiyor. E\u011fer b\u00f6yle bir ticari faaliyette bulunuyorlarsa, taksicilik, berberlik yap\u0131yorlarsa, g\u00fczellik salonu i\u015fletiyorlarsa; bu su\u00e7tur. Bunlarla ilgili \u00e7ok s\u0131k\u0131 tedbirler al\u0131yoruz. Bu konuda vatanda\u015flar\u0131m\u0131z da izinsiz ticari faaliyette bulunan yabanc\u0131lar\u0131 emniyet birimlerimize ihbar edebilirler. Hep birlikte b\u00fcy\u00fck bir kararl\u0131l\u0131kla d\u00fczensiz g\u00f6\u00e7le m\u00fccadele etmeye devam edece\u011fiz.\u201d diye konu\u015ftu.<\/p>\n\n\n\n<p>\u00d6te Yandan Antalya&#8217;da fazla yerle\u015fik yabanc\u0131 ya\u015famas\u0131 nedeni ile devlet memurlar\u0131 ev kiralamada zorluk \u00e7ekmesi , kiral\u0131k ev bulmada zorluk \u00e7ekme ,bulsa da kiralar\u0131n pahal\u0131 olmas\u0131 nedeni ile Antalya&#8217;ya tayinlerinin \u00e7\u0131kmas\u0131ndan korkar hale gelmi\u015fti.<\/p>\n\n\n\n<p>Abdurrahman B\u00fcy\u00fckkeskin \/ B\u00fclten<\/p>\n","protected":false},"excerpt":{"rendered":"<p>Antalya&#8217;da yerle\u015fik yabanc\u0131 ya\u015famada son noktay\u0131 Antalya Valisi Hulusi \u015eahin koydu.&nbsp; Antalya&#8217;da son bir y\u0131l i\u00e7inde yerle\u015fik yabanc\u0131 say\u0131s\u0131nda 42 bin azalma oldu. Yerle\u015fik yabanc\u0131 <a href=\"https:\/\/akdenizhaber.com.tr\/index.php\/2023\/12\/15\/antalyada-yerlesik-yabanci-sayisi-167-binden-125-bine-dustu\/\" class=\"read-more-link\">[more&#8230;]<\/a><\/p>\n","protected":false},"author":2,"featured_media":18732,"comment_status":"open","ping_status":"open","sticky":false,"template":"","format":"standard","meta":{"footnotes":""},"categories":[2],"tags":[],"class_list":["post-18731","post","type-post","status-publish","format-standard","has-post-thumbnail","hentry","category-gundem"],"_links":{"self":[{"href":"https:\/\/akdenizhaber.com.tr\/index.php\/wp-json\/wp\/v2\/posts\/18731","targetHints":{"allow":["GET"]}}],"collection":[{"href":"https:\/\/akdenizhaber.com.tr\/index.php\/wp-json\/wp\/v2\/posts"}],"about":[{"href":"https:\/\/akdenizhaber.com.tr\/index.php\/wp-json\/wp\/v2\/types\/post"}],"author":[{"embeddable":true,"href":"https:\/\/akdenizhaber.com.tr\/index.php\/wp-json\/wp\/v2\/users\/2"}],"replies":[{"embeddable":true,"href":"https:\/\/akdenizhaber.com.tr\/index.php\/wp-json\/wp\/v2\/comments?post=18731"}],"version-history":[{"count":0,"href":"https:\/\/akdenizhaber.com.tr\/index.php\/wp-json\/wp\/v2\/posts\/18731\/revisions"}],"wp:featuredmedia":[{"embeddable":true,"href":"https:\/\/akdenizhaber.com.tr\/index.php\/wp-json\/wp\/v2\/media\/18732"}],"wp:attachment":[{"href":"https:\/\/akdenizhaber.com.tr\/index.php\/wp-json\/wp\/v2\/media?parent=18731"}],"wp:term":[{"taxonomy":"category","embeddable":true,"href":"https:\/\/akdenizhaber.com.tr\/index.php\/wp-json\/wp\/v2\/categories?post=18731"},{"taxonomy":"post_tag","embeddable":true,"href":"https:\/\/akdenizhaber.com.tr\/index.php\/wp-json\/wp\/v2\/tags?post=18731"}],"curies":[{"name":"wp","href":"https:\/\/api.w.org\/{rel}","templated":true}]}}