{"id":18704,"date":"2023-12-15T13:29:16","date_gmt":"2023-12-15T10:29:16","guid":{"rendered":"https:\/\/akdenizhaber.com.tr\/?p=18704"},"modified":"2023-12-15T13:29:16","modified_gmt":"2023-12-15T10:29:16","slug":"13-aralik-1917-antalyanin-makus-tarihinin-degistigi-gun-konferansi-duzenlendi","status":"publish","type":"post","link":"https:\/\/akdenizhaber.com.tr\/index.php\/2023\/12\/15\/13-aralik-1917-antalyanin-makus-tarihinin-degistigi-gun-konferansi-duzenlendi\/","title":{"rendered":"13 Aral\u0131k 1917 Antalya&#8217;n\u0131n Makus Tarihinin De\u011fi\u015fti\u011fi G\u00fcn Konferans\u0131 d\u00fczenlendi"},"content":{"rendered":"\n<p><\/p>\n\n\n\n<p>Akdeniz \u00dcniversitesi Sa\u011fl\u0131k, K\u00fclt\u00fcr ve Spor Dairesi Ba\u015fkanl\u0131\u011f\u0131 ba\u011fl\u0131 Sualt\u0131 \u00d6\u011frenci Toplulu\u011fu taraf\u0131ndan 13 Aral\u0131k 1917 Antalya&#8217;n\u0131n Makus Tarihinin De\u011fi\u015fti\u011fi G\u00fcn Konferans\u0131 d\u00fczenlendi.<\/p>\n\n\n\n<p>Atat\u00fcrk Konferans Salonu\u2019nda d\u00fczenlenen 13 Aral\u0131k 1917 Antalya&#8217;n\u0131n Makus Tarihinin De\u011fi\u015fti\u011fi G\u00fcn Konferans\u0131na Akdeniz \u00dcniversitesi Su \u00dcr\u00fcnleri Fak\u00fcltesi Su \u00dcr\u00fcnleri Yeti\u015ftiricili\u011fi B\u00f6l\u00fcm\u00fc \u00d6\u011fretim \u00dcyesi Prof. Dr. Mehmet G\u00f6ko\u011flu, Edebiyat Fak\u00fcltesi Tarih B\u00f6l\u00fcm\u00fc \u00d6\u011fretim \u00dcyesi Prof. Dr. G\u00fcven Din\u00e7, Tarih\u00e7i Ramazan Kar, Alt\u0131n Cankurtaran E\u011fitmeni Adnan B\u00fcy\u00fck konu\u015fmac\u0131 olarak kat\u0131ld\u0131. Konferansta konu\u015fmac\u0131lar Meis Liman\u0131&#8217;nda demirli deniz u\u00e7a\u011f\u0131 gemisi Ben My Cheer\u2019i d\u00fcnya sava\u015f tarihinde bir ilki ba\u015fararak karadan at\u0131\u015fla bat\u0131ran ve Birinci D\u00fcnya Sava\u015f\u0131 s\u0131ras\u0131nda askerleriyle Kemer A\u011fva koyunda Frans\u0131z sava\u015f gemisi Paris 2&#8217;yi bat\u0131ran Top\u00e7u Y\u00fczba\u015f\u0131 Mustafa Ertu\u011frul Aker an\u0131ld\u0131.<\/p>\n\n\n\n<p>MUSTAFA ERTU\u011eRUL AKER KEMER\u2019DE YA\u015eATILIYOR<\/p>\n\n\n\n<p>Kemer\u2019de ilerleyen g\u00fcnlerde K\u00fclt\u00fcr Merkezi a\u00e7acaklar\u0131n\u0131 s\u00f6yleyen Ramazan Kar \u201cKemer ve Antalya tarihin anlatan belgelerden olu\u015fan bir k\u00fclt\u00fcr merkezi olacak. Bu topraklarda ya\u015fayan vatanda\u015flar\u0131m\u0131z\u0131n bu vatana borcu var. Top\u00e7u Y\u00fczba\u015f\u0131 Mustafa Ertu\u011frul Aker, \u00c7anakkale Sava\u015f\u0131\u2019nda kahramanlar\u0131m\u0131zdan birisidir. A\u00e7acak oldu\u011fumuz k\u00fclt\u00fcr merkezinde Top\u00e7u Y\u00fczba\u015f\u0131 Mustafa Ertu\u011frul Aker ile ilgili hat\u0131ralar, belgeler ve bilgiler yer alacak. Top\u00e7u Y\u00fczba\u015f\u0131 Mustafa Ertu\u011frul Aker\u2019in \u00c7anakkale Sava\u015f\u0131\u2019nda ve Kurtulu\u015f Sava\u015f\u0131\u2019nda kulland\u0131\u011f\u0131 Frans\u0131z Sava\u015f gemisi Paris 2 ve batan ilk u\u00e7ak gemisi olan Ben My Cheer\u2019i bat\u0131r\u0131rken kulland\u0131\u011f\u0131 d\u00fcrb\u00fcn de ailesi taraf\u0131ndan bize verildi bu da k\u00fclt\u00fcr merkezinde yer alacak. Tarihi ara\u015ft\u0131r\u0131p \u00f6\u011frenelim. Ayn\u0131 merkezimizde 1927 tarih bas\u0131ml\u0131 orijinal Nutuk da yer alacak.\u201d dedi.<\/p>\n\n\n\n<p>\u0130NG\u0130L\u0130Z VE FRANSIZ GEM\u0130LER\u0130N\u0130 BATIRAN MUSTAFA ERTU\u011eRUL AKER<\/p>\n\n\n\n<p>Birinci D\u00fcnya Sava\u015f\u0131 hakk\u0131nda bilgiler veren Edebiyat Fak\u00fcltesi Tarih B\u00f6l\u00fcm\u00fc \u00d6\u011fretim \u00dcyesi Prof. Dr. G\u00fcven Din\u00e7, \u201cBirinci D\u00fcnya Sava\u015f\u0131\u2019nda Top\u00e7u Y\u00fczba\u015f\u0131 Mustafa Ertu\u011frul Aker\u2019e verilen g\u00f6rev Antalya\u2019n\u0131n bat\u0131s\u0131nda bulunan Kemer ve Ka\u015f\u2019ta bulunan \u0130ngiliz ve Frans\u0131z gemilerini bertaraf etmek. Ama ilk ba\u015fta onlara kar\u015f\u0131 koyacak cephanesi yoktu sonras\u0131nda Bat\u0131 Cephesinden getirilen 4 tane topla birlikte bunu ger\u00e7ekle\u015ftirdi. \u0130ngiliz ve Frans\u0131zlar o d\u00f6nemlerde kendilerine top at\u0131\u015f\u0131 ger\u00e7ekle\u015ftirilece\u011fini d\u00fc\u015f\u00fcnm\u00fcyorlar ama \u00e7e\u015fitli zorluklarla 4 top at\u0131\u015f\u0131n yap\u0131ld\u0131\u011f\u0131 buruna getirilip yerle\u015ftiriliyor. Mustafa Ertu\u011frul\u2019un bat\u0131rd\u0131\u011f\u0131 gemiler var g\u00fcn\u00fcm\u00fczde de zafer olarak an\u0131yoruz, kutluyoruz. Bunlardan birisi Ben My Cheer\u2019i gemisi Birinci D\u00fcnya Sava\u015f\u0131 ba\u015flad\u0131\u011f\u0131nda sava\u015f gemisi oluyor. Ege\u2019de \u00c7anakkale sular\u0131nda devriye at\u0131yor geri \u00e7ekilme s\u0131ras\u0131nda da kullan\u0131l\u0131yor. 1917 y\u0131l\u0131nda Mustafa Ertu\u011frul taraf\u0131ndan bat\u0131r\u0131lan gemi 1920 y\u0131l\u0131nda \u0130talyanlar taraf\u0131ndan hurdaya \u00e7\u0131kar\u0131l\u0131yor. Mustafa Ertu\u011frul ve ekibi taraf\u0131ndan at\u0131lan toplar bu gemiyi bat\u0131r\u0131yor. Hala denizin alt\u0131nda bulunan Paris 2 gemisi de Mustafa Ertu\u011frul ve askerleri taraf\u0131ndan 13 Aral\u0131k 1917\u2019de Kemer yak\u0131nlar\u0131ndaki A\u011fva koyunda bat\u0131rd\u0131\u011f\u0131 bu gemiyi top\u00e7u at\u0131\u015flar\u0131yla denize g\u00f6md\u00fc. Gemi komutan\u0131 dahil 17 m\u00fcrettebat\u0131 esir ald\u0131. Esirler tedavi edilip Fransa\u2019ya g\u00f6nderildi. Bug\u00fcn\u00fcn vesilesiyle bu topraklar i\u00e7in can\u0131n\u0131 ortaya koymu\u015f gazilerimiz ve \u015fehitlerimiz ba\u015fta olmak \u00fczere Gazi Mustafa Kemal Atat\u00fcrk\u2019\u00fc rahmetle ve h\u00fcrmetle an\u0131yorum.\u201d \u015feklinde konu\u015ftu.<\/p>\n\n\n\n<p>HER YIL D\u00dcZENLENEN ETK\u0130NL\u0130KLER<\/p>\n\n\n\n<p>Vatan ve minnet borcu olarak ve bu vatan u\u011fruna topra\u011fa d\u00fc\u015fm\u00fc\u015f t\u00fcm \u015fehitler ve gaziler an\u0131s\u0131na etkinli\u011fi yapt\u0131klar\u0131n\u0131 s\u00f6yleyen Su \u00dcr\u00fcnleri Fak\u00fcltesi Su \u00dcr\u00fcnleri Yeti\u015ftiricili\u011fi B\u00f6l\u00fcm\u00fc \u00d6\u011fretim \u00dcyesi Prof. Dr. Mehmet G\u00f6ko\u011flu, \u201cBiz bu etkinli\u011fi her y\u0131l Nisan ay\u0131n\u0131n sonunda yap\u0131yoruz ve \u00f6\u011frencilerimizi Kemer\u2019e g\u00f6t\u00fcr\u00fcyoruz. Siberleri geziyoruz, dal\u0131\u015f yap\u0131yoruz ve koylarda temizlik yap\u0131yoruz. Etkinli\u011fimize katk\u0131da bulunan Kemer Belediyesi ve Kemer Kaymakaml\u0131\u011f\u0131na te\u015fekk\u00fcr ediyoruz.\u201d dedi.<\/p>\n\n\n\n<p>Alt\u0131n Cankurtaran E\u011fitmeni Adnan B\u00fcy\u00fck ise konu\u015fmas\u0131nda denizalt\u0131na yapt\u0131klar\u0131 dal\u0131\u015flardan g\u00f6r\u00fcnt\u00fcler g\u00f6stererek Paris 2 bat\u0131\u011f\u0131ndan bilgiler payla\u015ft\u0131.<\/p>\n\n\n\n<p>Konferans Top\u00e7u Y\u00fczba\u015f\u0131 Mustafa Ertu\u011frul Aker\u2019in belgesel g\u00f6sterimiyle sona erdi.<\/p>\n\n\n\n<p>Akdeniz \u00dcniversitesi Rekt\u00f6rl\u00fc\u011f\u00fc \/ B\u00fclten<\/p>\n","protected":false},"excerpt":{"rendered":"<p>Akdeniz \u00dcniversitesi Sa\u011fl\u0131k, K\u00fclt\u00fcr ve Spor Dairesi Ba\u015fkanl\u0131\u011f\u0131 ba\u011fl\u0131 Sualt\u0131 \u00d6\u011frenci Toplulu\u011fu taraf\u0131ndan 13 Aral\u0131k 1917 Antalya&#8217;n\u0131n Makus Tarihinin De\u011fi\u015fti\u011fi G\u00fcn Konferans\u0131 d\u00fczenlendi. Atat\u00fcrk Konferans <a href=\"https:\/\/akdenizhaber.com.tr\/index.php\/2023\/12\/15\/13-aralik-1917-antalyanin-makus-tarihinin-degistigi-gun-konferansi-duzenlendi\/\" class=\"read-more-link\">[more&#8230;]<\/a><\/p>\n","protected":false},"author":2,"featured_media":18705,"comment_status":"open","ping_status":"open","sticky":false,"template":"","format":"standard","meta":{"footnotes":""},"categories":[2],"tags":[],"class_list":["post-18704","post","type-post","status-publish","format-standard","has-post-thumbnail","hentry","category-gundem"],"_links":{"self":[{"href":"https:\/\/akdenizhaber.com.tr\/index.php\/wp-json\/wp\/v2\/posts\/18704","targetHints":{"allow":["GET"]}}],"collection":[{"href":"https:\/\/akdenizhaber.com.tr\/index.php\/wp-json\/wp\/v2\/posts"}],"about":[{"href":"https:\/\/akdenizhaber.com.tr\/index.php\/wp-json\/wp\/v2\/types\/post"}],"author":[{"embeddable":true,"href":"https:\/\/akdenizhaber.com.tr\/index.php\/wp-json\/wp\/v2\/users\/2"}],"replies":[{"embeddable":true,"href":"https:\/\/akdenizhaber.com.tr\/index.php\/wp-json\/wp\/v2\/comments?post=18704"}],"version-history":[{"count":0,"href":"https:\/\/akdenizhaber.com.tr\/index.php\/wp-json\/wp\/v2\/posts\/18704\/revisions"}],"wp:featuredmedia":[{"embeddable":true,"href":"https:\/\/akdenizhaber.com.tr\/index.php\/wp-json\/wp\/v2\/media\/18705"}],"wp:attachment":[{"href":"https:\/\/akdenizhaber.com.tr\/index.php\/wp-json\/wp\/v2\/media?parent=18704"}],"wp:term":[{"taxonomy":"category","embeddable":true,"href":"https:\/\/akdenizhaber.com.tr\/index.php\/wp-json\/wp\/v2\/categories?post=18704"},{"taxonomy":"post_tag","embeddable":true,"href":"https:\/\/akdenizhaber.com.tr\/index.php\/wp-json\/wp\/v2\/tags?post=18704"}],"curies":[{"name":"wp","href":"https:\/\/api.w.org\/{rel}","templated":true}]}}