{"id":18701,"date":"2023-12-14T12:37:00","date_gmt":"2023-12-14T09:37:00","guid":{"rendered":"https:\/\/akdenizhaber.com.tr\/?p=18701"},"modified":"2023-12-14T12:37:01","modified_gmt":"2023-12-14T09:37:01","slug":"kituyaddan-sezon-toplantisi","status":"publish","type":"post","link":"https:\/\/akdenizhaber.com.tr\/index.php\/2023\/12\/14\/kituyaddan-sezon-toplantisi\/","title":{"rendered":"K\u0131tuyad\u2019dan Sezon Toplant\u0131s\u0131"},"content":{"rendered":"\n<p><\/p>\n\n\n\n<p>K\u0131sa Ad\u0131 KITUYAD olan, K\u0131z\u0131la\u011fa\u00e7 Turizm Yat\u0131r\u0131mc\u0131lar\u0131 ve \u0130\u015fletmecileri Derne\u011fi \u00dcyeleri;&nbsp; dernek Onursal Ba\u015fkan\u0131 Zekai Ayd\u0131n\u2019\u0131n ev sahipli\u011fi ve Y\u00f6netim Kurulu Ba\u015fkan\u0131 Osman Ergin\u2019in Daveti ile sezonun de\u011ferlendirilmesi, 2024 sezonundan beklentiler ve sezonda ya\u015fanan olumsuzluklar\u0131n yeni sezonda ya\u015fanmamas\u0131 i\u00e7in al\u0131nacak \u00f6nlemler konusunu g\u00f6r\u00fc\u015fmek \u00fczere bir araya geldiler.&nbsp;<\/p>\n\n\n\n<p>Manavgat K\u0131z\u0131la\u011fa\u00e7 Turizm Merkezinde yap\u0131lan toplant\u0131da s\u00f6z alarak a\u00e7\u0131l\u0131\u015f konu\u015fmas\u0131n\u0131 yapan Ayd\u0131n; Antalya genelinde oldu\u011fu gibi Manavgat\u2019ta da sezonda ya\u015fanan olumsuzluklardan ba\u015fta sivrisinek, karasinek ile m\u00fccadele i\u00e7in sezon \u00f6ncesi tedbirlerin al\u0131nmas\u0131 gerekti\u011fini s\u00f6yledi.&nbsp;&nbsp;<\/p>\n\n\n\n<p>&nbsp;&nbsp;&nbsp;&nbsp;&nbsp;&nbsp;&nbsp;&nbsp;&nbsp;&nbsp;&nbsp;&nbsp;&nbsp;&nbsp;&nbsp; S\u00f6zlerine, K\u0131z\u0131la\u011fa\u00e7 Turizm Merkezi\u2019nin do\u011fusunda Nifrit Deresi, bat\u0131s\u0131nda Karpuz deresi, kuzeyinde ise k\u00f6y yerle\u015fim alan\u0131n\u0131 bulunmaktad\u0131r. Tesislerin altyap\u0131lar\u0131ndaki yap\u0131sal eksikliklere ra\u011fmen otelcilerin \u0131slak ve kuru \u00e7\u00f6plerini d\u00fc\u015f\u00fck ve y\u00fcksek sezonda kontrol etme \u00e7abalar\u0131; k\u00f6y i\u00e7erisinde ayn\u0131 hassasiyetin g\u00f6sterilmemesi nedeni ile yetersiz kalmaktad\u0131r. Bu t\u00fcr olumsuzluklarda b\u00f6lgede vekt\u00f6r art\u0131\u015f\u0131 ya\u015fanmas\u0131na sebebiyet vermektedir.<\/p>\n\n\n\n<p>B\u00f6lge de kar\u015f\u0131la\u015f\u0131lan ve 2023 sezonun da ya\u015fanan olumsuzluklar\u0131n; 2024 sezonunda tekrar etmemesi i\u00e7inde; sinek, sivrisinek ve di\u011fer ha\u015ferelerin \u00fcreme sezonu ba\u015flamadan \u00f6nce vekt\u00f6rel m\u00fccadelenin bir an \u00f6nce ba\u015flat\u0131lmas\u0131 ve bu m\u00fccadeleye tesislerin t\u00fcm\u00fcn\u00fcn kat\u0131larak, k\u00f6y i\u00e7inin de dahil edilmesi ile \u00e7\u00f6z\u00fcm bulunabilece\u011fini, bunun i\u00e7inde faaliyetlerinin durdurularak, kapat\u0131lmas\u0131 d\u00fc\u015f\u00fcn\u00fclen ve birka\u00e7 ki\u015finin \u00e7abas\u0131 ile ayakta durmaya \u00e7al\u0131\u015fan derne\u011fin b\u00f6lge de birlik konusunda yeniden aktif g\u00f6rev almas\u0131 gerekmektedir\u201d dedi.<\/p>\n\n\n\n<p>Konu\u015fmas\u0131n\u0131n sonunda 2023 Y\u0131l\u0131 sezonuna da de\u011finen Ayd\u0131n, sezon \u00f6ncesi ya\u015fanan deprem facias\u0131na ra\u011fmen; erken toparlan\u0131p, artan maliyetlere direnerek, g\u00fczel bir sezon ge\u00e7irdik. \u0130srail \u2013 Filistin ve devam etmekte olan Ukrayna &#8211; Rusya Sava\u015f\u0131na ra\u011fmen ba\u015fka bir olumsuz bir durum ya\u015fanmamas\u0131 durumunda 2024 sezonunun bu seneden daha iyi olaca\u011f\u0131n\u0131 tahmin ediyoruz. Bunu da ge\u00e7en y\u0131l Kas\u0131m ay\u0131 rezervasyonlar\u0131 ile bu y\u0131l\u0131n kas\u0131m ay\u0131 rezervasyonlar\u0131 aras\u0131ndaki y\u00fczde yirmilik art\u0131\u015f\u0131n devam edece\u011fi umuduyla s\u00f6yl\u00fcyoruz. Kat\u0131l\u0131mlar\u0131 i\u00e7in herkese te\u015fekk\u00fcr ediyorum. Diyerek s\u00f6zlerini tamamlad\u0131.&nbsp; &nbsp;&nbsp;&nbsp;&nbsp;&nbsp;&nbsp;&nbsp;<\/p>\n\n\n\n<p>Toplant\u0131 da K\u0131z\u0131la\u011fa\u00e7 Turizm Merkezinde bir araya gelen konuklar\u0131n g\u00fcndeme dair bilgilerine ba\u015fvurulurken, g\u00fcndem d\u0131\u015f\u0131 olarak ta; 2024 Y\u0131l\u0131 Genel Kurul \u00f6ncesi derne\u011fin faaliyetlerinin devam etmesi ve kapat\u0131lmas\u0131 konusunda tek tek fikirleri al\u0131nd\u0131. Toplant\u0131ya kat\u0131lanlar ayn\u0131 zamanda kendi otelleri ve b\u00f6lge baz\u0131nda sezon de\u011ferlendirmelerini yaparak, tesislerinin gelecek sezon programlar\u0131 hakk\u0131nda da bilgi verdiler.<\/p>\n\n\n\n<p>K\u0131tuyad Y\u00f6netim Kurulu Ba\u015fkan\u0131 Osman Ergin ise; ne yaz\u0131k ki; ge\u00e7mi\u015finde b\u00f6lgenin alt yap\u0131s\u0131na ili\u015fkin; ar\u0131tma, \u00e7evre, yol, su, elektrik ve benzeri yat\u0131r\u0131mlar\u0131n h\u0131zland\u0131r\u0131lmas\u0131nda aktif rol alm\u0131\u015f ve 1998 den beri faaliyetini s\u00fcrd\u00fcrmekte olan bir derne\u011fin faaliyetlerinin sona erdirilmesi g\u00fcndeme gelmi\u015ftir.<\/p>\n\n\n\n<p>Oysa ki; derne\u011fimizde; y\u00f6netim kurulu \u00fcyelerimiz, g\u00f6n\u00fcll\u00fcl\u00fck esas\u0131 ile hizmet etmekte ve huzur hakk\u0131 almamaktad\u0131r. Derne\u011fimizin zaruri harcamalar\u0131 i\u00e7in sadece; y\u0131lda bir defa ve c\u00fczi miktarda yine g\u00f6n\u00fcll\u00fcl\u00fck usul\u00fc ile al\u0131nan aidatlar ise ancak bir elin parmaklar\u0131 etmeyecek say\u0131da tesis taraf\u0131ndan banka hesab\u0131m\u0131za \u00f6denmektedir. 38000 yatak kapasiteli Sezon da 8000 personel \u00e7al\u0131\u015fan ve y\u0131ll\u0131k 250.000.000 Euro \u00fczerinde turizm gelirinin elde edildi\u011fi bir b\u00f6lge de k\u00fc\u00e7\u00fck hesaplarla b\u00fcy\u00fck hedeflere ula\u015f\u0131lamaz. Bu nedenle ilk yap\u0131lan genel kurul da; b\u00f6lgedeki t\u00fcm tesislerin tamam\u0131n\u0131n kat\u0131l\u0131m\u0131 ile yeni bir y\u00f6netim ve yeni y\u00fczlerle, birlik yeniden sa\u011flanmal\u0131 ya da di\u011fer \u00fc\u00e7 be\u015f tesisimizde art\u0131k bu y\u00fckten kurtar\u0131lmal\u0131d\u0131r. Diyen Ergin, sezonda ya\u015fan\u0131lan sorunlar\u0131n en \u00f6nemlisi olarak, bilindi\u011fi \u00fczere; d\u00fcnya da ya\u015fanan pandemi ile birlikte b\u00f6lgemizde \u00f6rt\u00fc alt\u0131 serac\u0131l\u0131\u011f\u0131n\u0131n artmas\u0131 ve sonras\u0131nda 21 Temmuz 2021 tarihinde ya\u015fad\u0131\u011f\u0131m\u0131z \u201cB\u00fcy\u00fck Manavgat Yang\u0131n\u0131\u201d&nbsp; ile iklimsel de\u011fi\u015fikliklerin etkileri, entegre vekt\u00f6r m\u00fccadelesi zorla\u015fm\u0131\u015ft\u0131r. Yine yang\u0131nlar\u0131n etkisi ile ormanlarda ya\u015fayan baz\u0131 eklem bacakl\u0131 zararl\u0131lar\u0131n insanlar\u0131n ya\u015fam alanlar\u0131na g\u00f6\u00e7 ettikleri g\u00f6r\u00fclmektedir.<\/p>\n\n\n\n<p>Karasinek pop\u00fclasyonunda ki art\u0131\u015f\u0131n b\u00f6lgede \u00e7o\u011falan muz seralar\u0131ndan kaynakl\u0131 oldu\u011funu belirten Ergin; her y\u0131l bak\u0131m i\u00e7in bir d\u00f6n\u00fcm seraya bir kamyon ke\u00e7i g\u00fcbresi kullan\u0131lmakta ve 1 kg hayvan g\u00fcbresinin de 15000 karasinek \u00fcremesine neden oldu\u011fu bilinmektedir. Y\u00fcksek sezonda her ne kadar d\u00fczenli olarak al\u0131nsa da; \u00e7\u00f6p kaynakl\u0131 karasinek art\u0131\u015flar\u0131n\u0131n \u00f6n\u00fcne ge\u00e7ilememektedir.&nbsp;&nbsp;<\/p>\n\n\n\n<p>\u00d6zellikle b\u00f6lgemizde 2022-2023 k\u0131\u015f aylar\u0131n\u0131n s\u0131cak ge\u00e7mesi ve May\u0131s-Haziran aylar\u0131nda ki sa\u011fanak ya\u011fmur kaynakl\u0131 su k\u00fctlelerinin \u00e7ok fazla yerde birikmesi sebebi ile Ochlerotatus cinsi sivrisinek pop\u00fclasyonunda da art\u0131\u015f olmu\u015ftur.<\/p>\n\n\n\n<p>Sonu\u00e7 olarak; toplant\u0131n\u0131n ba\u015f\u0131nda Zekai beyin de belirtti\u011fi gibi sezon \u00f6ncesi d\u00f6nemde k\u0131\u015flak vekt\u00f6r m\u00fccadelesinden ba\u015flayarak \u00f6nlemler al\u0131nmal\u0131d\u0131r. Bunun i\u00e7in de b\u00f6lgenin sorunlar\u0131n\u0131 ya\u015fayan ve bilenler olarak; vekt\u00f6r pop\u00fclasyonundaki art\u0131\u015flar\u0131n durdurabilmesi i\u00e7in B\u00fcy\u00fck\u015fehir Belediyesi \u00c7evre Sa\u011fl\u0131\u011f\u0131 ekibindeki profesyonellerin b\u00f6lgedeki vekt\u00f6r haritalamalar\u0131n\u0131 bu ger\u00e7ekler do\u011frultusunda revize ederek planlamalar\u0131n\u0131 yapmalar\u0131na yard\u0131mc\u0131 olunmal\u0131d\u0131r.<\/p>\n\n\n\n<p>Dernek olarak; anla\u015fmam\u0131z\u0131n devam etti\u011fi ve toplant\u0131 \u00f6ncesi verdi\u011fi bilgilerle bizi ayd\u0131nlatan Emrullah Yerli beyefendiye te\u015fekk\u00fcr ediyoruz. Mevcut durumda Saha \u0130la\u00e7lama ile 2023 May\u0131s ay\u0131nda yapm\u0131\u015f oldu\u011fumuz \u00e7evre ila\u00e7lama anla\u015fmas\u0131n\u0131n devam etti\u011fini, bir \u00f6nceki sene i\u00e7inde ya\u015fan\u0131lan vekt\u00f6r art\u0131\u015flar\u0131n\u0131n ya\u015fanmamas\u0131 i\u00e7in k\u0131\u015flak vekt\u00f6r m\u00fccadelesi kapsam\u0131nda larva ve erginlere y\u00f6nelik ila\u00e7lama programlar\u0131m\u0131za devam etmektedirler. Ba\u015fta bizleri misafir eden Zekai Ayd\u0131n Ba\u015fkan\u0131m\u0131za ve t\u00fcm kat\u0131l\u0131mc\u0131lara ayr\u0131ca te\u015fekk\u00fcr ediyorum, dedi.&nbsp;<\/p>\n\n\n\n<p>(Haber Merkezi)<\/p>\n","protected":false},"excerpt":{"rendered":"<p>K\u0131sa Ad\u0131 KITUYAD olan, K\u0131z\u0131la\u011fa\u00e7 Turizm Yat\u0131r\u0131mc\u0131lar\u0131 ve \u0130\u015fletmecileri Derne\u011fi \u00dcyeleri;&nbsp; dernek Onursal Ba\u015fkan\u0131 Zekai Ayd\u0131n\u2019\u0131n ev sahipli\u011fi ve Y\u00f6netim Kurulu Ba\u015fkan\u0131 Osman Ergin\u2019in Daveti <a href=\"https:\/\/akdenizhaber.com.tr\/index.php\/2023\/12\/14\/kituyaddan-sezon-toplantisi\/\" class=\"read-more-link\">[more&#8230;]<\/a><\/p>\n","protected":false},"author":2,"featured_media":18702,"comment_status":"open","ping_status":"open","sticky":false,"template":"","format":"standard","meta":{"footnotes":""},"categories":[2],"tags":[],"class_list":["post-18701","post","type-post","status-publish","format-standard","has-post-thumbnail","hentry","category-gundem"],"_links":{"self":[{"href":"https:\/\/akdenizhaber.com.tr\/index.php\/wp-json\/wp\/v2\/posts\/18701","targetHints":{"allow":["GET"]}}],"collection":[{"href":"https:\/\/akdenizhaber.com.tr\/index.php\/wp-json\/wp\/v2\/posts"}],"about":[{"href":"https:\/\/akdenizhaber.com.tr\/index.php\/wp-json\/wp\/v2\/types\/post"}],"author":[{"embeddable":true,"href":"https:\/\/akdenizhaber.com.tr\/index.php\/wp-json\/wp\/v2\/users\/2"}],"replies":[{"embeddable":true,"href":"https:\/\/akdenizhaber.com.tr\/index.php\/wp-json\/wp\/v2\/comments?post=18701"}],"version-history":[{"count":0,"href":"https:\/\/akdenizhaber.com.tr\/index.php\/wp-json\/wp\/v2\/posts\/18701\/revisions"}],"wp:featuredmedia":[{"embeddable":true,"href":"https:\/\/akdenizhaber.com.tr\/index.php\/wp-json\/wp\/v2\/media\/18702"}],"wp:attachment":[{"href":"https:\/\/akdenizhaber.com.tr\/index.php\/wp-json\/wp\/v2\/media?parent=18701"}],"wp:term":[{"taxonomy":"category","embeddable":true,"href":"https:\/\/akdenizhaber.com.tr\/index.php\/wp-json\/wp\/v2\/categories?post=18701"},{"taxonomy":"post_tag","embeddable":true,"href":"https:\/\/akdenizhaber.com.tr\/index.php\/wp-json\/wp\/v2\/tags?post=18701"}],"curies":[{"name":"wp","href":"https:\/\/api.w.org\/{rel}","templated":true}]}}