{"id":18693,"date":"2023-12-14T12:34:30","date_gmt":"2023-12-14T09:34:30","guid":{"rendered":"https:\/\/akdenizhaber.com.tr\/?p=18693"},"modified":"2023-12-14T12:34:31","modified_gmt":"2023-12-14T09:34:31","slug":"yol-istedigimizden-guzel-oldu","status":"publish","type":"post","link":"https:\/\/akdenizhaber.com.tr\/index.php\/2023\/12\/14\/yol-istedigimizden-guzel-oldu\/","title":{"rendered":"Yol \u0130stedi\u011fimizden G\u00fczel Oldu"},"content":{"rendered":"\n<p><\/p>\n\n\n\n<p>Antalya B\u00fcy\u00fck\u015fehir Belediyesi, tek arac\u0131n ge\u00e7ebildi\u011fi G\u00fcndo\u011fmu\u015f Pembelik Mahallesi yolunu geni\u015fleterek, stabilize \u00e7al\u0131\u015fmalar\u0131n\u0131 tamamlad\u0131.<\/p>\n\n\n\n<p>K\u0131rsal mahallelerdeki yollar\u0131 daha konforlu hale getirmek i\u00e7in \u00e7al\u0131\u015fmalar\u0131n\u0131 s\u00fcrd\u00fcren Antalya B\u00fcy\u00fck\u015fehir Belediyesi K\u0131rsal Hizmetler Dairesi Ba\u015fkanl\u0131\u011f\u0131 ekipleri, 4 km\u2019lik Gazipa\u015fa Pembelik yolunda geni\u015fletme \u00e7al\u0131\u015fmas\u0131 ger\u00e7ekle\u015ftirdi. Yolda daha sonra stabilize \u00e7al\u0131\u015fmas\u0131 yap\u0131ld\u0131. Ekipler Kayab\u00fck\u00fc Mahallesi\u2019nde de belediyenin sorumluluk alan\u0131nda bulunan grup yollar\u0131nda \u015farampol temizli\u011fi ve alt yap\u0131 \u00e7al\u0131\u015fmas\u0131 ger\u00e7ekle\u015ftirdi.<\/p>\n\n\n\n<p>DAR YOL GEN\u0130\u015eLET\u0130LD\u0130<\/p>\n\n\n\n<p>\u00c7al\u0131\u015fmalar hakk\u0131nda bilgi veren Antalya B\u00fcy\u00fck\u015fehir Belediyesi K\u0131rsal Hizmetler Sorumlusu \u0130sa Akdemir, \u201cPembelik\u2019e giri\u015f yolu \u00e7ok dard\u0131. Bir ara\u00e7 zor ge\u00e7iyordu. Muhtar\u0131m\u0131z ve halk\u0131m\u0131z uzun s\u00fcredir yolun yap\u0131lmas\u0131n\u0131 istiyordu. Muhittin Ba\u015fkan\u0131m\u0131z\u0131n muhtarlar toplant\u0131s\u0131nda da bu yolla ilgili talepte bulunulmu\u015ftu. Yolu geni\u015flettik. 4 km yolu yeniden yapt\u0131k. \u00c7ok geni\u015f bir yolumuz oldu. \u015eu an stabilize yap\u0131yoruz. 2024 program\u0131nda da buran\u0131n asfalt\u0131n\u0131 yapaca\u011f\u0131z. Bu b\u00f6lgemizdeki vatanda\u015flara yolun hay\u0131rl\u0131 olmas\u0131n\u0131 diliyorum\u201d dedi.<\/p>\n\n\n\n<p>YOL \u0130STED\u0130\u011e\u0130M\u0130ZDEN G\u00dcZEL OLDU<\/p>\n\n\n\n<p>Pembelik Mahalle Muhtar\u0131 Muzaffer Do\u011faner de yolun daha \u00f6nce dar ve tehlikeli oldu\u011funu ifade ederek, \u201cYap\u0131lmadan \u00f6nce yolda iki arac\u0131n yan yana gitmesi m\u00fcmk\u00fcn de\u011fildi. \u00c7ukurlar y\u00fcz\u00fcnden ara\u00e7larda \u00f6n d\u00fczen kalm\u0131yordu. Muhittin Ba\u015fkan\u0131m\u0131z\u0131n sayesinde yolumuz \u00e7ok \u015fahane, \u00e7ok g\u00fczel oldu. Ana yol gibi oldu\u201d diye konu\u015ftu.<\/p>\n\n\n\n<p>Antalya B\u00fcy\u00fck\u015fehir Belediyesi \/ B\u00fclten<\/p>\n","protected":false},"excerpt":{"rendered":"<p>Antalya B\u00fcy\u00fck\u015fehir Belediyesi, tek arac\u0131n ge\u00e7ebildi\u011fi G\u00fcndo\u011fmu\u015f Pembelik Mahallesi yolunu geni\u015fleterek, stabilize \u00e7al\u0131\u015fmalar\u0131n\u0131 tamamlad\u0131. K\u0131rsal mahallelerdeki yollar\u0131 daha konforlu hale getirmek i\u00e7in \u00e7al\u0131\u015fmalar\u0131n\u0131 s\u00fcrd\u00fcren Antalya <a href=\"https:\/\/akdenizhaber.com.tr\/index.php\/2023\/12\/14\/yol-istedigimizden-guzel-oldu\/\" class=\"read-more-link\">[more&#8230;]<\/a><\/p>\n","protected":false},"author":2,"featured_media":18694,"comment_status":"open","ping_status":"open","sticky":false,"template":"","format":"standard","meta":{"footnotes":""},"categories":[2],"tags":[],"class_list":["post-18693","post","type-post","status-publish","format-standard","has-post-thumbnail","hentry","category-gundem"],"_links":{"self":[{"href":"https:\/\/akdenizhaber.com.tr\/index.php\/wp-json\/wp\/v2\/posts\/18693","targetHints":{"allow":["GET"]}}],"collection":[{"href":"https:\/\/akdenizhaber.com.tr\/index.php\/wp-json\/wp\/v2\/posts"}],"about":[{"href":"https:\/\/akdenizhaber.com.tr\/index.php\/wp-json\/wp\/v2\/types\/post"}],"author":[{"embeddable":true,"href":"https:\/\/akdenizhaber.com.tr\/index.php\/wp-json\/wp\/v2\/users\/2"}],"replies":[{"embeddable":true,"href":"https:\/\/akdenizhaber.com.tr\/index.php\/wp-json\/wp\/v2\/comments?post=18693"}],"version-history":[{"count":0,"href":"https:\/\/akdenizhaber.com.tr\/index.php\/wp-json\/wp\/v2\/posts\/18693\/revisions"}],"wp:featuredmedia":[{"embeddable":true,"href":"https:\/\/akdenizhaber.com.tr\/index.php\/wp-json\/wp\/v2\/media\/18694"}],"wp:attachment":[{"href":"https:\/\/akdenizhaber.com.tr\/index.php\/wp-json\/wp\/v2\/media?parent=18693"}],"wp:term":[{"taxonomy":"category","embeddable":true,"href":"https:\/\/akdenizhaber.com.tr\/index.php\/wp-json\/wp\/v2\/categories?post=18693"},{"taxonomy":"post_tag","embeddable":true,"href":"https:\/\/akdenizhaber.com.tr\/index.php\/wp-json\/wp\/v2\/tags?post=18693"}],"curies":[{"name":"wp","href":"https:\/\/api.w.org\/{rel}","templated":true}]}}