{"id":18690,"date":"2023-12-14T12:33:29","date_gmt":"2023-12-14T09:33:29","guid":{"rendered":"https:\/\/akdenizhaber.com.tr\/?p=18690"},"modified":"2023-12-14T12:33:29","modified_gmt":"2023-12-14T09:33:29","slug":"2023-yilinin-son-baka-toplantisi-antalyada-gerceklesti","status":"publish","type":"post","link":"https:\/\/akdenizhaber.com.tr\/index.php\/2023\/12\/14\/2023-yilinin-son-baka-toplantisi-antalyada-gerceklesti\/","title":{"rendered":"2023 Y\u0131l\u0131n\u0131n Son BAKA Toplant\u0131s\u0131 Antalya&#8217;da Ger\u00e7ekle\u015fti"},"content":{"rendered":"\n<p><\/p>\n\n\n\n<p><br>Bat\u0131 Akdeniz Kalk\u0131nma Ajans\u0131 (BAKA) Aral\u0131k Ay\u0131 Y\u00f6netim Kurulu Toplant\u0131s\u0131, Antalya Valili\u011fi&#8217;nde ger\u00e7ekle\u015ftirildi.<\/p>\n\n\n\n<p><br>2023 y\u0131l\u0131n\u0131n son BAKA Y\u00f6netim Kurulu toplant\u0131s\u0131 Antalya Valili\u011fi toplant\u0131 salonunda yap\u0131ld\u0131. Toplant\u0131ya Vali Hulusi \u015eahin, Isparta Valisi Ayd\u0131n Baru\u015f, Burdur Valisi T\u00fcrker \u00d6ks\u00fcz, Antalya Ticaret Odas\u0131 Ba\u015fkan\u0131 Ali Bahar, Antalya Ticaret Odas\u0131 Meclis Ba\u015fkan\u0131 Ahmet \u00d6zt\u00fcrk, Isparta Ticaret Odas\u0131 Ba\u015fkan\u0131 Metin \u00c7elik, Isparta Ticaret Odas\u0131 Meclis Ba\u015fkan\u0131 Akif Aslan, Burdur Ticaret Odas\u0131 Ba\u015fkan\u0131 Yusuf Keyik, Burdur Ticaret Odas\u0131 Meclis Ba\u015fkan\u0131 \u00d6mer \u00c7eliker ve BAKA Genel Sekreteri Volkan G\u00fcler kat\u0131ld\u0131.<\/p>\n\n\n\n<p><br>BAKA 608 Projeye Destek Verdi<br>Toplant\u0131da Antalya, Burdur ve Isparta illerinde 2024 y\u0131l\u0131nda yap\u0131lacak olan sa\u011fl\u0131k, spor, eko-turizm ve alternatif turizm projeleri masaya yat\u0131r\u0131ld\u0131. Bat\u0131 Akdeniz Kalk\u0131nma Ajans\u0131\u2019n\u0131n 2023 y\u0131l\u0131nda, 608 projeye destek vererek hayata ge\u00e7irildi\u011fi bilgisi verildi. Toplant\u0131da ayr\u0131ca giri\u015fimcilik ekosisteminin iyile\u015ftirilmesi, imalat sanayinin g\u00fc\u00e7lendirilmesi ve istihdam edilebilirli\u011fin art\u0131r\u0131lmas\u0131 alanlar\u0131nda 47 projeye imza at\u0131ld\u0131\u011f\u0131 belirtildi.<\/p>\n\n\n\n<p><br>Siber Vatan Program\u0131 \u00d6\u011frenci Yeti\u015ftiriyor<br>Bat\u0131 Akdeniz Kalk\u0131nma Ajans\u0131\u2019n\u0131n nitelikli i\u015fg\u00fcc\u00fc ihtiyac\u0131n\u0131 kar\u015f\u0131lamak \u00fczere \u00e7e\u015fitli e\u011fitim programlar\u0131 da d\u00fczenlendi\u011fi ifade edildi. Bu do\u011frultuda da Dijital D\u00f6n\u00fc\u015f\u00fcm Ofisi, Savunma Sanayi Ba\u015fkanl\u0131\u011f\u0131 ve kalk\u0131nma ajanslar\u0131 i\u015fbirli\u011finde geli\u015ftirilen Siber Vatan Program\u0131 kapsam\u0131nda 160 \u00f6\u011frenciye e\u011fitim verildi\u011fi belirtildi. 2024 y\u0131l\u0131nda Siber Vatan program\u0131na ilave olarak yaz\u0131l\u0131m ve Kodla Bakal\u0131m Program\u0131n\u0131n uygulanmaya koyulaca\u011f\u0131na vurgu yap\u0131ld\u0131.&nbsp;<\/p>\n\n\n\n<p><br>BAKA Aral\u0131k Ay\u0131 Y\u00f6netim Kurulu Toplant\u0131s\u0131 g\u00fcndem maddelerinin g\u00f6r\u00fc\u015f\u00fclmesiyle sona erdi.<\/p>\n\n\n\n<p>Antalya Valili\u011fi \/ B\u00fclten<\/p>\n","protected":false},"excerpt":{"rendered":"<p>Bat\u0131 Akdeniz Kalk\u0131nma Ajans\u0131 (BAKA) Aral\u0131k Ay\u0131 Y\u00f6netim Kurulu Toplant\u0131s\u0131, Antalya Valili\u011fi&#8217;nde ger\u00e7ekle\u015ftirildi. 2023 y\u0131l\u0131n\u0131n son BAKA Y\u00f6netim Kurulu toplant\u0131s\u0131 Antalya Valili\u011fi toplant\u0131 salonunda yap\u0131ld\u0131. <a href=\"https:\/\/akdenizhaber.com.tr\/index.php\/2023\/12\/14\/2023-yilinin-son-baka-toplantisi-antalyada-gerceklesti\/\" class=\"read-more-link\">[more&#8230;]<\/a><\/p>\n","protected":false},"author":2,"featured_media":18691,"comment_status":"open","ping_status":"open","sticky":false,"template":"","format":"standard","meta":{"footnotes":""},"categories":[2],"tags":[],"class_list":["post-18690","post","type-post","status-publish","format-standard","has-post-thumbnail","hentry","category-gundem"],"_links":{"self":[{"href":"https:\/\/akdenizhaber.com.tr\/index.php\/wp-json\/wp\/v2\/posts\/18690","targetHints":{"allow":["GET"]}}],"collection":[{"href":"https:\/\/akdenizhaber.com.tr\/index.php\/wp-json\/wp\/v2\/posts"}],"about":[{"href":"https:\/\/akdenizhaber.com.tr\/index.php\/wp-json\/wp\/v2\/types\/post"}],"author":[{"embeddable":true,"href":"https:\/\/akdenizhaber.com.tr\/index.php\/wp-json\/wp\/v2\/users\/2"}],"replies":[{"embeddable":true,"href":"https:\/\/akdenizhaber.com.tr\/index.php\/wp-json\/wp\/v2\/comments?post=18690"}],"version-history":[{"count":0,"href":"https:\/\/akdenizhaber.com.tr\/index.php\/wp-json\/wp\/v2\/posts\/18690\/revisions"}],"wp:featuredmedia":[{"embeddable":true,"href":"https:\/\/akdenizhaber.com.tr\/index.php\/wp-json\/wp\/v2\/media\/18691"}],"wp:attachment":[{"href":"https:\/\/akdenizhaber.com.tr\/index.php\/wp-json\/wp\/v2\/media?parent=18690"}],"wp:term":[{"taxonomy":"category","embeddable":true,"href":"https:\/\/akdenizhaber.com.tr\/index.php\/wp-json\/wp\/v2\/categories?post=18690"},{"taxonomy":"post_tag","embeddable":true,"href":"https:\/\/akdenizhaber.com.tr\/index.php\/wp-json\/wp\/v2\/tags?post=18690"}],"curies":[{"name":"wp","href":"https:\/\/api.w.org\/{rel}","templated":true}]}}