{"id":18662,"date":"2023-12-13T12:16:32","date_gmt":"2023-12-13T09:16:32","guid":{"rendered":"https:\/\/akdenizhaber.com.tr\/?p=18662"},"modified":"2023-12-13T12:16:32","modified_gmt":"2023-12-13T09:16:32","slug":"chp-antalya-milletvekili-av-aliye-cosarced-yonetmeligi-yol-gosterici-haline-gelmistir","status":"publish","type":"post","link":"https:\/\/akdenizhaber.com.tr\/index.php\/2023\/12\/13\/chp-antalya-milletvekili-av-aliye-cosarced-yonetmeligi-yol-gosterici-haline-gelmistir\/","title":{"rendered":"CHP Antalya Milletvekili Av. Aliye Co\u015far;\u201c\u00c7ed Y\u00f6netmeli\u011fi Yol G\u00f6sterici Haline Gelmi\u015ftir\u201d"},"content":{"rendered":"\n<p><\/p>\n\n\n\n<p><\/p>\n\n\n\n<p>CHP Antalya Milletvekili Aliye CO\u015eAR, Talan Edilmek \u0130stenen Beyda\u011flar\u0131 Milli Park\u2019\u0131n\u0131 TBMM G\u00fcndemine ta\u015f\u0131d\u0131.<\/p>\n\n\n\n<p>CHP Antalya Milletvekili Av. Aliye Co\u015far, Antalya\u2019n\u0131n Kemer il\u00e7esine ba\u011fl\u0131 G\u00f6yn\u00fck Mahallesi sahilinde toplam 77 bin metrekarelik arazide AKP MKYK \u00dcyesi olan Erkan G\u00fcral\u2019\u0131n y\u00f6netim kurulu ba\u015fkanl\u0131\u011f\u0131n\u0131 yapt\u0131\u011f\u0131 NG K\u00fctahya Seramik Porselen Tur. A.\u015e taraf\u0131ndan in\u015fa edilmesi planlanan ve 41 havuzlu villay\u0131 da i\u00e7eren 636 yatak kapasiteli 5 y\u0131ld\u0131zl\u0131 otel projesi hakk\u0131nda T.C. \u00c7evre, \u015eehircilik ve \u0130klim De\u011fi\u015fikli\u011fi Bakan\u0131 Mehmet \u00d6zhaseki taraf\u0131ndan cevapland\u0131r\u0131lmak \u00fczere TBMM Ba\u015fkanl\u0131\u011f\u0131\u2019na soru \u00f6nergesi verdi.<\/p>\n\n\n\n<p>CHP\u2019li Co\u015far \u00f6nergesinde;<\/p>\n\n\n\n<p>K\u00fclt\u00fcr ve Turizm Bakanl\u0131\u011f\u0131 2022\/1 kapsam\u0131nda tahsisi yap\u0131lan kamu ta\u015f\u0131nmazlar\u0131 aras\u0131nda bulunan G\u00f6yn\u00fck\u2019teki arazi i\u00e7in bir y\u0131l s\u00fcreli \u00f6n izin verdi.<\/p>\n\n\n\n<p>\u00c7evre, \u015eehircilik ve \u0130klim De\u011fi\u015fikli\u011fi Bakanl\u0131\u011f\u0131\u2019n\u0131n 24 Kas\u0131m 2023 tarihinde \u00c7ED s\u00fcrecinin ba\u015flad\u0131\u011f\u0131n\u0131 duyurdu\u011fu G\u00f6yn\u00fck sahilindeki yeni bir otel projesi i\u00e7in se\u00e7ilen arazinin bir k\u0131sm\u0131 hazineye ait orman arazisi, bir k\u0131sm\u0131 g\u00fcn\u00fcbirlik alan, 1021,69 metrekarelik k\u0131sm\u0131 ise Beyda\u011flar\u0131 Sahil Milli Park\u0131 s\u0131n\u0131rlar\u0131 i\u00e7erisinde kalmaktad\u0131r.<\/p>\n\n\n\n<p>Daha ayr\u0131nt\u0131l\u0131 belirtmek gerekirse, otel projesi i\u00e7in se\u00e7ilen alan, 106 ada 15 parsel (eski 1761 parsel), k\u0131smen 106 ada 8, 20, 21 (orman) ve 9 parsellerden olu\u015fmaktad\u0131r. Otel projesi i\u00e7in se\u00e7ilen toplam \u00c7ED alan\u0131 77448,33 metrekare oldu\u011fu belirtilirken, 106 ada 15 parselin hazine arazisi, \u00c7evre D\u00fczeni Plan\u0131nda \u201cG\u00fcn\u00fcbirlik Kullan\u0131m Alan\u0131\u201d olarak ayr\u0131lan 20, 21 ve 21 nolu parsellerin ise orman arazisi oldu\u011fu anla\u015f\u0131lmaktad\u0131r.<\/p>\n\n\n\n<p>\u00c7ED Y\u00d6NETMEL\u0130\u011e\u0130 YOL G\u00d6STER\u0130C\u0130 HAL\u0130NE GELM\u0130\u015eT\u0130R.<\/p>\n\n\n\n<p>1993 y\u0131l\u0131ndan bu yana y\u00fcr\u00fcrl\u00fckte olan <a>\u00c7ED Y\u00f6netmeli\u011fi <\/a>bir\u00e7ok kez de\u011fi\u015fikli\u011fe u\u011frat\u0131larak \u00e7evreyi ve do\u011fay\u0131 korumaktan \u00e7ok, \u00e7evre \u00fczerinde bask\u0131 ve tahribat\u0131 ka\u00e7\u0131n\u0131lmaz olan projeler i\u00e7in a\u015f\u0131lmas\u0131 gereken bir prosed\u00fcr ve <a>yol g\u00f6sterici haline gelmi\u015ftir.<\/a><\/p>\n\n\n\n<p>M\u0130LL\u0130 PARKLARIN YARIDAN FAZLASI RANT U\u011eRUNA YA\u011eMALANMI\u015e DURUMDA<\/p>\n\n\n\n<p>Aliye Co\u015far \u201cOtel in\u015fa edilmesi planlanan 21 nolu parselin 1021,69 metrekarelik k\u0131sm\u0131n\u0131n da Beyda\u011flar\u0131 Sahil Milli Park\u0131 s\u0131n\u0131rlar\u0131 i\u00e7erisinde kald\u0131\u011f\u0131 a\u00e7\u0131k\u00e7a g\u00f6r\u00fclmektedir.<\/p>\n\n\n\n<p>T\u00fcrkiye\u2019nin \u00f6nemli milli parklar\u0131ndan biri olan Antalya\u2019daki Beyda\u011flar\u0131 Sahil Milli Park\u0131, 1972 y\u0131l\u0131nda 69 bin 800 hektarl\u0131k bir alan\u0131 kaps\u0131yordu. Aradan ge\u00e7en s\u00fcre i\u00e7inde yar\u0131dan fazlas\u0131 turizm ve yap\u0131la\u015fmaya a\u00e7\u0131lan milli park\u0131n bug\u00fcnk\u00fc y\u00fcz\u00f6l\u00e7\u00fcm\u00fc 31 bin 165 hektara kadar gerilemi\u015f durumdad\u0131r. 50 y\u0131lda <a>Milli Parklar\u0131n yar\u0131dan fazlas\u0131 rant u\u011fruna ya\u011fmalanm\u0131\u015f durumda<\/a> ve bu ya\u011fman\u0131n b\u00fcy\u00fck bir b\u00f6l\u00fcm\u00fc de son 20 y\u0131lda AKP iktidar\u0131nda ger\u00e7ekle\u015fti. Bu ya\u011fma ve talan g\u00fcn\u00fcm\u00fczde de son h\u0131zla hala devam etmektedir. Yang\u0131ndan zarar g\u00f6ren ormanlar\u0131m\u0131z\u0131 bile imara a\u00e7t\u0131lar. Sahillerimiz, ormanlar\u0131m\u0131z, do\u011fam\u0131z, g\u00fcn\u00fcbirlik alanlar\u0131m\u0131z rant u\u011fruna pe\u015fke\u015f \u00e7ekilmektedir.\u201d dedi.<\/p>\n\n\n\n<p>\u00c7o\u015far\u2019 \u0131n Bakan \u00d6zhaseki\u2019 ye verdi\u011fi soru \u00f6nergesinde \u015fu sorular yer ald\u0131.<\/p>\n\n\n\n<p>T\u00fcrkiye\u2019nin \u00f6nemli milli parklar\u0131ndan biri olan Antalya\u2019daki Beyda\u011flar\u0131 Sahil Milli Park\u0131, 1972 y\u0131l\u0131nda 69 bin 800 hektarl\u0131k bir alan\u0131 kaps\u0131yordu. Aradan ge\u00e7en s\u00fcre i\u00e7inde yar\u0131dan fazlas\u0131 turizm ve yap\u0131la\u015fmaya a\u00e7\u0131lan milli park\u0131n bug\u00fcnk\u00fc y\u00fcz\u00f6l\u00e7\u00fcm\u00fc 31 bin 165 hektara kadar gerilemi\u015f durumdad\u0131r. 50 y\u0131lda Milli Parklar\u0131n yar\u0131dan fazlas\u0131 rant u\u011fruna ya\u011fmalanm\u0131\u015f durumda ve bu ya\u011fma g\u00fcn\u00fcm\u00fczde de hala devam etmektedir. Bu ya\u011fmaya daha ne kadar g\u00f6z yumacaks\u0131n\u0131z?<\/p>\n\n\n\n<p>Y\u00fczde 99\u2019luk k\u0131sm\u0131 orman alan\u0131 olan milli park\u0131n turizm u\u011fruna k\u0131rp\u0131lmas\u0131n\u0131n \u00f6n\u00fcne neden bir t\u00fcrl\u00fc ge\u00e7ilememektedir? Buna bilerek mi g\u00f6z yumulmaktad\u0131r?<\/p>\n\n\n\n<p>1993 y\u0131l\u0131ndan bu yana y\u00fcr\u00fcrl\u00fckte olan \u00c7ED Y\u00f6netmeli\u011fi bir\u00e7ok kez de\u011fi\u015fikli\u011fe u\u011frat\u0131larak \u00e7evreyi ve do\u011fay\u0131 korumaktan \u00e7ok, \u00e7evre \u00fczerinde bask\u0131 ve tahribat\u0131 ka\u00e7\u0131n\u0131lmaz olan projeler i\u00e7in a\u015f\u0131lmas\u0131 gereken bir prosed\u00fcr ve yol g\u00f6sterici haline gelmi\u015ftir. 1993 y\u0131l\u0131ndan bu yana bakanl\u0131\u011f\u0131n\u0131z\u0131n y\u00fcr\u00fctt\u00fc\u011f\u00fc \u00c7ED s\u00fcre\u00e7lerinde verilen \u00c7ED kararlar\u0131n\u0131n istatistiki da\u011f\u0131l\u0131m\u0131 nedir?<\/p>\n\n\n\n<p>Ulusal mevzuat\u0131m\u0131z ve \u00fclkemizin taraf oldu\u011fu uluslararas\u0131 s\u00f6zle\u015fmelerle korunmas\u0131 taahh\u00fct edilen korunan alanlar\u0131m\u0131z\u0131n betonla\u015fmas\u0131na izin veren \u00c7ED kararlar\u0131n\u0131n korumac\u0131 bir anlay\u0131\u015fla i\u015fletilmesini d\u00fc\u015f\u00fcn\u00fcyor musunuz?<\/p>\n\n\n\n<p>Antalya halk\u0131n\u0131n denizle bulu\u015fabilece\u011fi g\u00fcn\u00fcbirlik alan\u0131n halk\u0131n elinden al\u0131narak \u00f6zel bir ticari i\u015fletmeye tahsis edilmesi konusunda Bakanl\u0131\u011f\u0131n\u0131z\u0131n bir yapt\u0131r\u0131m\u0131 olacak m\u0131d\u0131r?<\/p>\n\n\n\n<p>(Haber Merkezi)<\/p>\n","protected":false},"excerpt":{"rendered":"<p>CHP Antalya Milletvekili Aliye CO\u015eAR, Talan Edilmek \u0130stenen Beyda\u011flar\u0131 Milli Park\u2019\u0131n\u0131 TBMM G\u00fcndemine ta\u015f\u0131d\u0131. CHP Antalya Milletvekili Av. Aliye Co\u015far, Antalya\u2019n\u0131n Kemer il\u00e7esine ba\u011fl\u0131 G\u00f6yn\u00fck <a href=\"https:\/\/akdenizhaber.com.tr\/index.php\/2023\/12\/13\/chp-antalya-milletvekili-av-aliye-cosarced-yonetmeligi-yol-gosterici-haline-gelmistir\/\" class=\"read-more-link\">[more&#8230;]<\/a><\/p>\n","protected":false},"author":2,"featured_media":18658,"comment_status":"open","ping_status":"open","sticky":false,"template":"","format":"standard","meta":{"footnotes":""},"categories":[2],"tags":[],"class_list":["post-18662","post","type-post","status-publish","format-standard","has-post-thumbnail","hentry","category-gundem"],"_links":{"self":[{"href":"https:\/\/akdenizhaber.com.tr\/index.php\/wp-json\/wp\/v2\/posts\/18662","targetHints":{"allow":["GET"]}}],"collection":[{"href":"https:\/\/akdenizhaber.com.tr\/index.php\/wp-json\/wp\/v2\/posts"}],"about":[{"href":"https:\/\/akdenizhaber.com.tr\/index.php\/wp-json\/wp\/v2\/types\/post"}],"author":[{"embeddable":true,"href":"https:\/\/akdenizhaber.com.tr\/index.php\/wp-json\/wp\/v2\/users\/2"}],"replies":[{"embeddable":true,"href":"https:\/\/akdenizhaber.com.tr\/index.php\/wp-json\/wp\/v2\/comments?post=18662"}],"version-history":[{"count":0,"href":"https:\/\/akdenizhaber.com.tr\/index.php\/wp-json\/wp\/v2\/posts\/18662\/revisions"}],"wp:featuredmedia":[{"embeddable":true,"href":"https:\/\/akdenizhaber.com.tr\/index.php\/wp-json\/wp\/v2\/media\/18658"}],"wp:attachment":[{"href":"https:\/\/akdenizhaber.com.tr\/index.php\/wp-json\/wp\/v2\/media?parent=18662"}],"wp:term":[{"taxonomy":"category","embeddable":true,"href":"https:\/\/akdenizhaber.com.tr\/index.php\/wp-json\/wp\/v2\/categories?post=18662"},{"taxonomy":"post_tag","embeddable":true,"href":"https:\/\/akdenizhaber.com.tr\/index.php\/wp-json\/wp\/v2\/tags?post=18662"}],"curies":[{"name":"wp","href":"https:\/\/api.w.org\/{rel}","templated":true}]}}