{"id":18654,"date":"2023-12-13T12:11:45","date_gmt":"2023-12-13T09:11:45","guid":{"rendered":"https:\/\/akdenizhaber.com.tr\/?p=18654"},"modified":"2023-12-13T13:58:21","modified_gmt":"2023-12-13T10:58:21","slug":"konyaalti-belediye-baskan-aday-adayi-pilavcibilgi-ve-birikimlerimle-konyaaltina-hizmet-icin-yola-ciktim","status":"publish","type":"post","link":"https:\/\/akdenizhaber.com.tr\/index.php\/2023\/12\/13\/konyaalti-belediye-baskan-aday-adayi-pilavcibilgi-ve-birikimlerimle-konyaaltina-hizmet-icin-yola-ciktim\/","title":{"rendered":"Konyaalt\u0131 Belediye Ba\u015fkan Aday Aday\u0131 Pilavc\u0131;\u201cBilgi ve birikimlerimle Konyaalt\u0131na hizmet i\u00e7in yola \u00e7\u0131kt\u0131m\u201d"},"content":{"rendered":"\n<p><\/p>\n\n\n\n<p><\/p>\n\n\n\n<p><strong>Cumhuriyet Halk Partisi\u2019nin (CHP) emek\u00e7i isimlerinden Tansev Pilavc\u0131\u2019n\u0131n Konyaalt\u0131 Belediye Ba\u015fkan Aday Adayl\u0131\u011f\u0131nu\u0131 a\u00e7\u0131klamas\u0131 Manavgat\u2019ta memnuniyetle kar\u015f\u0131land\u0131.<\/strong><\/p>\n\n\n\n<p>Aday adayl\u0131\u011f\u0131 ba\u015fvurusunun ard\u0131ndan \u00e7al\u0131\u015fmalar\u0131na a\u011f\u0131rl\u0131k veren Tansu Pilavc\u0131, y\u0131llar\u0131n CHP \u00fcyeli\u011finden edindi\u011fi bilgi birikim ve tecr\u00fcbelerini bundan sonraki d\u00f6nemde Konyaalt\u0131 belediyesine hizmet vererek Konyaalt\u0131 sakinleri ile b\u00fct\u00fcnle\u015fmeyi hedefledi\u011fini s\u00f6yledi.<\/p>\n\n\n\n<p>&nbsp;Jeoloji Y\u00fcksek M\u00fchendisi Tansev Pilavc\u0131 21 y\u0131ld\u0131r CHP\u2019nin aktif \u00fcyesi. Partide e\u011fitmenlik g\u00f6revini de y\u00fcr\u00fcten Pilavc\u0131, Manavgat \u0130l\u00e7e \u00d6rg\u00fct\u00fcnde 3 d\u00f6nem il\u00e7e ba\u015fkan yard\u0131mc\u0131l\u0131\u011f\u0131n\u0131n yan\u0131 s\u0131ra gen\u00e7lik kollar\u0131ndan ba\u015flayarak partinin her kademesinde g\u00f6rev almas\u0131yla biliniyor, tan\u0131n\u0131yor.<\/p>\n\n\n\n<p>\u0130\u015f yo\u011funlu\u011fu nedeniyle ailesiyle birlikte Antalya\u2019da ya\u015fam\u0131n\u0131 s\u00fcrd\u00fcren Tansev Pilavc\u0131, baba oca\u011f\u0131 Manavgat\u2019\u0131 da s\u0131k s\u0131k ziyaret ederek siyasi faaliyetlerini s\u00fcrd\u00fcr\u00fcyor.<\/p>\n\n\n\n<p>Antalya siyasetinin de \u00f6nemli isimlerinden biri olan Tansev Pilavc\u0131, 2015 y\u0131l\u0131nda milletvekili aday aday\u0131 olarak girdi\u011fi \u00f6nse\u00e7imde 96 aday aras\u0131nda 4 bin 65 oy alarak 19\u2019uncu oldu.<\/p>\n\n\n\n<p>Pilavc\u0131, parti \u00f6rg\u00fct\u00fcn\u00fcn verece\u011fi t\u00fcm g\u00f6revleri omuzlay\u0131p sonuna kadar ideallerinden bir milim bile sapmadan devam etme arzusunda oldu\u011fu i\u00e7in aday adayl\u0131\u011f\u0131 ba\u015fvurusunu yapt\u0131\u011f\u0131n\u0131 belirterek, \u201c21 y\u0131ll\u0131k siyasi hayat\u0131mda birlikte yola \u00e7\u0131kt\u0131klar\u0131m\u0131 satmad\u0131m, yalan s\u00f6ylemedim. Bu g\u00fcne kadar hep dik durdum ve dik durmaya devam edece\u011fim.&nbsp; M\u00fccadelem de her ko\u015fulda b\u00f6yle devam edecek\u201d dedi.<\/p>\n\n\n\n<p>Evli ve 3 k\u0131z \u00e7ocu\u011fu babas\u0131 olan Tansev Pilavc\u0131, madencilik ve in\u015faat sekt\u00f6r\u00fcnde faaliyetini s\u00fcrd\u00fcr\u00fcyor.<\/p>\n\n\n\n<p>(Haber Merkezi)<\/p>\n","protected":false},"excerpt":{"rendered":"<p>Cumhuriyet Halk Partisi\u2019nin (CHP) emek\u00e7i isimlerinden Tansev Pilavc\u0131\u2019n\u0131n Konyaalt\u0131 Belediye Ba\u015fkan Aday Adayl\u0131\u011f\u0131nu\u0131 a\u00e7\u0131klamas\u0131 Manavgat\u2019ta memnuniyetle kar\u015f\u0131land\u0131. Aday adayl\u0131\u011f\u0131 ba\u015fvurusunun ard\u0131ndan \u00e7al\u0131\u015fmalar\u0131na a\u011f\u0131rl\u0131k veren Tansu <a href=\"https:\/\/akdenizhaber.com.tr\/index.php\/2023\/12\/13\/konyaalti-belediye-baskan-aday-adayi-pilavcibilgi-ve-birikimlerimle-konyaaltina-hizmet-icin-yola-ciktim\/\" class=\"read-more-link\">[more&#8230;]<\/a><\/p>\n","protected":false},"author":2,"featured_media":18669,"comment_status":"open","ping_status":"open","sticky":false,"template":"","format":"standard","meta":{"footnotes":""},"categories":[2],"tags":[],"class_list":["post-18654","post","type-post","status-publish","format-standard","has-post-thumbnail","hentry","category-gundem"],"_links":{"self":[{"href":"https:\/\/akdenizhaber.com.tr\/index.php\/wp-json\/wp\/v2\/posts\/18654","targetHints":{"allow":["GET"]}}],"collection":[{"href":"https:\/\/akdenizhaber.com.tr\/index.php\/wp-json\/wp\/v2\/posts"}],"about":[{"href":"https:\/\/akdenizhaber.com.tr\/index.php\/wp-json\/wp\/v2\/types\/post"}],"author":[{"embeddable":true,"href":"https:\/\/akdenizhaber.com.tr\/index.php\/wp-json\/wp\/v2\/users\/2"}],"replies":[{"embeddable":true,"href":"https:\/\/akdenizhaber.com.tr\/index.php\/wp-json\/wp\/v2\/comments?post=18654"}],"version-history":[{"count":0,"href":"https:\/\/akdenizhaber.com.tr\/index.php\/wp-json\/wp\/v2\/posts\/18654\/revisions"}],"wp:featuredmedia":[{"embeddable":true,"href":"https:\/\/akdenizhaber.com.tr\/index.php\/wp-json\/wp\/v2\/media\/18669"}],"wp:attachment":[{"href":"https:\/\/akdenizhaber.com.tr\/index.php\/wp-json\/wp\/v2\/media?parent=18654"}],"wp:term":[{"taxonomy":"category","embeddable":true,"href":"https:\/\/akdenizhaber.com.tr\/index.php\/wp-json\/wp\/v2\/categories?post=18654"},{"taxonomy":"post_tag","embeddable":true,"href":"https:\/\/akdenizhaber.com.tr\/index.php\/wp-json\/wp\/v2\/tags?post=18654"}],"curies":[{"name":"wp","href":"https:\/\/api.w.org\/{rel}","templated":true}]}}