{"id":18641,"date":"2023-12-13T12:05:36","date_gmt":"2023-12-13T09:05:36","guid":{"rendered":"https:\/\/akdenizhaber.com.tr\/?p=18641"},"modified":"2023-12-13T12:05:37","modified_gmt":"2023-12-13T09:05:37","slug":"kickboksta-madalya-yagdi","status":"publish","type":"post","link":"https:\/\/akdenizhaber.com.tr\/index.php\/2023\/12\/13\/kickboksta-madalya-yagdi\/","title":{"rendered":"KickBoks\u2019ta Madalya ya\u011fd\u0131"},"content":{"rendered":"\n<p><\/p>\n\n\n\n<p>Antalya okullar aras\u0131 Kickboks il \u015eampiyonas\u0131nda Manavgat Hedef spor kul\u00fcb\u00fc f\u0131rt\u0131nas\u0131 esti.<\/p>\n\n\n\n<p>Ge\u00e7ti\u011fimiz hafta sonu D\u00f6\u015femealt\u0131 kapal\u0131 Spor salonunda yap\u0131lan okullar aras\u0131 kickboks \u015fampiyonas\u0131nda il\u00e7emizi temsil eden Hedef Spor kul\u00fcb\u00fc d\u00f6rt sporcu ile kat\u0131ld\u0131\u011f\u0131 \u015fampiyonadan d\u00f6rt birincilikle d\u00f6nd\u00fc.<\/p>\n\n\n\n<p>&nbsp;Hedef Spor kul\u00fcb\u00fcn\u00fcn d\u00f6rt alt\u0131n madalyal\u0131 sporcusu \u00f6n\u00fcm\u00fczdeki aylarda Mersin ve Ankara\u2019da yap\u0131lacak olan okul aras\u0131 T\u00fcrkiye \u015eampiyonas\u0131\u2019na gitmeye hak kazand\u0131lar.<\/p>\n\n\n\n<p>Hedef Spor antren\u00f6r\u00fc ve T\u00fcrkiye Kickboks Akdeniz B\u00f6lge ba\u015fkan\u0131 Muhsin T\u00fcrk, her \u015fampiyonadan madalya ile d\u00f6nerek Manavgat\u2019\u0131 \u00fclke genelinde en iyi bi\u00e7imde temsil ettikleri i\u00e7in t\u00fcm sporcular\u0131n\u0131 y\u00fcrekten kutlad\u0131\u011f\u0131n\u0131 s\u00f6yledi.<\/p>\n\n\n\n<p>\u00d6n\u00fcm\u00fczdeki aylarda yap\u0131lacak T\u00fcrkiye \u015fampiyonas\u0131 haz\u0131rl\u0131klar\u0131na ba\u015flad\u0131klar\u0131n\u0131 ifade eden Muhsin T\u00fcrk \u201cHedefimizde her an \u015fampiyonluklar ve madalyalar var, sporcular\u0131ma g\u00fcveniyorum, ba\u015far\u0131lar\u0131ndan dolay\u0131 gurur duyuyorum\u201d dedi.<\/p>\n\n\n\n<p>(Haber Merkezi)<\/p>\n","protected":false},"excerpt":{"rendered":"<p>Antalya okullar aras\u0131 Kickboks il \u015eampiyonas\u0131nda Manavgat Hedef spor kul\u00fcb\u00fc f\u0131rt\u0131nas\u0131 esti. Ge\u00e7ti\u011fimiz hafta sonu D\u00f6\u015femealt\u0131 kapal\u0131 Spor salonunda yap\u0131lan okullar aras\u0131 kickboks \u015fampiyonas\u0131nda il\u00e7emizi <a href=\"https:\/\/akdenizhaber.com.tr\/index.php\/2023\/12\/13\/kickboksta-madalya-yagdi\/\" class=\"read-more-link\">[more&#8230;]<\/a><\/p>\n","protected":false},"author":2,"featured_media":18642,"comment_status":"open","ping_status":"open","sticky":false,"template":"","format":"standard","meta":{"footnotes":""},"categories":[2],"tags":[],"class_list":["post-18641","post","type-post","status-publish","format-standard","has-post-thumbnail","hentry","category-gundem"],"_links":{"self":[{"href":"https:\/\/akdenizhaber.com.tr\/index.php\/wp-json\/wp\/v2\/posts\/18641","targetHints":{"allow":["GET"]}}],"collection":[{"href":"https:\/\/akdenizhaber.com.tr\/index.php\/wp-json\/wp\/v2\/posts"}],"about":[{"href":"https:\/\/akdenizhaber.com.tr\/index.php\/wp-json\/wp\/v2\/types\/post"}],"author":[{"embeddable":true,"href":"https:\/\/akdenizhaber.com.tr\/index.php\/wp-json\/wp\/v2\/users\/2"}],"replies":[{"embeddable":true,"href":"https:\/\/akdenizhaber.com.tr\/index.php\/wp-json\/wp\/v2\/comments?post=18641"}],"version-history":[{"count":0,"href":"https:\/\/akdenizhaber.com.tr\/index.php\/wp-json\/wp\/v2\/posts\/18641\/revisions"}],"wp:featuredmedia":[{"embeddable":true,"href":"https:\/\/akdenizhaber.com.tr\/index.php\/wp-json\/wp\/v2\/media\/18642"}],"wp:attachment":[{"href":"https:\/\/akdenizhaber.com.tr\/index.php\/wp-json\/wp\/v2\/media?parent=18641"}],"wp:term":[{"taxonomy":"category","embeddable":true,"href":"https:\/\/akdenizhaber.com.tr\/index.php\/wp-json\/wp\/v2\/categories?post=18641"},{"taxonomy":"post_tag","embeddable":true,"href":"https:\/\/akdenizhaber.com.tr\/index.php\/wp-json\/wp\/v2\/tags?post=18641"}],"curies":[{"name":"wp","href":"https:\/\/api.w.org\/{rel}","templated":true}]}}