{"id":18638,"date":"2023-12-13T12:04:43","date_gmt":"2023-12-13T09:04:43","guid":{"rendered":"https:\/\/akdenizhaber.com.tr\/?p=18638"},"modified":"2023-12-13T12:04:44","modified_gmt":"2023-12-13T09:04:44","slug":"konyalilarla-baskan-tutuncu-ile-bulustu","status":"publish","type":"post","link":"https:\/\/akdenizhaber.com.tr\/index.php\/2023\/12\/13\/konyalilarla-baskan-tutuncu-ile-bulustu\/","title":{"rendered":"Konyal\u0131larla Ba\u015fkan T\u00fct\u00fcnc\u00fc ile bulu\u015ftu"},"content":{"rendered":"\n<p><\/p>\n\n\n\n<p>Konyal\u0131larla Derne\u011fi\u2019nin \u2018Geleneksel Bamya \u00c7orbas\u0131 Bulu\u015fmas\u0131\u2019na kat\u0131lan Kepez Belediye Ba\u015fkan\u0131 Hakan T\u00fct\u00fcnc\u00fc, \u201cBiz belediyeciler \u015fehri imar ederken asla g\u00f6n\u00fclleri ihmal etmemeliyiz.\u201d dedi.<\/p>\n\n\n\n<p>Kepez Belediye Ba\u015fkan\u0131 Hakan T\u00fct\u00fcnc\u00fc, Antalya Konyal\u0131lar Derne\u011fi Geleneksel Bamya \u00c7orbas\u0131 Bulu\u015fmas\u0131na kat\u0131ld\u0131. Mimar Sinan Kongre Merkezi\u2019nde ger\u00e7ekle\u015ftirilen bulu\u015fmada konu\u015fan Kepez Belediye Ba\u015fkan\u0131 Hakan T\u00fct\u00fcnc\u00fc, \u201cBiz belediyeciler \u015fehri imar ederken asla g\u00f6n\u00fclleri ihmal etmemeliyiz.\u201d dedi. T\u00fct\u00fcnc\u00fc, Konya\u2019n\u0131n Hz. Mevlana\u2019dan bu yana Anadolu\u2019da sevgiyi mayalayan, sevgi tohumlar\u0131 ekip bi\u00e7ildi\u011fi zaman sadece g\u00f6n\u00fcllerin de\u011fil, \u015fehirlerin ve \u00fclkelerin ne kadar g\u00fczel bir hale gelebilece\u011fini g\u00f6steren medeniyetin en \u00f6zel \u015fehirlerinden ve Sel\u00e7uklular\u0131n kadim medeniyet merkezlerinden birisi oldu\u011funu s\u00f6yledi.<\/p>\n\n\n\n<p>SEVG\u0130 MAYALAYACA\u011eIZ<\/p>\n\n\n\n<p>\u201cY\u00fczy\u0131llar boyunca sevgi eken bi\u00e7en co\u011frafyalar Konya\u2019ya bakt\u0131lar.\u201d diyerek s\u00f6zlerini s\u00fcrd\u00fcren Ba\u015fkan T\u00fct\u00fcnc\u00fc, &nbsp;\u201cG\u00f6n\u00fcllerini Konya\u2019ya g\u00f6re konumland\u0131rd\u0131lar. Ve y\u00fczy\u0131llar boyunca medeniyetin o g\u00fczelliklerini hissetmek isteyenler de her zaman Konya\u2019n\u0131n farkl\u0131 bir g\u00f6n\u00fcl ba\u011f\u0131 i\u00e7erisinde oldular. Konya ile Antalya etle t\u0131rnak gibidir. Y\u0131llar boyu b\u00f6yle s\u00fcren bir ili\u015fki tarihe bakt\u0131\u011f\u0131m\u0131z zaman yakla\u015f\u0131k bin y\u0131ld\u0131r ayn\u0131 seyirde devam ediyor. Bizde bir araya gelerek, \u015fehirlerimizin g\u00fczelli\u011finden ve m\u00fc\u015fterek ge\u00e7mi\u015fimizden bahsediyoruz. Ve bunlarla mutluluk duyuyoruz. Bir ve beraber oldu\u011fumuza bir kez daha vurgu yap\u0131yoruz. Biz belediyeciler bir yandan \u015fehirleri g\u00fczelle\u015ftirirken di\u011fer taraftan da hep birlikte sevgi mayalayaca\u011f\u0131z, sevgi ekece\u011fiz, g\u00f6n\u00fclleri birbirine yakla\u015ft\u0131raca\u011f\u0131z. \u201c dedi.<\/p>\n\n\n\n<p>Kepez Belediyesi \/ B\u00fclten<\/p>\n","protected":false},"excerpt":{"rendered":"<p>Konyal\u0131larla Derne\u011fi\u2019nin \u2018Geleneksel Bamya \u00c7orbas\u0131 Bulu\u015fmas\u0131\u2019na kat\u0131lan Kepez Belediye Ba\u015fkan\u0131 Hakan T\u00fct\u00fcnc\u00fc, \u201cBiz belediyeciler \u015fehri imar ederken asla g\u00f6n\u00fclleri ihmal etmemeliyiz.\u201d dedi. Kepez Belediye Ba\u015fkan\u0131 <a href=\"https:\/\/akdenizhaber.com.tr\/index.php\/2023\/12\/13\/konyalilarla-baskan-tutuncu-ile-bulustu\/\" class=\"read-more-link\">[more&#8230;]<\/a><\/p>\n","protected":false},"author":2,"featured_media":18639,"comment_status":"open","ping_status":"open","sticky":false,"template":"","format":"standard","meta":{"footnotes":""},"categories":[2],"tags":[],"class_list":["post-18638","post","type-post","status-publish","format-standard","has-post-thumbnail","hentry","category-gundem"],"_links":{"self":[{"href":"https:\/\/akdenizhaber.com.tr\/index.php\/wp-json\/wp\/v2\/posts\/18638","targetHints":{"allow":["GET"]}}],"collection":[{"href":"https:\/\/akdenizhaber.com.tr\/index.php\/wp-json\/wp\/v2\/posts"}],"about":[{"href":"https:\/\/akdenizhaber.com.tr\/index.php\/wp-json\/wp\/v2\/types\/post"}],"author":[{"embeddable":true,"href":"https:\/\/akdenizhaber.com.tr\/index.php\/wp-json\/wp\/v2\/users\/2"}],"replies":[{"embeddable":true,"href":"https:\/\/akdenizhaber.com.tr\/index.php\/wp-json\/wp\/v2\/comments?post=18638"}],"version-history":[{"count":0,"href":"https:\/\/akdenizhaber.com.tr\/index.php\/wp-json\/wp\/v2\/posts\/18638\/revisions"}],"wp:featuredmedia":[{"embeddable":true,"href":"https:\/\/akdenizhaber.com.tr\/index.php\/wp-json\/wp\/v2\/media\/18639"}],"wp:attachment":[{"href":"https:\/\/akdenizhaber.com.tr\/index.php\/wp-json\/wp\/v2\/media?parent=18638"}],"wp:term":[{"taxonomy":"category","embeddable":true,"href":"https:\/\/akdenizhaber.com.tr\/index.php\/wp-json\/wp\/v2\/categories?post=18638"},{"taxonomy":"post_tag","embeddable":true,"href":"https:\/\/akdenizhaber.com.tr\/index.php\/wp-json\/wp\/v2\/tags?post=18638"}],"curies":[{"name":"wp","href":"https:\/\/api.w.org\/{rel}","templated":true}]}}