{"id":18632,"date":"2023-12-13T12:02:52","date_gmt":"2023-12-13T09:02:52","guid":{"rendered":"https:\/\/akdenizhaber.com.tr\/?p=18632"},"modified":"2023-12-13T12:02:53","modified_gmt":"2023-12-13T09:02:53","slug":"baskan-bahar-surdurulebilir-buyumeyi-destekliyoruz","status":"publish","type":"post","link":"https:\/\/akdenizhaber.com.tr\/index.php\/2023\/12\/13\/baskan-bahar-surdurulebilir-buyumeyi-destekliyoruz\/","title":{"rendered":"Ba\u015fkan Bahar: S\u00fcrd\u00fcr\u00fclebilir B\u00fcy\u00fcmeyi Destekliyoruz"},"content":{"rendered":"\n<p><\/p>\n\n\n\n<p>ATSO Meclisinde her f\u0131rsatta s\u00fcrd\u00fcr\u00fclebilir ekonomiye dikkat \u00e7eken ATSO Y\u00f6netim Kurulu Ba\u015fkan\u0131 Ali Bahar, Hazine ve Maliye Bakan\u0131 Mehmet \u015eim\u015fek\u2019in yat\u0131r\u0131m, istihdam, \u00fcretim ve ihracat odakl\u0131 s\u00fcrd\u00fcr\u00fclebilir b\u00fcy\u00fcmeye ili\u015fkin a\u00e7\u0131klamalar\u0131n\u0131n i\u015f d\u00fcnyas\u0131 ad\u0131na \u00e7ok \u00f6nemli oldu\u011funu kaydetti.<\/p>\n\n\n\n<p>Antalya Ticaret ve Sanayi Odas\u0131 (ATSO) Y\u00f6netim Kurulu Ba\u015fkan\u0131 Ali Bahar, her mecliste dile getirdi\u011fi, en \u00f6nemli g\u00fcndem maddesi olan \u201cs\u00fcrd\u00fcr\u00fclebilir ekonomiye\u201d ili\u015fkin Hazine ve Maliye Bakan\u0131 Mehmet \u015eim\u015fek\u2019in son a\u00e7\u0131klamas\u0131n\u0131n i\u015f d\u00fcnyas\u0131na g\u00fcven veren bir ad\u0131m oldu\u011funu hat\u0131rlatt\u0131. Yat\u0131r\u0131m, istihdam, \u00fcretim ve ihracat olarak i\u015f d\u00fcnyas\u0131n\u0131n adland\u0131rd\u0131\u011f\u0131 unsurlar i\u00e7in g\u00fcvenin \u00e7ok \u00f6nemli bir esas oldu\u011funu s\u00f6zlerine ekleyen Ba\u015fkan Bahar, \u201cH\u00fck\u00fcmetimizin izledi\u011fi para politikalar\u0131, g\u00fcven esasl\u0131 ekonomi \u00fczerine in\u015fa ediliyor. Say\u0131n bakan\u0131m\u0131z \u015eim\u015fek\u2019in son a\u00e7\u0131klamalar\u0131 da i\u015f d\u00fcnyas\u0131na g\u00fcven tesis ediyor\u201d dedi. T\u00fcrkiye&#8217;nin cari i\u015flemler hesab\u0131nda ekimde 186 milyon dolar, alt\u0131n ve enerji hari\u00e7 cari i\u015flemler hesab\u0131nda da 5 milyar 67 milyon dolarl\u0131k fazla olu\u015fmas\u0131na ili\u015fkin a\u00e7\u0131klamada bulunan Hazine ve Maliye Bakan\u0131 Mehmet \u015eim\u015fek, \u201cUygulad\u0131\u011f\u0131m\u0131z politikalarla bir yandan k\u0131r\u0131lganl\u0131klar\u0131 azalt\u0131rken di\u011fer yandan yat\u0131r\u0131m, istihdam, \u00fcretim ve ihracat odakl\u0131 s\u00fcrd\u00fcr\u00fclebilir b\u00fcy\u00fcmeyi tesis ediyoruz. Bu d\u00f6nemde en b\u00fcy\u00fck dezavantaj\u0131m\u0131z ihracat art\u0131\u015f\u0131n\u0131 s\u0131n\u0131rlayan ticaret ortaklar\u0131m\u0131zdaki zay\u0131f talep&#8221; diye konu\u015ftu. Ekonomik b\u00fcy\u00fcmeye y\u00f6nelik a\u00e7\u0131klamalar\u0131yla i\u015f d\u00fcnyas\u0131n\u0131n g\u00fcndemini s\u00fcrd\u00fcr\u00fclebilirli\u011fe, yat\u0131r\u0131m, istihdam, \u00fcretim ve ihracat\u0131n g\u00fcc\u00fcne dikkati \u00e7ekenATSO Y\u00f6netim Kurulu Ba\u015fkan\u0131 Ali Bahar, \u201cUzun s\u00fcredir her meclisimizde ve her platformda dile getirdi\u011fimiz s\u00fcrd\u00fcr\u00fclebilir ekonomiye ili\u015fkin a\u00e7\u0131klamalar\u0131m\u0131za Say\u0131n Bakan\u0131m\u0131z Mehmet \u015eim\u015fek\u2019ten destek gelmesi i\u015f d\u00fcnyam\u0131z ad\u0131na bizleri mutlu etti. Bu konunun sonuna kadar takip\u00e7isi olaca\u011f\u0131z, i\u015f d\u00fcnyas\u0131 olarak h\u00fck\u00fcmetimizin destekleri s\u00fcrd\u00fcr\u00fclebilir ekonomi politikalar\u0131n\u0131n istikrarl\u0131 ilerleyi\u015fini per\u00e7inliyor ve g\u00fc\u00e7lendiriyor, gelece\u011fin g\u00fc\u00e7l\u00fc ekonomisine haz\u0131rl\u0131yor\u201d dedi.<\/p>\n\n\n\n<p>\u0130HRACAT \u0130\u00c7 P\u0130YASAYA ALTERNAT\u0130F DE\u011e\u0130L<\/p>\n\n\n\n<p>\u0130\u00e7 talepteki yava\u015flaman\u0131n g\u00f6stergesi olan PMI endeksi ve perakende sat\u0131\u015f verilerinin uzun s\u00fcredir d\u00fc\u015f\u00fc\u015fte olmas\u0131n\u0131n en \u00f6nemli daralma g\u00f6stergesi oldu\u011funu kaydeden Ba\u015fkan Bahar, \u201c\u0130\u00e7 pazar\u0131m\u0131zdaki zay\u0131f b\u00fcy\u00fcme nedeniyle ihracat\u0131n i\u00e7 piyasaya bir alternatif olmad\u0131\u011f\u0131n\u0131 g\u00f6r\u00fcyoruz ve bunu uzun bir s\u00fcredir dile getiriyoruz. Bunun i\u00e7in bir kere daha kademeli bir yava\u015flama ve Kobi\u2019leri ayakta tutan bir ekonomi politikas\u0131ndan yana oldu\u011fumuzu tekrarlamak istiyorum. Biz bunu 4 ayd\u0131r dile getirdik, Say\u0131n Bakan\u0131m\u0131z Mehmet \u015eim\u015fek\u2019in yapt\u0131\u011f\u0131 a\u00e7\u0131klama da bunu destekledi\u201d dedi.<\/p>\n\n\n\n<p>YATIRIM VE \u0130HRACATI DESTEKLEYEN POL\u0130T\u0130KALARA \u0130MZA ATARIZ<\/p>\n\n\n\n<p>Uygulamaya koyulan ekonomi politikas\u0131n\u0131 ve normalle\u015fme ad\u0131mlar\u0131n\u0131 desteklediklerini kaydeden Ba\u015fkan Bahar, \u201cBunu her platformda dile getiriyoruz. Ekonomi y\u00f6netimi bu s\u00fcreci \u015fu ana kadar ba\u015far\u0131l\u0131 ve proaktif bir \u015fekilde y\u00f6netti. Ancak hepimiz bu \u00fclkenin sanayisiz b\u00fcy\u00fcyemeyece\u011fini, b\u00f6yle bir b\u00fcy\u00fcmenin s\u00fcrd\u00fcr\u00fclebilir ve istikrarl\u0131 bir b\u00fcy\u00fcme olamayaca\u011f\u0131n\u0131 biliyoruz. Bizim \u00fclke olarak sanayi \u00f6nc\u00fcl\u00fc\u011f\u00fcnde b\u00fcy\u00fcmeye ihtiyac\u0131m\u0131z var. T\u00fcketimde ya\u015fanan b\u00fcy\u00fcme, \u00fcretimde ya\u015fanan zorluklar, enerji ve i\u015f g\u00fcc\u00fc maliyetleri hepimizin malumu. Yat\u0131r\u0131m ve ihracat\u0131 destekleyen politikalara hepimiz imzam\u0131z\u0131 atar\u0131z\u201d diye konu\u015ftu.<\/p>\n\n\n\n<p>KOB\u0130LER\u0130 AYAKTA TUTAN EKONOM\u0130 POL\u0130T\u0130KASINDAN YANAYIZ<\/p>\n\n\n\n<p>ATSO Ba\u015fkan\u0131 Ali Bahar, \u201cSay\u0131n Cumhurba\u015fkan\u0131 Yard\u0131mc\u0131m\u0131z ve Say\u0131n Hazine-Maliye Bakan\u0131m\u0131z yat\u0131r\u0131m ve ihracat\u0131 sonuna kadar destekleyeceklerini ifade ediyorlar. \u0130\u00e7 piyasaya \u00fcretim yapan firmalar\u0131m\u0131z\u0131n g\u00f6zden ka\u00e7mamas\u0131 gerekiyor. Hedef pazar\u0131m\u0131zdaki zay\u0131f b\u00fcy\u00fcme nedeniyle ihracat, i\u00e7 piyasan\u0131n bir alternatifi olmayacak\u201d dedi. 2024\u2019te Orta Vadeli Program\u2019da belirtilen ihracat art\u0131\u015f\u0131 hedefinin dolar baz\u0131nda y\u00fczde 4\u2019\u00fcn alt\u0131nda oldu\u011funu kaydeden Bahar, \u201cBu g\u00f6steriyor ki ihracat a\u015fa\u011f\u0131 yukar\u0131 yerinde sayacak. \u0130hracat b\u00fcy\u00fcmezken, i\u00e7 piyasay\u0131 daraltmak \u00e7ok say\u0131da firman\u0131n kapanmas\u0131na neden olabilir. Bunun i\u00e7in biz kademeli bir yava\u015flama, KOB\u0130\u2019leri ayakta tutan bir ekonomi politikas\u0131ndan yanay\u0131z\u201d diye konu\u015ftu.<\/p>\n\n\n\n<p>SANAY\u0130 ODAKLI VE DENGEL\u0130 B\u00dcY\u00dcME<\/p>\n\n\n\n<p>OVP\u2019de nitelikli \u00fcretimi vurgulayan Ba\u015fkan Ali Bahar, \u201cBizim gibi bir \u00fclkenin mutlaka ve mutlaka, her zaman istikrarl\u0131 ve y\u00fcksek oranl\u0131 bir sanayi b\u00fcy\u00fcmesine ihtiyac\u0131 var. Sanayi b\u00fcy\u00fcmezse, hizmetler bir \u00fclkeyi uzun s\u00fcre ayakta tutamaz. \u00c7\u00fcnk\u00fc hizmet sekt\u00f6rleri uzun d\u00f6nemde sanayi sekt\u00f6r\u00fcn\u00fcn performans\u0131na ba\u011fl\u0131d\u0131r. Sanayisi ile b\u00fcy\u00fcyen bir \u00fclkede b\u00fcy\u00fcme h\u0131z\u0131n\u0131n volatilitesi d\u00fc\u015f\u00fck olur. Yani \u00e7eyrekten \u00e7eyre\u011fe b\u00fcy\u00fcme oranlar\u0131 aras\u0131nda fazla fark olmaz. Bize bu gerekiyor. Yani biz sanayi odakl\u0131 ve dengeli b\u00fcy\u00fcmeyi \u00f6ng\u00f6ren bir ekonomi politikas\u0131 bekliyoruz. Bu anlamda OVP\u2019deki \u2018nitelikli \u00fcretim\u2019 vurgusunu \u00f6nemli g\u00f6r\u00fcyoruz. Herkesin yapt\u0131\u011f\u0131n\u0131 yapmak de\u011fil, katma de\u011feri y\u00fcksek, inovatif bir sanayi \u00fcretimine y\u00f6nelmemiz gerekiyor\u201d ifadelerini kulland\u0131.<\/p>\n\n\n\n<p>Antalya Ticaret ve Sanayi Odas\u0131 \/ B\u00fclten<\/p>\n","protected":false},"excerpt":{"rendered":"<p>ATSO Meclisinde her f\u0131rsatta s\u00fcrd\u00fcr\u00fclebilir ekonomiye dikkat \u00e7eken ATSO Y\u00f6netim Kurulu Ba\u015fkan\u0131 Ali Bahar, Hazine ve Maliye Bakan\u0131 Mehmet \u015eim\u015fek\u2019in yat\u0131r\u0131m, istihdam, \u00fcretim ve ihracat <a href=\"https:\/\/akdenizhaber.com.tr\/index.php\/2023\/12\/13\/baskan-bahar-surdurulebilir-buyumeyi-destekliyoruz\/\" class=\"read-more-link\">[more&#8230;]<\/a><\/p>\n","protected":false},"author":2,"featured_media":18633,"comment_status":"open","ping_status":"open","sticky":false,"template":"","format":"standard","meta":{"footnotes":""},"categories":[2],"tags":[],"class_list":["post-18632","post","type-post","status-publish","format-standard","has-post-thumbnail","hentry","category-gundem"],"_links":{"self":[{"href":"https:\/\/akdenizhaber.com.tr\/index.php\/wp-json\/wp\/v2\/posts\/18632","targetHints":{"allow":["GET"]}}],"collection":[{"href":"https:\/\/akdenizhaber.com.tr\/index.php\/wp-json\/wp\/v2\/posts"}],"about":[{"href":"https:\/\/akdenizhaber.com.tr\/index.php\/wp-json\/wp\/v2\/types\/post"}],"author":[{"embeddable":true,"href":"https:\/\/akdenizhaber.com.tr\/index.php\/wp-json\/wp\/v2\/users\/2"}],"replies":[{"embeddable":true,"href":"https:\/\/akdenizhaber.com.tr\/index.php\/wp-json\/wp\/v2\/comments?post=18632"}],"version-history":[{"count":0,"href":"https:\/\/akdenizhaber.com.tr\/index.php\/wp-json\/wp\/v2\/posts\/18632\/revisions"}],"wp:featuredmedia":[{"embeddable":true,"href":"https:\/\/akdenizhaber.com.tr\/index.php\/wp-json\/wp\/v2\/media\/18633"}],"wp:attachment":[{"href":"https:\/\/akdenizhaber.com.tr\/index.php\/wp-json\/wp\/v2\/media?parent=18632"}],"wp:term":[{"taxonomy":"category","embeddable":true,"href":"https:\/\/akdenizhaber.com.tr\/index.php\/wp-json\/wp\/v2\/categories?post=18632"},{"taxonomy":"post_tag","embeddable":true,"href":"https:\/\/akdenizhaber.com.tr\/index.php\/wp-json\/wp\/v2\/tags?post=18632"}],"curies":[{"name":"wp","href":"https:\/\/api.w.org\/{rel}","templated":true}]}}