{"id":18589,"date":"2023-12-12T12:05:13","date_gmt":"2023-12-12T09:05:13","guid":{"rendered":"https:\/\/akdenizhaber.com.tr\/?p=18589"},"modified":"2023-12-12T12:05:13","modified_gmt":"2023-12-12T09:05:13","slug":"antalyada-piyano-buyusu-ilgrandepiano","status":"publish","type":"post","link":"https:\/\/akdenizhaber.com.tr\/index.php\/2023\/12\/12\/antalyada-piyano-buyusu-ilgrandepiano\/","title":{"rendered":"Antalya&#8217;da Piyano B\u00fcy\u00fcs\u00fc: \u2018IlGrandePiano\u2019"},"content":{"rendered":"\n<p>23. Uluslararas\u0131 Antalya Piyano Festivali\u2019nin \u015fehir etkinlikleri kapsam\u0131nda muhte\u015fem performanslar\u0131yla \u2018IlGrandePiano Grubu\u2019, Antalya ve Alanyal\u0131larla bulu\u015ftu.&nbsp; Yere kurulan ve ayakla \u00e7al\u0131nan dev klavyeleri ile festivale renk katan \u2018Il Grade Piano Grubu\u2019, g\u00f6sterileriyle b\u00fcy\u00fck alk\u0131\u015f ald\u0131.<\/p>\n\n\n\n<p>Antalya ve Alanyal\u0131lar piyano sihirbazlar\u0131 olarak tan\u0131nan \u2018IlGrandePiano Grubu\u2019 ile b\u00fcy\u00fcl\u00fc bir bulu\u015fmaya \u015fahit oldu. Dev klavye \u00fczerinde ayakla \u00e7al\u0131nan m\u00fczikleri ile tan\u0131nan iki ki\u015filik dev kadro, Antalya ve Alanya\u2019da unutulmaz anlar ya\u015fatt\u0131.<\/p>\n\n\n\n<p>DEV KLAVYE \u00dcZER\u0130NDE DANS ETT\u0130LER<\/p>\n\n\n\n<p>23. Antalya Piyano Festivali&#8217;nin \u015fehir etkinlikleri kapsam\u0131nda hafta sonu ger\u00e7ekle\u015fen \u2018IlGrandePiano Grubu\u2019, ilk olarak Antalya Saat Kulesi \u00f6n\u00fcnde m\u00fczik tutkunlar\u0131 ile bulu\u015ftu. Yer \u00fczerine kurulu, tu\u015flar\u0131 yakla\u015f\u0131k bir metre uzunlu\u011funda devasa b\u00fcy\u00fckl\u00fckteki piyanoyu ayaklar\u0131yla \u00e7alan grup \u00fcyeleri m\u00fczik severlere muhte\u015fem bir g\u00f6steri sergiledi.<\/p>\n\n\n\n<p>ALANYA\u2019DA MUHTE\u015eEM G\u00d6STER\u0130<\/p>\n\n\n\n<p>\u2018IlGrandePiano Grubu\u2019 Alanya AlanyumAVM\u2019dede bir g\u00f6steri ger\u00e7ekle\u015ftirdi. Yerli ve yabanc\u0131 vatanda\u015flar\u0131n ilgi g\u00f6sterdi\u011fi etkinlikte dev klavye arac\u0131l\u0131\u011f\u0131yla birbirinden g\u00fczel eserleri seslendiren \u2018IlGrandePiano Grubu\u2019 klavye \u00fczerinde adeta dans ederek, unutulmaz anlar ya\u015fatt\u0131.<\/p>\n\n\n\n<p>M\u0130N\u0130KLER E\u015eL\u0130K ETT\u0130<\/p>\n\n\n\n<p>\u0130ki g\u00fcnl\u00fck g\u00f6sterilere \u00e7ocuklar da b\u00fcy\u00fck ilgi g\u00f6sterdi. \u2018IlGrandePiano Grubu\u2019 \u00e7ocuklara ritimle e\u015flik etti ve birlikte m\u00fczik \u00e7ald\u0131. Vatanda\u015flar, dev klavye \u00fczerindeki b\u00fcy\u00fcl\u00fc performans\u0131 izlemenin keyfini \u00e7\u0131kard\u0131. Grup \u00fcyeleri, Antalya ve Alanyal\u0131lara etkileyici g\u00f6sterisiyle unutulmaz anlar ya\u015fatt\u0131.<\/p>\n\n\n\n<p>600 M\u0130LYON G\u00d6R\u00dcNT\u00dcLEME<\/p>\n\n\n\n<p>Sosyal medyada g\u00f6sterileri 600 milyondan fazla g\u00f6r\u00fcnt\u00fclemeye ula\u015farak rekorlar kuran grup bug\u00fcne dek 20\u2019ye yak\u0131n \u00fclkede performanslar\u0131n\u0131 sergiledi ve milyonlarca m\u00fcziksevere ula\u015ft\u0131. Ge\u00e7en y\u0131lki festivalde de Antalya\u2019da muhte\u015fem etkinliklere imza atan \u2018IlGrandePiano Grubu\u2019nun ayn\u0131 anda birka\u00e7 ki\u015finin \u00e7alabildi\u011fi ve koreografilerle renklenen performanslar\u0131na izleyiciler de e\u015flik edebiliyor.<\/p>\n\n\n\n<p>Antalya B\u00fcy\u00fck\u015fehir Belediyesi \/ B\u00fclten<\/p>\n","protected":false},"excerpt":{"rendered":"<p>23. Uluslararas\u0131 Antalya Piyano Festivali\u2019nin \u015fehir etkinlikleri kapsam\u0131nda muhte\u015fem performanslar\u0131yla \u2018IlGrandePiano Grubu\u2019, Antalya ve Alanyal\u0131larla bulu\u015ftu.&nbsp; Yere kurulan ve ayakla \u00e7al\u0131nan dev klavyeleri ile festivale <a href=\"https:\/\/akdenizhaber.com.tr\/index.php\/2023\/12\/12\/antalyada-piyano-buyusu-ilgrandepiano\/\" class=\"read-more-link\">[more&#8230;]<\/a><\/p>\n","protected":false},"author":2,"featured_media":18590,"comment_status":"open","ping_status":"open","sticky":false,"template":"","format":"standard","meta":{"footnotes":""},"categories":[2],"tags":[],"class_list":["post-18589","post","type-post","status-publish","format-standard","has-post-thumbnail","hentry","category-gundem"],"_links":{"self":[{"href":"https:\/\/akdenizhaber.com.tr\/index.php\/wp-json\/wp\/v2\/posts\/18589","targetHints":{"allow":["GET"]}}],"collection":[{"href":"https:\/\/akdenizhaber.com.tr\/index.php\/wp-json\/wp\/v2\/posts"}],"about":[{"href":"https:\/\/akdenizhaber.com.tr\/index.php\/wp-json\/wp\/v2\/types\/post"}],"author":[{"embeddable":true,"href":"https:\/\/akdenizhaber.com.tr\/index.php\/wp-json\/wp\/v2\/users\/2"}],"replies":[{"embeddable":true,"href":"https:\/\/akdenizhaber.com.tr\/index.php\/wp-json\/wp\/v2\/comments?post=18589"}],"version-history":[{"count":0,"href":"https:\/\/akdenizhaber.com.tr\/index.php\/wp-json\/wp\/v2\/posts\/18589\/revisions"}],"wp:featuredmedia":[{"embeddable":true,"href":"https:\/\/akdenizhaber.com.tr\/index.php\/wp-json\/wp\/v2\/media\/18590"}],"wp:attachment":[{"href":"https:\/\/akdenizhaber.com.tr\/index.php\/wp-json\/wp\/v2\/media?parent=18589"}],"wp:term":[{"taxonomy":"category","embeddable":true,"href":"https:\/\/akdenizhaber.com.tr\/index.php\/wp-json\/wp\/v2\/categories?post=18589"},{"taxonomy":"post_tag","embeddable":true,"href":"https:\/\/akdenizhaber.com.tr\/index.php\/wp-json\/wp\/v2\/tags?post=18589"}],"curies":[{"name":"wp","href":"https:\/\/api.w.org\/{rel}","templated":true}]}}