{"id":18585,"date":"2023-12-12T12:03:08","date_gmt":"2023-12-12T09:03:08","guid":{"rendered":"https:\/\/akdenizhaber.com.tr\/?p=18585"},"modified":"2023-12-12T12:03:08","modified_gmt":"2023-12-12T09:03:08","slug":"finike-baraji-hizmete-girdi","status":"publish","type":"post","link":"https:\/\/akdenizhaber.com.tr\/index.php\/2023\/12\/12\/finike-baraji-hizmete-girdi\/","title":{"rendered":"Finike Baraj\u0131 Hizmete Girdi\u00a0\u00a0\u00a0\u00a0"},"content":{"rendered":"\n<p><\/p>\n\n\n\n<p><br>Cumhurba\u015fkan\u0131 Recep Tayyip Erdo\u011fan aralar\u0131nda Antalya Finike-Kap\u0131\u00e7ay Baraj\u0131n\u0131n da oldu\u011fu DS\u0130\u2019nin 369 yeni tesisinin a\u00e7\u0131l\u0131\u015f\u0131n\u0131 ger\u00e7ekle\u015ftirdi. Kap\u0131\u00e7ay Baraj\u0131 y\u0131ll\u0131k 5 milyon KW saat elektrik \u00fcreterek ekonomiye y\u0131lda 350 milyon lira katk\u0131 sa\u011flayacak.<\/p>\n\n\n\n<p><br>Cumhurba\u015fkan\u0131 Recep Tayyip Erdo\u011fan, Be\u015ftepe Millet Kongre ve K\u00fclt\u00fcr Merkezi\u2019nde, video konferans y\u00f6ntemi ile DS\u0130 taraf\u0131ndan tamamlanan Antalya Finike Baraj\u0131\u2019n\u0131n a\u00e7\u0131l\u0131\u015f\u0131n\u0131 ger\u00e7ekle\u015ftirdi. Yap\u0131m\u0131 tamamlanan baraj ile 18 Bin 700 dekar tar\u0131m arazisinin ve portakal bah\u00e7elerinin sulama suyu ihtiyac\u0131n\u0131n kar\u015f\u0131lanaca\u011f\u0131 belirtildi.<\/p>\n\n\n\n<p><br>Cumhurba\u015fkan\u0131n\u0131n canl\u0131 yay\u0131nla ba\u011fland\u0131\u011f\u0131 Kap\u0131\u00e7ay Baraj\u0131ndaki a\u00e7\u0131l\u0131\u015f t\u00f6renine Vali Hulusi \u015eahin, Tar\u0131m Orman Bakan Yard\u0131mc\u0131s\u0131 Prof. Dr. Ahmet G\u00fcmen, Antalya Milletvekilleri; Tuba Vural \u00c7okal, Atay Uslu, Kemal \u00c7elik, Mustafa K\u00f6se, Finike Kaymakam\u0131 Musa Kaz\u0131m \u00c7elik, Antalya DS\u0130 B\u00f6lge M\u00fcd\u00fcr\u00fc \u00d6zhan Erdan\u0131\u015fman ve \u00e7ok say\u0131da vatanda\u015f kat\u0131ld\u0131.<\/p>\n\n\n\n<p><br>Y\u0131ll\u0131k 5 Milyon KW Saat Elektrik \u00dcretecek<br>A\u00e7\u0131l\u0131\u015fta konu\u015fan Cumhurba\u015fkan\u0131 Recep Tayyip Erdo\u011fan, \u201cBug\u00fcn art\u0131k geleneksel hale getirdi\u011fimiz DS\u0130 taraf\u0131ndan ger\u00e7ekle\u015ftirilen yat\u0131r\u0131mlar\u0131n toplu a\u00e7\u0131l\u0131\u015f\u0131 vesilesiyle bir araday\u0131z. Tek seferde toplam yat\u0131r\u0131m bedeli 53 milyar liray\u0131 bulan hizmetlerin, DS\u0130\u2019nin 369 yeni tesisinin a\u00e7\u0131l\u0131\u015f\u0131n\u0131 yap\u0131yoruz. Antalya Finike-Kap\u0131\u00e7ay Baraj\u0131, y\u0131ll\u0131k 5 milyon KW saat elektrik \u00fcretecek. Bu tesisin ekonomiye katk\u0131s\u0131 350 milyon liray\u0131 buluyor.\u201d dedi.<\/p>\n\n\n\n<p><br>T\u00fcrkiye\u2019nin Bo\u015fa Harcanacak 1 Damla Dahi Suyu Yoktur<br>T\u00fcrkiye\u2019nin g\u0131da g\u00fcvenli\u011fini garantiye alma yolunun su kaynaklar\u0131n\u0131 g\u00fcvenli ve etkin bir \u015fekilde kullanmaktan ge\u00e7ti\u011fine vurgu yapan Cumhurba\u015fkan\u0131 Erdo\u011fan; \u201cBiz yayg\u0131n kanaatin aksine su zengini bir \u00fclke de\u011filiz. Y\u0131ll\u0131k ortalama 574 mm ya\u011f\u0131\u015f miktar\u0131 ile d\u00fcnya ortalamas\u0131 alt\u0131nda ya\u011f\u0131\u015f almam\u0131za ra\u011fmen hassasiyetimizi s\u00fcrd\u00fcr\u00fcyoruz. T\u00fcrkiye\u2019nin bo\u015fa harcanacak 1 damla dahi suyu yoktur. Hele hele su kaynaklar\u0131m\u0131z\u0131 kirletmek, ihanete e\u015fde\u011ferdir. Sular\u0131m\u0131z\u0131 verimli kullanmal\u0131, kaynaklar\u0131m\u0131z\u0131 do\u011fru y\u00f6netmeliyiz. \u0130\u015fte evde, bah\u00e7ede, tarlada ve g\u00fcnl\u00fck hayat\u0131m\u0131zla alaca\u011f\u0131m\u0131z basit tedbirlerle su israf\u0131n\u0131n \u00f6n\u00fcne basit\u00e7e ge\u00e7ebiliriz. Buradan 85 milyonun her bir ferdini \u20181 Damla da Sen Ol\u2019 parolas\u0131yla y\u00fcr\u00fctt\u00fc\u011f\u00fcm\u00fcz su seferberli\u011fimize destek olmaya \u00e7a\u011f\u0131r\u0131yorum.\u201d \u015feklinde konu\u015ftu.<\/p>\n\n\n\n<p>Finike Belediyesi \/ B\u00fclten<\/p>\n","protected":false},"excerpt":{"rendered":"<p>Cumhurba\u015fkan\u0131 Recep Tayyip Erdo\u011fan aralar\u0131nda Antalya Finike-Kap\u0131\u00e7ay Baraj\u0131n\u0131n da oldu\u011fu DS\u0130\u2019nin 369 yeni tesisinin a\u00e7\u0131l\u0131\u015f\u0131n\u0131 ger\u00e7ekle\u015ftirdi. Kap\u0131\u00e7ay Baraj\u0131 y\u0131ll\u0131k 5 milyon KW saat elektrik \u00fcreterek <a href=\"https:\/\/akdenizhaber.com.tr\/index.php\/2023\/12\/12\/finike-baraji-hizmete-girdi\/\" class=\"read-more-link\">[more&#8230;]<\/a><\/p>\n","protected":false},"author":2,"featured_media":18586,"comment_status":"open","ping_status":"open","sticky":false,"template":"","format":"standard","meta":{"footnotes":""},"categories":[2],"tags":[],"class_list":["post-18585","post","type-post","status-publish","format-standard","has-post-thumbnail","hentry","category-gundem"],"_links":{"self":[{"href":"https:\/\/akdenizhaber.com.tr\/index.php\/wp-json\/wp\/v2\/posts\/18585","targetHints":{"allow":["GET"]}}],"collection":[{"href":"https:\/\/akdenizhaber.com.tr\/index.php\/wp-json\/wp\/v2\/posts"}],"about":[{"href":"https:\/\/akdenizhaber.com.tr\/index.php\/wp-json\/wp\/v2\/types\/post"}],"author":[{"embeddable":true,"href":"https:\/\/akdenizhaber.com.tr\/index.php\/wp-json\/wp\/v2\/users\/2"}],"replies":[{"embeddable":true,"href":"https:\/\/akdenizhaber.com.tr\/index.php\/wp-json\/wp\/v2\/comments?post=18585"}],"version-history":[{"count":0,"href":"https:\/\/akdenizhaber.com.tr\/index.php\/wp-json\/wp\/v2\/posts\/18585\/revisions"}],"wp:featuredmedia":[{"embeddable":true,"href":"https:\/\/akdenizhaber.com.tr\/index.php\/wp-json\/wp\/v2\/media\/18586"}],"wp:attachment":[{"href":"https:\/\/akdenizhaber.com.tr\/index.php\/wp-json\/wp\/v2\/media?parent=18585"}],"wp:term":[{"taxonomy":"category","embeddable":true,"href":"https:\/\/akdenizhaber.com.tr\/index.php\/wp-json\/wp\/v2\/categories?post=18585"},{"taxonomy":"post_tag","embeddable":true,"href":"https:\/\/akdenizhaber.com.tr\/index.php\/wp-json\/wp\/v2\/tags?post=18585"}],"curies":[{"name":"wp","href":"https:\/\/api.w.org\/{rel}","templated":true}]}}