{"id":18582,"date":"2023-12-11T15:24:55","date_gmt":"2023-12-11T12:24:55","guid":{"rendered":"https:\/\/akdenizhaber.com.tr\/?p=18582"},"modified":"2023-12-11T15:24:56","modified_gmt":"2023-12-11T12:24:56","slug":"mhpden-aday-adayi-salih-ciftcimanavgatin-hak-ettigi-yere-gelmesi-icin-canla-basla-calisacagim","status":"publish","type":"post","link":"https:\/\/akdenizhaber.com.tr\/index.php\/2023\/12\/11\/mhpden-aday-adayi-salih-ciftcimanavgatin-hak-ettigi-yere-gelmesi-icin-canla-basla-calisacagim\/","title":{"rendered":"MHP\u2019den aday aday\u0131 Salih \u00c7iftci;\u2018Manavgat\u2019\u0131n hak etti\u011fi yere gelmesi i\u00e7in canla ba\u015fla \u00e7al\u0131\u015faca\u011f\u0131m\u2019"},"content":{"rendered":"\n<p><\/p>\n\n\n\n<p><\/p>\n\n\n\n<p>Manavgat\u2019\u0131n sevilen i\u015f adamlar\u0131ndan, \u00f6nceki d\u00f6nem MHP \u0130l Y\u00f6netim Kurulu \u00dcyesi Salih \u00c7iftci Manavgat Belediye Ba\u015fkan Aday Adayl\u0131\u011f\u0131 ba\u015fvurusunu yapt\u0131. Ba\u015fvuru evraklar\u0131n\u0131 Milliyet\u00e7i Hareket Partisi (MHP) Genel Merkezinde Yerel Y\u00f6netimlerden Sorumlu Genel Ba\u015fkan Yard\u0131mc\u0131s\u0131 Sadir Durmaz\u2019a teslim eden \u00c7iftci, MHP Genel Ba\u015fkan\u0131 Dr. Devlet Bah\u00e7eli\u2019den hay\u0131r duas\u0131 ile yola \u00e7\u0131kt\u0131.<\/p>\n\n\n\n<p>Dr. Devlet Bah\u00e7eli\u2019nin hay\u0131r duas\u0131 ile yola \u00e7\u0131kt\u0131<\/p>\n\n\n\n<p>Manavgat\u2019ta MHP taban\u0131 olmak \u00fczere i\u015f ve siyaset d\u00fcnyas\u0131n\u0131n etkin isimlerinden \u0130\u015f insan\u0131, Salih \u00c7iftci, ara vermeden siyasi \u00e7al\u0131\u015fmalar\u0131n\u0131 s\u00fcrd\u00fcr\u00fcyor. Milliyet\u00e7i Hareket Partisi\u2019nde yerel se\u00e7imler i\u00e7in haz\u0131rl\u0131klar h\u0131z kesmeden devam ederken Manavgat\u2019ta e\u011fitim, spor ve i\u015f camias\u0131 taraf\u0131ndan \u00f6zellikle yakinen tan\u0131nan Salih \u00c7iftci, 31 Mart tarihinde yap\u0131lacak olan yerel se\u00e7imler i\u00e7in aday adayl\u0131\u011f\u0131 ba\u015fvurusunu yapt\u0131.<\/p>\n\n\n\n<p>\u2018Manavgat\u2019\u0131n hak etti\u011fi yere gelmesi i\u00e7in canla ba\u015fla \u00e7al\u0131\u015faca\u011f\u0131m\u2019<\/p>\n\n\n\n<p>Partisinin genel merkezine giden \u0130\u015f insan\u0131 Salih \u00c7iftci, MHP Yerel Y\u00f6netimlerden Sorumlu Genel Ba\u015fkan Yard\u0131mc\u0131s\u0131 Sadir Durmaz\u2019a adayl\u0131k ba\u015fvuru dosyas\u0131n\u0131 teslim ederek bir tak\u0131m g\u00f6r\u00fc\u015fmeler yapt\u0131. Daha sonra MHP Lideri Devlet Bah\u00e7eli\u2019yi de ziyaret eden MHP Manavgat Belediye Ba\u015fkan Aday Aday\u0131 Salih \u00c7iftci, Devlet Bah\u00e7eli\u2019ye Cumhuriyet\u2019in 100. Y\u0131l\u0131na \u00f6zel haz\u0131rlad\u0131\u011f\u0131&nbsp;\u201cManavgat\u2019ta 100. Y\u0131l Co\u015fkusu\u201d&nbsp;isimli kitab\u0131n\u0131 hediye etti. Devlet Bah\u00e7eli\u2019nin elini \u00f6p\u00fcp hay\u0131r duas\u0131n\u0131 ald\u0131\u011f\u0131n\u0131 s\u00f6yleyen Salih \u00c7iftci, Manavgat\u2019a birlik ve beraberlik getirece\u011fini, Manavgat\u2019\u0131n hak etti\u011fi yere gelmesi i\u00e7in canla ba\u015fla \u00e7al\u0131\u015faca\u011f\u0131n\u0131 dile getirdi.<\/p>\n\n\n\n<p>\u2018Oca\u011f\u0131m\u0131z\u0131n ate\u015fini Cumhur \u0130ttifak\u0131 ruhuyla Manavgat\u2019ta yeniden yakaca\u011f\u0131z\u2019<\/p>\n\n\n\n<p>31 Mart yerel se\u00e7imde yeni bir d\u00f6nem i\u00e7in ilk ad\u0131m\u0131 att\u0131klar\u0131n\u0131 ifade eden Salih \u00c7iftci, Cumhur \u0130ttifak\u0131n\u0131n kazanmas\u0131 i\u00e7in elinden gelen gayreti g\u00f6sterece\u011fini s\u00f6yledi.<\/p>\n\n\n\n<p>Salih \u00c7iftci,&nbsp;\u201cAziz memleketimizin istikbali i\u00e7in \u00e7al\u0131\u015fma ve m\u00fccadele etme yolunda g\u00f6n\u00fcl sofran\u0131za ve hay\u0131r dualar\u0131n\u0131za talip oldu\u011fumu ifade ediyorum. Bilge Liderimiz Dr. Devlet Bah\u00e7eli\u2019nin; \u201cOrtak inan\u00e7 ve \u015fuurla, kutlu \u00fclk\u00fcler do\u011frultusunda kenetlenmi\u015f iman neferleriyiz ve T\u00fcrkiye\u2019nin a\u015f\u0131lamayacak, hisarlar\u0131 y\u0131k\u0131lamayacak irade kalesiyiz\u201d s\u00f6z\u00fcnden ald\u0131\u011f\u0131m\u0131z ilhamla yola \u00e7\u0131k\u0131yoruz. \u00dclk\u00fcs\u00fcyle b\u00fcy\u00fcd\u00fc\u011f\u00fcm \u015fanl\u0131 davam\u0131z\u0131n bir par\u00e7as\u0131 olarak yerel se\u00e7imlerde be\u015fi\u011fimiz, ota\u011f\u0131m\u0131z ve yuvam\u0131z olan Milliyet\u00e7i Hareket Partisi, Cumhur \u0130ttifak\u0131 ile beraber Manavgat\u2019ta yeniden bayra\u011f\u0131 eline alacak. Ve Mustafa Kemal Atat\u00fcrk\u2019\u00fcn de dedi\u011fi gibi; \u2018Uygarl\u0131k yolunda ba\u015far\u0131 yenile\u015fmeye ba\u011fl\u0131d\u0131r\u2019. Uygar bir kent \u00fclk\u00fcs\u00fc ile yenile\u015fmeye, yeniden Milliyet\u00e7i Hareket Partisi\u2019ne diyerek oca\u011f\u0131m\u0131z\u0131n ate\u015fini Cumhur \u0130ttifak\u0131 ruhuyla Manavgat\u2019ta yeniden yakaca\u011f\u0131z\u201d&nbsp;dedi.<\/p>\n\n\n\n<p>\u2018Cumhur \u0130ttifak\u0131yla Manavgat\u2019\u0131 hak etti\u011fi yerlere getirece\u011fiz\u2019<\/p>\n\n\n\n<p>Manavgat\u2019a hak etti\u011fi de\u011ferleri yeniden kazand\u0131raca\u011f\u0131n\u0131 ifade eden \u00c7iftci,&nbsp;\u201cDerdimiz ve davam\u0131z siyasi bir mevzi kazanman\u0131n \u00e7ok \u00f6tesinde, tarihimizin, ecdad\u0131m\u0131z\u0131n ve \u00fclk\u00fcm\u00fcz\u00fcn bizlere y\u00fckledi\u011fi sorumluluk gere\u011fi Manavgat\u2019\u0131m\u0131z i\u00e7in gece g\u00fcnd\u00fcz demeden, y\u0131lmadan ve yorulmadan \u00e7al\u0131\u015fmak, \u015fehrimizi tepeden t\u0131rna\u011fa kalk\u0131nd\u0131rmak, t\u00fcm \u015fehirlerimize \u00f6rnek olacak bir yerel y\u00f6netim modelini gururla sergilemektir. Cumhur ittifak\u0131 olarak \u00fcretken, b\u00fcy\u00fcyen ve geli\u015fen, hizmet odakl\u0131 \u015feffaf ve g\u00f6n\u00fcl belediyecili\u011fi ad\u0131 alt\u0131nda hizmet sunmakt\u0131r. Daha ya\u015fanabilir, tercih edilen bir kent haline getirmektir. Cumhur \u0130ttifak\u0131 ruhuyla Manavgat\u2019ta Milliyet\u00e7i Hareket Partisi\u2019ni g\u00fc\u00e7lendirece\u011fiz. T\u00fcm ge\u00e7mi\u015f de\u011ferlerimiz ile birlikte \u00e7al\u0131\u015farak Cumhur \u0130ttifak\u0131yla Manavgat\u2019\u0131 hak etti\u011fi yerlere getirece\u011fiz.\u201d ifadelerini kulland\u0131.<\/p>\n\n\n\n<p>Salih \u00c7iftcikimdir ?<\/p>\n\n\n\n<p>\u0130lk, Orta ve Lise e\u011fitimini Manavgat\u2019 ta tamamlam\u0131\u015ft\u0131r. 1997 y\u0131l\u0131nda S\u00fcleyman Demirel \u00dcniversitesi\u2019nde \u0130\u015fletme B\u00f6l\u00fcm\u00fcn\u00fc bitirmi\u015f olup, 2003 y\u0131l\u0131nda Anadolu. \u00dcniversitesi \u0130ktisadi ve \u0130dari Bilimler Fak\u00fcltesi\u2019nde y\u00fcksek\u00f6\u011frenimini tamamlam\u0131\u015ft\u0131r.<\/p>\n\n\n\n<p>Sakarya \u00dcniversitesi\u2019nde Ba\u011f\u0131ms\u0131z Denetmen Belgesini alarak Mali Denet\u00e7ilik yapmaktad\u0131r. Manavgat\u2019ta \u00e7ok say\u0131da i\u015fletmeye de Mali M\u00fc\u015favirlik hizmeti vermektedir. Kurmu\u015f oldu\u011fu firmalarla in\u015faat, tekstil, sigorta ve kimya sekt\u00f6r\u00fcnde grup \u015firketler sahibi olarak, yerelde \u00f6nde gelen firmalar aras\u0131nda yer almaktad\u0131r. Manavgat\u2019ta 2010-2013 y\u0131llar\u0131 aras\u0131nda Sar\u0131lar Belediyesi Futbol Spor Kul\u00fcb\u00fc Ba\u015fkanl\u0131\u011f\u0131, Manavgat Mali M\u00fc\u015favirler Odas\u0131\u2019nda y\u00f6netim kurulu \u00fcyeli\u011fi yapmakta olup, bir\u00e7ok sosyal sorumluluk ve k\u00fclt\u00fcrel destek projelerini ger\u00e7ekle\u015ftirmi\u015ftir.<\/p>\n\n\n\n<p>Yerel Kurum ve Kurulu\u015flarla i\u015fbirli\u011fi yap\u0131larak, Manavgat il\u00e7emizde \u00f6zellikle e\u011fitim \u00fczerinde etkinlikler d\u00fczenleyip, \u00e7e\u015fitli alanlarda \u00f6d\u00fcll\u00fc yar\u0131\u015fmalar, e\u011fitim yard\u0131mlar\u0131, proje ve programlar yaparak, kal\u0131c\u0131 eserler \u00fcretmi\u015ftir.<\/p>\n\n\n\n<p>28 y\u0131ld\u0131r siyasetin i\u00e7erisinde aktif olarak g\u00f6rev alm\u0131\u015ft\u0131r. 2009-2014 y\u0131llar\u0131 aras\u0131nda Manavgat Belediyesi Meclis \u00dcyesi, 2010 y\u0131l\u0131nda Manavgat \u0130l\u00e7e Te\u015fkilat\u0131 Kurucular Kurulu \u00dcyesi ve Manavgat \u0130l\u00e7e Y\u00f6netim Kurulu Muhasip \u00dcyesi, 2015 y\u0131l\u0131nda Manavgat \u0130l\u00e7e Y\u00f6netim Kurulu Ba\u015fkan Yard\u0131mc\u0131s\u0131, 2016 y\u0131l\u0131nda Antalya \u0130l Kurucular Kurulu \u00dcyesi ve Antalya \u0130l Y\u00f6netim Kurulu \u00dcyesi, 2017 y\u0131l\u0131nda Antalya \u0130l Y\u00f6netim Kurulu \u00dcyesi ve Genel Merkez \u00dcst Kurul Delegesi, 2019 y\u0131l\u0131nda Antalya Manavgat Belediye Ba\u015fkan Aday Aday\u0131 ve 2020 Genel Merkez MYK Aday Adayl\u0131\u011f\u0131 yapm\u0131\u015ft\u0131r.<\/p>\n\n\n\n<p>Uzakdo\u011fu, Afrika ve Avrupa \u00fclkeleri ba\u015fta olmak \u00fczere 22 yurtd\u0131\u015f\u0131 i\u015f gezisi yapan&nbsp;Salih \u00c7iftci,&nbsp;Almanca ve \u0130ngilizce biliyor.&nbsp;\u00c7iftci, 1977 Manavgat do\u011fumlu evli ve iki \u00e7ocuk babas\u0131d\u0131r.<\/p>\n\n\n\n<p>(Haber Merkezi)<\/p>\n","protected":false},"excerpt":{"rendered":"<p>Manavgat\u2019\u0131n sevilen i\u015f adamlar\u0131ndan, \u00f6nceki d\u00f6nem MHP \u0130l Y\u00f6netim Kurulu \u00dcyesi Salih \u00c7iftci Manavgat Belediye Ba\u015fkan Aday Adayl\u0131\u011f\u0131 ba\u015fvurusunu yapt\u0131. Ba\u015fvuru evraklar\u0131n\u0131 Milliyet\u00e7i Hareket Partisi <a href=\"https:\/\/akdenizhaber.com.tr\/index.php\/2023\/12\/11\/mhpden-aday-adayi-salih-ciftcimanavgatin-hak-ettigi-yere-gelmesi-icin-canla-basla-calisacagim\/\" class=\"read-more-link\">[more&#8230;]<\/a><\/p>\n","protected":false},"author":2,"featured_media":18583,"comment_status":"open","ping_status":"open","sticky":false,"template":"","format":"standard","meta":{"footnotes":""},"categories":[2],"tags":[],"class_list":["post-18582","post","type-post","status-publish","format-standard","has-post-thumbnail","hentry","category-gundem"],"_links":{"self":[{"href":"https:\/\/akdenizhaber.com.tr\/index.php\/wp-json\/wp\/v2\/posts\/18582","targetHints":{"allow":["GET"]}}],"collection":[{"href":"https:\/\/akdenizhaber.com.tr\/index.php\/wp-json\/wp\/v2\/posts"}],"about":[{"href":"https:\/\/akdenizhaber.com.tr\/index.php\/wp-json\/wp\/v2\/types\/post"}],"author":[{"embeddable":true,"href":"https:\/\/akdenizhaber.com.tr\/index.php\/wp-json\/wp\/v2\/users\/2"}],"replies":[{"embeddable":true,"href":"https:\/\/akdenizhaber.com.tr\/index.php\/wp-json\/wp\/v2\/comments?post=18582"}],"version-history":[{"count":0,"href":"https:\/\/akdenizhaber.com.tr\/index.php\/wp-json\/wp\/v2\/posts\/18582\/revisions"}],"wp:featuredmedia":[{"embeddable":true,"href":"https:\/\/akdenizhaber.com.tr\/index.php\/wp-json\/wp\/v2\/media\/18583"}],"wp:attachment":[{"href":"https:\/\/akdenizhaber.com.tr\/index.php\/wp-json\/wp\/v2\/media?parent=18582"}],"wp:term":[{"taxonomy":"category","embeddable":true,"href":"https:\/\/akdenizhaber.com.tr\/index.php\/wp-json\/wp\/v2\/categories?post=18582"},{"taxonomy":"post_tag","embeddable":true,"href":"https:\/\/akdenizhaber.com.tr\/index.php\/wp-json\/wp\/v2\/tags?post=18582"}],"curies":[{"name":"wp","href":"https:\/\/api.w.org\/{rel}","templated":true}]}}